{"id":231657,"date":"2026-09-03T17:51:16","date_gmt":"2026-09-03T17:51:16","guid":{"rendered":"https:\/\/www.europesays.com\/hu\/231657\/"},"modified":"2026-09-03T17:51:16","modified_gmt":"2026-09-03T17:51:16","slug":"index-kultur-a-felesege-visszatert-de-lehet-hogy-mar-egy-idegen-leny","status":"publish","type":"post","link":"https:\/\/www.europesays.com\/hu\/231657\/","title":{"rendered":"Index &#8211; Kult\u00far &#8211; A feles\u00e9ge visszat\u00e9rt, de lehet, hogy m\u00e1r egy idegen l\u00e9ny"},"content":{"rendered":"<p>\n                          A <a href=\"https:\/\/index.hu\/kultur\/2026\/08\/31\/velencei-filmfesztival-magyar-jelenlet\/\" id=\"hyperlink_584234218fe133d8681a7811ca47d0cb\" target=\"_self\" rel=\"nofollow noopener\">83. Velencei Nemzetk\u00f6zi Filmfesztiv\u00e1lon<\/a> l\u00e1thattuk Horv\u00e1t Lili els\u0151 angol nyelv\u0171 alkot\u00e1s\u00e1t, a <a href=\"https:\/\/index.hu\/kultur\/2026\/07\/22\/velencei-nemzetkozi-filmfesztival-horvat-lili-jegyzeteim-a-marsrol-debutalas\/\" id=\"hyperlink_290690f9aaaca823ac0b185a1846f71d\" target=\"_self\" rel=\"nofollow noopener\">Jegyzeteim a Marsr\u00f3l<\/a>t. A produkci\u00f3t a Giornate degli Autori (Venice Days) versenyprogramj\u00e1nak nyit\u00f3filmjek\u00e9nt mutatt\u00e1k be,\u00a0a k\u00f6z\u00f6ns\u00e9g soraiban \u2013\u00a0a rendez\u0151 mellett\u00a0\u2013 a k\u00e9t vil\u00e1gh\u00edr\u0171 f\u0151szerepl\u0151, Mackenzie Davis \u00e9s Rupert Friend is jelen voltak. Kritika k\u00f6vetkezik.\n                        <\/p>\n<p>                        M\u00e1r megint itt van a szerelem<\/p>\n<p>Nem esett messze az alma a f\u00e1j\u00e1t\u00f3l. Ezzel a meglehet\u0151sen rossz fr\u00e1zissal csup\u00e1n annyit szeretn\u00e9k mondani, hogy Horv\u00e1t Lili maradt legut\u00f3bbi t\u00e9m\u00e1j\u00e1n\u00e1l: a szerelemn\u00e9l. A filmrajong\u00f3k m\u00e9g biztosan eml\u00e9keznek legut\u00f3bbi, 2020-ban bemutatott, Felk\u00e9sz\u00fcl\u00e9s meghat\u00e1rozatlan ideig tart\u00f3 egy\u00fcttl\u00e9tre c\u00edm\u0171 filmj\u00e9re, amelyben szint\u00e9n a szerelem, a p\u00e1rkapcsolatok, a v\u00e1gy \u00e9s szenved\u00e9ly t\u00e9mak\u00f6r\u00e9t j\u00e1rta k\u00f6r\u00fcl. \u00dagy t\u0171nik h\u00e1t, hogy m\u00e9g mindig nem mondott el mindent, amit err\u0151l el szeretett volna nek\u00fcnk. \u00c9s tudjuk, hogy szinte kimer\u00edthetetlen k\u00e9rd\u00e9sk\u00f6rr\u0151l van sz\u00f3.<\/p>\n<p>Most a rendez\u0151n\u0151 m\u00e9g legut\u00f3bbi filmj\u00e9n\u00e9l is (nem pejorat\u00edv \u00e9rtelemben)\u00a0elvontabb t\u00f6rt\u00e9nettel \u00e1llt el\u0151. Egy k\u00f6zel k\u00e9t\u00f3r\u00e1s, korunk viszonyaihoz k\u00e9pest meditat\u00edv alleg\u00f3ri\u00e1val, amelynek a megtekint\u00e9se ut\u00e1n sokkal t\u00f6bb k\u00e9rd\u00e9s\u00fcnk marad, mint els\u0151 blikkre hinn\u00e9nk. Miut\u00e1n megn\u00e9zt\u00fck a\u00a0Jegyzeteim a Marsr\u00f3lt, komolyan el kell gondolkodnunk azon,\n                        <\/p>\n<p>                        hogyan lehet j\u00f3l szeretni a m\u00e1sikat,<br \/>\n                        mik\u00e9nt lehet \u00fajra\u00e9leszteni egy megf\u00e1radt kapcsolatot.<\/p>\n<p>K\u00f6zponti k\u00e9rd\u00e9se pedig nem m\u00e1s, mint hogy a a szerelem seg\u00edts\u00e9g\u00e9vel lek\u00fczdhet\u0151-e a kapcsolatban l\u00e9v\u0151k k\u00f6z\u00f6tt \u00f3hatatlanul megjelen\u0151 \u00e9s olykor jelen l\u00e9v\u0151 (jelent\u0151s) t\u00e1vols\u00e1g. De \u00e9rdemben foglalkozik a nemi szerepekkel is: a macs\u00f3s\u00e1g vagy az \u00e9rz\u00e9kenys\u00e9g diadalmaskodik \u201ea szerelmi p\u00e1rviadalban\u201d?<\/p>\n<p>                        Mi t\u00f6rt\u00e9nik itt?\u00a0<\/p>\n<p>Horv\u00e1t Lili filmje egyszerre romantikus dr\u00e1ma \u00e9s sci-fi. A sztori szerint Margot (Mackenzie Davis), a h\u00e1zass\u00e1gi probl\u00e9m\u00e1kkal k\u00fczd\u0151 fiatal amerikai \u0171rkutat\u00f3 megmagyar\u00e1zhatatlan m\u00f3don elt\u0171nik, mik\u00f6zben a f\u00e9rj\u00e9vel, Sammel (Rupert Friend) \u00e9s bar\u00e1taival az Alpokban t\u00far\u00e1zik. Margot p\u00e1r h\u00e9ttel k\u00e9s\u0151bb felbukkan az eml\u00e9k\u00e9re szervezett b\u00facs\u00faztat\u00f3n. Semmire sem eml\u00e9kszik kor\u00e1bbi \u00e9let\u00e9b\u0151l, egyed\u00fcl a Mars-kutat\u00e1sr\u00f3l sz\u00f3l\u00f3 jegyzeteire, amelyeket k\u00e9ts\u00e9gbeesetten meg akar semmis\u00edteni. A n\u0151 megv\u00e1ltozik, eml\u00e9kei tovasz\u00e1llnak, \u00e9s nem ugyanaz, mint azel\u0151tt, Sam m\u00e9gis a szerelm\u00fck m\u00e1sodik es\u00e9lyek\u00e9nt tekint a feles\u00e9ge visszat\u00e9r\u00e9s\u00e9re \u00e9s a k\u00f6zt\u00fck be\u00e1llt, lek\u00fczdhetetlennek t\u0171n\u0151 t\u00e1vols\u00e1gra.\u00a0<\/p>\n<p>Vajon mi t\u00f6rt\u00e9nt Margottal? Meghalt \u00e9s egy, a Marsr\u00f3l sz\u00e1rmaz\u00f3 idegen b\u00fajt a b\u0151r\u00e9be? Mire j\u00f6tt r\u00e1, mi az a tudom\u00e1nyos felfedez\u00e9s, ami ezt a helyzetet el\u0151id\u00e9zte? Hogyan t\u00e9rhetett vissza? \u00c1tl\u00e9pte a csillagkapukat? Mi t\u00f6rt\u00e9nik a film v\u00e9g\u00e9n? A nem h\u00e9tk\u00f6znapi t\u00f6rt\u00e9net megtekint\u00e9se ut\u00e1n sz\u00e1mtalan k\u00e9rd\u00e9s\u00fcnk marad.<\/p>\n<p>De \u00fagy \u00e9rzem, \u00fagy l\u00e1tom, hogy az alkot\u00e1s l\u00e9nyege ebben \u00e1ll: nem ad v\u00e1laszokat, elhallgat. Az \u0171rt (a F\u00f6ld \u00e9s a Mars k\u00f6z\u00f6tt) nek\u00fcnk kell kit\u00f6lten\u00fcnk.<\/p>\n<p>Gondolkodnunk kell. Ez a rendez\u0151i d\u00f6nt\u00e9s igencsak dics\u00e9retre m\u00e9lt\u00f3. Manaps\u00e1g rizik\u00f3s \u00e9s egyre kevesebben v\u00e1llalj\u00e1k be. \u00c9s legal\u00e1bb ilyen dics\u00e9retre m\u00e9lt\u00f3, hogy a filmet k\u00f6r\u00fcllengi a meg nem \u00e9rtetts\u00e9g p\u00e1tosza, ami f\u0151leg Margot karakter\u00e9n kereszt\u00fcl elevenedik meg a n\u00e9z\u0151 sz\u00e1m\u00e1ra. Ahogyan az is figyelemre m\u00e9lt\u00f3, hogy az alkot\u00e1sban milyen jelent\u0151s szerepet t\u00f6lt be a szenzualit\u00e1s, a testis\u00e9g. A m\u00e1sik illata, hangja, egy mozdulat, egy pillant\u00e1s, egy \u00e9rint\u00e9s. Az embernek \u00f3hatatlanul esz\u00e9be jut a <a href=\"https:\/\/index.hu\/kultur\/2026\/08\/26\/nadas-peter-irodalmi-nobel-dij\/\" id=\"hyperlink_27dec1b49e51add267292d62462a7af8\" target=\"_self\" rel=\"nofollow noopener\">k\u00f6zelm\u00faltban elhunyt<\/a> <a href=\"https:\/\/index.hu\/velemeny\/2026\/08\/26\/nadas-peter-iro-meghalt-olvasas\/\" id=\"hyperlink_f9dfaadb506b4d17a0a230438c1f1e7e\" target=\"_self\" rel=\"nofollow noopener\">N\u00e1das P\u00e9ter vil\u00e1ga<\/a>.\u00a0<\/p>\n<p>Az embernek az az \u00e9rz\u00e9se t\u00e1mad, hogy Horv\u00e1t Lili figyelme a legapr\u00f3bb r\u00e9szletekre is kiterjed.\u00a0<\/p>\n<p>                        A hang \u00e9s t\u00e9boly<\/p>\n<p>A casting szinte t\u00f6k\u00e9letes. Mackenzie Davis j\u00e1t\u00e9ka ism\u00e9t leny\u0171g\u00f6z\u0151. Utolj\u00e1ra a Tizenegyes \u00e1llom\u00e1s c\u00edm\u0171 sorozatban l\u00e1ttam t\u0151le ilyen elm\u00e9ly\u00fclt j\u00e1t\u00e9kot. Alak\u00edt\u00e1sa m\u00e9ly, m\u00e9gis k\u00f6nnyed, r\u00e1ad\u00e1sul a t\u00f6rt\u00e9netnek k\u00f6sz\u00f6nhet\u0151en k\u00e9t szerepet is elj\u00e1tszik a produkci\u00f3ban. A r\u00e9gi \u00e9s az \u00faj feles\u00e9get. Rupert Friend kiv\u00e1l\u00f3, egyenrang\u00fa partnere Davisnek. Megtestes\u00edti a tiszta, nyers f\u00e9rfier\u0151t.<\/p>\n<p>Maly R\u00f3bert operat\u0151r munk\u00e1j\u00e1t is \u00e9rdemes kiemelni.<\/p>\n<p>A film nemes egyszer\u0171s\u00e9ggel sz\u00e9p.<\/p>\n<p>Az alkot\u00e1snak egyetlen sz\u00e9ps\u00e9ghib\u00e1ja, bakl\u00f6v\u00e9se van. Van egy jelenet, amikor a Clark \u00c1d\u00e1m t\u00e9rre befordul\u00f3 fon\u00f3d\u00f3 villamost l\u00e1tjuk. Ez m\u00e9g nem is lenne probl\u00e9m\u00e1s, j\u00f3 l\u00e1tni a budapesti \u00e9s m\u00e1s hazai helysz\u00edneket. A probl\u00e9ma az, hogy halljuk is az alag\u00fatba befordul\u00f3 villamost. Borzalmas. Aki utazik a j\u00e1rattal, tudja, hogy milyen rettenetes. Sosem gondoltam volna, hogy meg lesz \u00f6r\u00f6k\u00edtve. Ett\u0151l f\u00fcggetlen csak aj\u00e1nlani tudom a Jegyzeteim a Marsr\u00f3l c\u00edm\u0171 filmet. Ennyit meg\u00e9rdemel. S\u0151t m\u00e9g enn\u00e9l t\u00f6bbet is.<\/p>\n<p>                           8\/10 <\/p>\n<p><a href=\"https:\/\/dex.hu\/x.php?id=googlepref_desktop&amp;url=https:\/\/google.com\/preferences\/source?q=https:\/\/index.hu\" class=\"google-pref-banner \" id=\"googlePrefBanner\" rel=\"nofollow noopener\" target=\"_blank\"><\/p>\n<p>    Itt \u00e1ll\u00edtsa be, hogy az Index az els\u0151k k\u00f6z\u00f6tt legyen a Google-tal\u00e1latokban!<\/p>\n<p><\/a><\/p>\n<p>                <a href=\"https:\/\/konyvek.index.hu\/\" target=\"_blank\" rel=\"nofollow noopener\"><br \/>\n                <img decoding=\"async\" src=\"https:\/\/index.hu\/assets\/images\/konyvajanlo\/book_indapress\/book_indapress_logo.svg\" loading=\"lazy\" alt=\"Inda Press Kiad\u00f3\"\/><br \/>\n                <\/a><\/p>\n<p>                <img decoding=\"async\" src=\"https:\/\/www.europesays.com\/hu\/wp-content\/uploads\/2026\/09\/1788457873_796_hazassaglabirintus.png\" loading=\"lazy\" alt=\"Becsomagolt titkok szentest\u00e9re\"\/><\/p>\n<p>L\u00e9pjen be a h\u00e1zass\u00e1g legnagyobb dilemm\u00e1j\u00e1ba!<br \/>A d\u00f6nt\u00e9s az \u00d6n kez\u00e9ben van! <\/p>\n<p>                <a class=\"book_index_btn\" href=\"https:\/\/indexadhu.hit.gemius.pl\/hitredir?id=nSCbubuYpDWJZLZs0TssLrbt33Lk5kbipuiZrkg89G3.g7&amp;stparam=zpcrjmisvv&amp;fastid=jzeelhrbwmpdhcblhjutwmjodoku&amp;nc=0&amp;url=https:\/\/www.indapresskiado.hu\/products\/hazassaglabirintus\" target=\"_blank\" rel=\"nofollow noopener\">MEGVESZEM<\/a><\/p>\n<p>    <img loading=\"lazy\" decoding=\"async\" src=\"https:\/\/www.europesays.com\/hu\/wp-content\/uploads\/2026\/09\/1788457875_858_redot.gif\" border=\"0\" height=\"0\" width=\"0\"\/><\/p>\n<p>    <img decoding=\"async\" src=\"https:\/\/index.hu\/assets\/images\/social-follow\/logo-big.svg\" alt=\"Index.hu logo\"\/><\/p>\n<p>K\u00f6vesse az Indexet Facebookon is!<\/p>\n<p>    <a href=\"https:\/\/facebook.com\/Indexhu\" target=\"_blank\" rel=\"nofollow noopener\"><\/p>\n<p>        K\u00f6vetem!<br \/>\n    <\/a><\/p>\n","protected":false},"excerpt":{"rendered":"A 83. Velencei Nemzetk\u00f6zi Filmfesztiv\u00e1lon l\u00e1thattuk Horv\u00e1t Lili els\u0151 angol nyelv\u0171 alkot\u00e1s\u00e1t, a Jegyzeteim a Marsr\u00f3lt. A produkci\u00f3t&hellip;\n","protected":false},"author":2,"featured_media":231658,"comment_status":"","ping_status":"","sticky":false,"template":"","format":"standard","meta":{"footnotes":"","_share_on_mastodon":"0"},"categories":[16],"tags":[151,152,137,60517,44,42,40,61175,438,150,61176,43,41,61177,138,9652],"class_list":["post-231657","post","type-post","status-publish","format-standard","has-post-thumbnail","category-szorakozas","tag-ce-femina","tag-ce-napi","tag-entertainment","tag-horvat-lili","tag-hu","tag-hungarian","tag-hungary","tag-jegyzeteim-a-marsrol","tag-kritika","tag-kultur","tag-mackenzie-davis","tag-magyar","tag-magyarorszag","tag-rupert-friend","tag-szorakozas","tag-velencei-filmfesztival"],"share_on_mastodon":{"url":"https:\/\/pubeurope.com\/@hu\/117208382771729367","error":""},"_links":{"self":[{"href":"https:\/\/www.europesays.com\/hu\/wp-json\/wp\/v2\/posts\/231657","targetHints":{"allow":["GET"]}}],"collection":[{"href":"https:\/\/www.europesays.com\/hu\/wp-json\/wp\/v2\/posts"}],"about":[{"href":"https:\/\/www.europesays.com\/hu\/wp-json\/wp\/v2\/types\/post"}],"author":[{"embeddable":true,"href":"https:\/\/www.europesays.com\/hu\/wp-json\/wp\/v2\/users\/2"}],"replies":[{"embeddable":true,"href":"https:\/\/www.europesays.com\/hu\/wp-json\/wp\/v2\/comments?post=231657"}],"version-history":[{"count":0,"href":"https:\/\/www.europesays.com\/hu\/wp-json\/wp\/v2\/posts\/231657\/revisions"}],"wp:featuredmedia":[{"embeddable":true,"href":"https:\/\/www.europesays.com\/hu\/wp-json\/wp\/v2\/media\/231658"}],"wp:attachment":[{"href":"https:\/\/www.europesays.com\/hu\/wp-json\/wp\/v2\/media?parent=231657"}],"wp:term":[{"taxonomy":"category","embeddable":true,"href":"https:\/\/www.europesays.com\/hu\/wp-json\/wp\/v2\/categories?post=231657"},{"taxonomy":"post_tag","embeddable":true,"href":"https:\/\/www.europesays.com\/hu\/wp-json\/wp\/v2\/tags?post=231657"}],"curies":[{"name":"wp","href":"https:\/\/api.w.org\/{rel}","templated":true}]}}