{"id":231661,"date":"2026-09-03T17:56:14","date_gmt":"2026-09-03T17:56:14","guid":{"rendered":"https:\/\/www.europesays.com\/hu\/231661\/"},"modified":"2026-09-03T17:56:14","modified_gmt":"2026-09-03T17:56:14","slug":"tech-rakapcsolta-az-aramot-a-tapegysegre-langra-lobbant-a-kezeben-video","status":"publish","type":"post","link":"https:\/\/www.europesays.com\/hu\/231661\/","title":{"rendered":"Tech: R\u00e1kapcsolta az \u00e1ramot a t\u00e1pegys\u00e9gre, l\u00e1ngra lobbant a kez\u00e9ben \u2013 vide\u00f3"},"content":{"rendered":"<p>A t\u00e1pegys\u00e9g a sz\u00e1m\u00edt\u00f3g\u00e9pek egyik legfontosabb komponense, amely az eg\u00e9sz rendszer energiaell\u00e1t\u00e1s\u00e1\u00e9rt felel\u0151s. \u00c9ppen ez\u00e9rt a helyes m\u0171k\u00f6d\u00e9se kritikus fontoss\u00e1g\u00fa, ellenkez\u0151 esetben az eg\u00e9sz konfigur\u00e1ci\u00f3 mehet a szem\u00e9tbe. \u00c9s k\u00f6nnyen lehet, hogy ez m\u00e9g a kisebbik baj.<\/p>\n<p>A <a href=\"https:\/\/www.tomshardware.com\/pc-components\/power-supplies\/questionable-pc-power-supply-explodes-bursts-into-flames-the-moment-its-plugged-into-a-socket-viral-video-captures-moment-repair-shop-worker-avoids-disaster\" target=\"_blank\" rel=\"nofollow noopener\">Tom&#8217;s Hardware<\/a> sz\u00fart ki egy, a k\u00f6z\u00f6ss\u00e9gi oldalakon terjed\u0151 vide\u00f3t, amit egy vietn\u00e1mi szervizparkban k\u00e9sz\u00edtett egy biztons\u00e1gi kamera. A vide\u00f3n azt l\u00e1tni, ahogy a szaki a doboz\u00e1b\u00f3l veszi ki a bek\u00fcld\u00f6tt t\u00e1pegys\u00e9get, majd \u00e1ram al\u00e1 helyezi, hogy megn\u00e9zze, k\u00e9pes-e bekapcsolni. Azonban ahogy ezt megt\u00f6rt\u00e9nt, az egys\u00e9g azonnal l\u00e1ngra lobbant.<\/p>\n<p> <a href=\"https:\/\/x.com\/drahcultokhan\/status\/2094744760124625111\" target=\"_blank\" rel=\"nofollow\"> <\/p>\n<p>https:\/\/x.com\/drahcultokhan\/status\/2094744760124625111<\/p>\n<p>Mint kider\u00fclt, a sz\u00f3ban forg\u00f3 egys\u00e9g egy VSP Megamax VS750D volt, amit Vietn\u00e1mban nagyj\u00e1b\u00f3l 30-40 doll\u00e1ros \u2013 kb. 9500\u201312 000 forintos \u2013 \u00e1rc\u00e9dul\u00e1val \u00e1rulnak, ami a nagyon olcs\u00f3 kateg\u00f3ri\u00e1t jelenti.<\/p>\n<p>A szerel\u0151 el\u0151sz\u00f6r h\u00e1traugrott, majd meg\u0151rizve a l\u00e9lekjelenl\u00e9t\u00e9t visszal\u00e9pett az asztalhoz, hogy kih\u00fazza bel\u0151le a t\u00e1pk\u00e1belt.<\/p>\n<p>A f\u00e9rfi j\u00f3l l\u00e1that\u00f3 m\u00f3don mez\u00edtl\u00e1b, fa padl\u00f3n \u00e1llt, amire az\u00e9rt van sz\u00fcks\u00e9g, mert egy sz\u0151nyeg s\u00farl\u00f3d\u00e1sa k\u00f6zben keletkez\u0151 statikus elektromoss\u00e1g, ami ak\u00e1r t\u00f6nkre is teheti az alkatr\u00e9szeket.<\/p>\n<p>Hogy pontosan mi okozta, hogy az egys\u00e9g l\u00e1ngra kapott, nem tudni, de az internetez\u0151k k\u00f6z\u00fcl t\u00f6bben arra tippelnek, hogy a probl\u00e9m\u00e1t az \u00e1ram \u00e1talak\u00edt\u00e1s\u00e1\u00e9rt felel\u0151s komponens okozhatta, \u00edgy a konnektorb\u00f3l j\u00f6v\u0151 magasabb fesz\u00fclts\u00e9g\u0171 v\u00e1ltakoz\u00f3 \u00e1ramot nem alak\u00edtotta \u00e1t alacsonyabb fesz\u00fclts\u00e9g\u0171 egyen\u00e1ramm\u00e1.<\/p>\n<p>Ha m\u00e1skor is tudni szeretne hasonl\u00f3 dolgokr\u00f3l, l\u00e1jkolja <a href=\"https:\/\/www.facebook.com\/hvg.tech\" title=\"https:\/\/www.facebook.com\/hvg.tech\" target=\"_blank\" rel=\"noopener noreferrer nofollow\">a HVG Tech rovat\u00e1nak Facebook-oldal\u00e1t<\/a>.<\/p>\n","protected":false},"excerpt":{"rendered":"A t\u00e1pegys\u00e9g a sz\u00e1m\u00edt\u00f3g\u00e9pek egyik legfontosabb komponense, amely az eg\u00e9sz rendszer energiaell\u00e1t\u00e1s\u00e1\u00e9rt felel\u0151s. \u00c9ppen ez\u00e9rt a helyes m\u0171k\u00f6d\u00e9se&hellip;\n","protected":false},"author":2,"featured_media":231662,"comment_status":"","ping_status":"","sticky":false,"template":"","format":"standard","meta":{"footnotes":"","_share_on_mastodon":"0"},"categories":[8],"tags":[61179,42,43,34,9481,629,3321,94,93,92,58332],"class_list":["post-231661","post","type-post","status-publish","format-standard","has-post-thumbnail","category-vilag","tag-elektromos-tuz","tag-hungarian","tag-magyar","tag-news","tag-szamitogep","tag-tech","tag-tuz","tag-vilag","tag-world","tag-world-news","tag-zarlat"],"share_on_mastodon":{"url":"https:\/\/pubeurope.com\/@hu\/117208402227056288","error":""},"_links":{"self":[{"href":"https:\/\/www.europesays.com\/hu\/wp-json\/wp\/v2\/posts\/231661","targetHints":{"allow":["GET"]}}],"collection":[{"href":"https:\/\/www.europesays.com\/hu\/wp-json\/wp\/v2\/posts"}],"about":[{"href":"https:\/\/www.europesays.com\/hu\/wp-json\/wp\/v2\/types\/post"}],"author":[{"embeddable":true,"href":"https:\/\/www.europesays.com\/hu\/wp-json\/wp\/v2\/users\/2"}],"replies":[{"embeddable":true,"href":"https:\/\/www.europesays.com\/hu\/wp-json\/wp\/v2\/comments?post=231661"}],"version-history":[{"count":0,"href":"https:\/\/www.europesays.com\/hu\/wp-json\/wp\/v2\/posts\/231661\/revisions"}],"wp:featuredmedia":[{"embeddable":true,"href":"https:\/\/www.europesays.com\/hu\/wp-json\/wp\/v2\/media\/231662"}],"wp:attachment":[{"href":"https:\/\/www.europesays.com\/hu\/wp-json\/wp\/v2\/media?parent=231661"}],"wp:term":[{"taxonomy":"category","embeddable":true,"href":"https:\/\/www.europesays.com\/hu\/wp-json\/wp\/v2\/categories?post=231661"},{"taxonomy":"post_tag","embeddable":true,"href":"https:\/\/www.europesays.com\/hu\/wp-json\/wp\/v2\/tags?post=231661"}],"curies":[{"name":"wp","href":"https:\/\/api.w.org\/{rel}","templated":true}]}}