{"id":231663,"date":"2026-09-03T17:57:11","date_gmt":"2026-09-03T17:57:11","guid":{"rendered":"https:\/\/www.europesays.com\/hu\/231663\/"},"modified":"2026-09-03T17:57:11","modified_gmt":"2026-09-03T17:57:11","slug":"torlik-a-ceget-amely-meg-a-valasztasok-elott-hatalmasat-bizniszelt-meszaros-lorinccel","status":"publish","type":"post","link":"https:\/\/www.europesays.com\/hu\/231663\/","title":{"rendered":"T\u00f6rlik a c\u00e9get, amely m\u00e9g a v\u00e1laszt\u00e1sok el\u0151tt hatalmasat bizniszelt M\u00e9sz\u00e1ros L\u0151rinccel"},"content":{"rendered":"<p>Jogut\u00f3d n\u00e9lk\u00fcl megsz\u0171nik \u00e9s v\u00e9gelsz\u00e1molj\u00e1k a\u00a0Good Farming Kft.-t, amely az \u00e1prilisi orsz\u00e1ggy\u0171l\u00e9si v\u00e1laszt\u00e1sok el\u0151tt b\u0151 f\u00e9l \u00e9vvel m\u00e9g egy hatalmas \u00fczletet \u00fct\u00f6tt ny\u00e9lbe a M\u00e9sz\u00e1ros-csoporttal, der\u00fcl ki az <a href=\"https:\/\/www.opten.hu\/\" target=\"_blank\" rel=\"nofollow noopener\">Opten<\/a> nyilv\u00e1nos adatb\u00e1zis\u00e1b\u00f3l. A megsz\u0171n\u00e9sr\u0151l m\u00e9g j\u00fanius 23-\u00e1n d\u00f6nt\u00f6ttek, az egyszer\u0171s\u00edtett v\u00e9gelsz\u00e1mol\u00e1s pedig j\u00falius 1-vel kezd\u0151d\u00f6tt.\u00a0<\/p>\n<p>A M\u00e9sz\u00e1ros L\u0151rinc milli\u00e1rdos \u00fczletember\u00a0\u00e9rdekelts\u00e9g\u00e9be tartoz\u00f3 Talentis Agro Zrt. m\u00e9g tavaly szeptemberben jelentette be, hogy sikeresen lez\u00e1rult a B\u00e9k\u00e9s megyei mez\u0151gazdas\u00e1g egyik meghat\u00e1roz\u00f3 szerepl\u0151je, a 25 \u00e9ves m\u00faltra visszatekint\u0151 Gyulai Agr\u00e1r Zrt. akviz\u00edci\u00f3ja. A Talentis Agro Zrt. a tranzakci\u00f3 keret\u00e9ben a most v\u00e9gelsz\u00e1mol\u00e1s al\u00e1 ker\u00fcl\u0151 Good Farming Kft.-t\u0151l v\u00e1s\u00e1rolta meg a mez\u0151gazdas\u00e1gi v\u00e1llalatot, de a v\u00e9tel\u00e1rr\u00f3l nem lehetett tudni semmit. Az \u00fczletet a\u00a0Gazdas\u00e1gi Versenyhivatal is enged\u00e9lyezte tavaly augusztus v\u00e9g\u00e9n.<\/p>\n<p>                    <img decoding=\"async\" src=\"https:\/\/www.europesays.com\/hu\/wp-content\/uploads\/2026\/09\/meszaros-lorinc-agrarportfolioja-nagyot-buvult_lgc.jpg\" alt=\"M\u00e9sz\u00e1ros L\u0151rinc agr\u00e1rportf\u00f3li\u00f3ja nagyot b\u0171v\u00fclt\"\/><br \/>\n                    M\u00e9sz\u00e1ros L\u0151rinc agr\u00e1rportf\u00f3li\u00f3ja nagyot b\u0171v\u00fclt<br \/>Fot\u00f3: MTI\/Vasv\u00e1ri Tam\u00e1s<\/p>\n<p>A Gyulai Agr\u00e1r Zrt. kor\u00e1bbi pontos, v\u00e9gs\u0151 tulajdonosait neh\u00e9z beazonos\u00edtani, de a magyar \u00e1llamhoz\u00a0k\u00f6thet\u0151 a t\u00e1rsas\u00e1g, hiszen csaknem 100 sz\u00e1zal\u00e9kos r\u00e9szv\u00e9nyese az a vagyonkezel\u0151 Good Farming Kft. volt, ahol 2022 \u00e9s 2023 k\u00f6z\u00f6tt m\u00e9g Magyar P\u00e9ter minisztereln\u00f6k is \u00fcgyvezet\u0151k\u00e9nt dolgozott. A Good Farming egyed\u00fcli tulajdonosa, az Eximbankhoz tartoz\u00f3\u00a0Eur\u00f3pa Agr\u00e1r- \u00e9s \u00c9lelmiszeripari Mag\u00e1nt\u0151kealap, amelynek befektet\u00e9si jegyeit jelent\u0151s r\u00e9szben \u00e1llami szerepl\u0151k jegyezt\u00e9k le.<\/p>\n<p>&#13;<\/p>\n<p>A t\u00e1rsas\u00e1g 2025. szeptember 17-\u00e9n\u00a0\u00e9rt\u00e9kes\u00edtette a Gyulai Agr\u00e1r Zrt.-ben megl\u00e9v\u0151 99,91 sz\u00e1zal\u00e9kos r\u00e9szv\u00e9nycsomagj\u00e1t<\/p>\n<p>&#13;<\/p>\n<p>&#8211; olvashat\u00f3 a\u00a0Good Farming Kft. tavalyi besz\u00e1mol\u00f3j\u00e1ban.<\/p>\n<p>A dokumentumb\u00f3l az nem der\u00fcl ki, hogy mi\u00e9rt d\u00f6nt\u00f6ttek a stabilan \u00e9s megb\u00edzhat\u00f3an teljes\u00edt\u0151 agr\u00e1rc\u00e9g elad\u00e1sa mellett. A\u00a0Gyulai Agr\u00e1r Zrt. 2,4 milli\u00e1rd forint forgalommal \u00e9s 150 milli\u00f3 forint nyeres\u00e9ggel z\u00e1rt 2024-ben, \u00e9s 300 milli\u00f3 forint osztal\u00e9kot fizetett a kor\u00e1bbi \u00e9vek tartal\u00e9kaib\u00f3l kieg\u00e9sz\u00edtve.<\/p>\n<p>Ezt a teljes\u00edtm\u00e9nyt 2025-ben is tartani tudt\u00e1k, hiszen a 2 milli\u00e1rd forint nett\u00f3 \u00e1rbev\u00e9telb\u0151l tavaly is \u00f6sszej\u00f6tt 238 milli\u00f3 forint profit. Ennek sors\u00e1r\u00f3l pedig m\u00e1r a M\u00e9sz\u00e1ros L\u0151rinchez tartoz\u00f3\u00a0Talentis Agro Zrt. d\u00f6nthetett, amely nem vett ki osztal\u00e9kot.<\/p>\n<p>Hogy M\u00e9sz\u00e1ros L\u0151rinc mennyit fizetett az agr\u00e1rc\u00e9g\u00e9rt, azt nem lehetett tudni, de piaci alapon el\u00e9g dr\u00e1ga mulats\u00e1g megszerezni egy ilyen \u00e9rt\u00e9kes v\u00e1llalatot, amely\u00a0a tev\u00e9kenys\u00e9g\u00e9hez sz\u00fcks\u00e9ges eszk\u00f6z\u00f6kkel, kiszolg\u00e1l\u00f3 l\u00e9tes\u00edtm\u00e9nyekkel, k\u00f6zt\u00fck fej\u0151h\u00e1zzal, sz\u00e1r\u00edt\u00f3val \u00e9s t\u00e1rol\u00f3val is rendelkezik, t\u00f6bb mint 1500 hekt\u00e1r m\u0171velt ter\u00fcleten gazd\u00e1lkodik, \u00e9s \u00e9vi 8 milli\u00f3 liter tejet \u00e1ll\u00edt el\u0151 800 tejel\u0151 marha \u00e1llom\u00e1nnyal.<\/p>\n<p>&#13;<\/p>\n<p>Az akviz\u00edci\u00f3nak k\u00f6sz\u00f6nhet\u0151en a v\u00e1llalatcsoport tov\u00e1bb er\u0151s\u00edti mez\u0151gazdas\u00e1gi tev\u00e9kenys\u00e9g\u00e9t B\u00e9k\u00e9s megy\u00e9ben, a Gyulai Agr\u00e1r Zrt. pedig k\u00e9szen \u00e1ll, hogy az \u00faj, t\u0151keer\u0151s tulajdonos seg\u00edts\u00e9g\u00e9vel \u00faj beruh\u00e1z\u00e1si projekteket is v\u00e9ghez vigyen<\/p>\n<p>&#13;<\/p>\n<p>&#8211; <a href=\"https:\/\/mfor.hu\/cikkek\/agrarium\/tovabb-bovult-a-meszaros-csoport-agrar-portfolioja.html\" target=\"_blank\" rel=\"nofollow noopener\">k\u00f6z\u00f6lte a bev\u00e1s\u00e1rl\u00e1s<\/a> ut\u00e1n a M\u00e9sz\u00e1ros-csoport.<\/p>\n<p>A v\u00e9tel\u00e1rr\u00f3l teh\u00e1t nem tudni pontos sz\u00e1mot, de a Good Farming Kft. 2025-\u00f6s m\u00e9rleg\u00e9ben jelent\u0151s \u00e1trendez\u0151d\u00e9s figyelhet\u0151 meg. M\u00edg a 2024-es m\u00e9rlegben a\u00a0tart\u00f3s r\u00e9szesed\u00e9s kapcsolt v\u00e1llalkoz\u00e1sban soron 1,9 milli\u00e1rd forint szerepel, addig a tavalyiban m\u00e1r nulla forint, ellenben a bankbet\u00e9tek rubrik\u00e1ban felbukkant egy k\u00f6zel 1,4 milli\u00e1rd forintos \u00f6sszeg, az egy\u00e9b k\u00f6vetel\u00e9sek soron pedig egy 258 milli\u00f3 forintos t\u00e9tel.<\/p>\n<p>\t\t\t\t<img decoding=\"async\" src=\"https:\/\/www.europesays.com\/hu\/wp-content\/uploads\/2026\/09\/meszaros-lorinc-lassan-bekebelezi-bekes-varmegyet_th.jpg\" alt=\"M\u00e9sz\u00e1ros L\u0151rinc lassan bekebelezi B\u00e9k\u00e9s v\u00e1rmegy\u00e9t\" class=\"cikkajanlo-kep img-fluid mb-0\"\/><\/p>\n<p>Az Eximbankhoz <a href=\"https:\/\/exim.hu\/tokealapok\/\" target=\"_blank\" rel=\"nofollow noopener\">sz\u00e1mos<\/a> hazai\u00a0t\u0151kealap tartozik, k\u00f6zt\u00fck \u2013 mint jelezt\u00fck \u2013 a Good Farming Kft.-t a 2021-es alap\u00edt\u00e1sa \u00f3ta birtokl\u00f3\u00a0Eur\u00f3pa Agr\u00e1r- \u00e9s \u00c9lelmiszeripari Mag\u00e1nt\u0151kealap. A c\u00e9l a nemzetk\u00f6zileg is versenyk\u00e9pesnek \u00edt\u00e9lt t\u00e1rsas\u00e1gok fejl\u0151d\u00e9s\u00e9nek seg\u00edt\u00e9se 5-15 \u00e9v futamidej\u0171 t\u0151kebefektet\u00e9ssel.<\/p>\n<p>A bank \u00e9l\u00e9n j\u00faliusban t\u00f6rt\u00e9nt v\u00e1lt\u00e1s:\u00a0Kapit\u00e1ny Istv\u00e1n gazdas\u00e1gi \u00e9s energetikai miniszter lev\u00e1ltotta a\u00a0Nagy M\u00e1rton volt nemzetgazdas\u00e1gi miniszter ember\u00e9nek tartott\u00a0Berta Adriennt. Helyette\u00a0Kiss Zal\u00e1n t\u00f6lti be a vez\u00e9rigazgat\u00f3i tiszts\u00e9g\u00e9t.<\/p>\n","protected":false},"excerpt":{"rendered":"Jogut\u00f3d n\u00e9lk\u00fcl megsz\u0171nik \u00e9s v\u00e9gelsz\u00e1molj\u00e1k a\u00a0Good Farming Kft.-t, amely az \u00e1prilisi orsz\u00e1ggy\u0171l\u00e9si v\u00e1laszt\u00e1sok el\u0151tt b\u0151 f\u00e9l \u00e9vvel m\u00e9g&hellip;\n","protected":false},"author":2,"featured_media":231664,"comment_status":"","ping_status":"","sticky":false,"template":"","format":"standard","meta":{"footnotes":"","_share_on_mastodon":"0"},"categories":[6],"tags":[37538,44,42,40,43,41,454,2949],"class_list":["post-231663","post","type-post","status-publish","format-standard","has-post-thumbnail","category-magyarorszag","tag-ceges-beszamolok","tag-hu","tag-hungarian","tag-hungary","tag-magyar","tag-magyarorszag","tag-makro","tag-meszaros-lorinc"],"share_on_mastodon":{"url":"https:\/\/pubeurope.com\/@hu\/117208406378459252","error":""},"_links":{"self":[{"href":"https:\/\/www.europesays.com\/hu\/wp-json\/wp\/v2\/posts\/231663","targetHints":{"allow":["GET"]}}],"collection":[{"href":"https:\/\/www.europesays.com\/hu\/wp-json\/wp\/v2\/posts"}],"about":[{"href":"https:\/\/www.europesays.com\/hu\/wp-json\/wp\/v2\/types\/post"}],"author":[{"embeddable":true,"href":"https:\/\/www.europesays.com\/hu\/wp-json\/wp\/v2\/users\/2"}],"replies":[{"embeddable":true,"href":"https:\/\/www.europesays.com\/hu\/wp-json\/wp\/v2\/comments?post=231663"}],"version-history":[{"count":0,"href":"https:\/\/www.europesays.com\/hu\/wp-json\/wp\/v2\/posts\/231663\/revisions"}],"wp:featuredmedia":[{"embeddable":true,"href":"https:\/\/www.europesays.com\/hu\/wp-json\/wp\/v2\/media\/231664"}],"wp:attachment":[{"href":"https:\/\/www.europesays.com\/hu\/wp-json\/wp\/v2\/media?parent=231663"}],"wp:term":[{"taxonomy":"category","embeddable":true,"href":"https:\/\/www.europesays.com\/hu\/wp-json\/wp\/v2\/categories?post=231663"},{"taxonomy":"post_tag","embeddable":true,"href":"https:\/\/www.europesays.com\/hu\/wp-json\/wp\/v2\/tags?post=231663"}],"curies":[{"name":"wp","href":"https:\/\/api.w.org\/{rel}","templated":true}]}}