{"id":231754,"date":"2026-09-03T19:24:13","date_gmt":"2026-09-03T19:24:13","guid":{"rendered":"https:\/\/www.europesays.com\/hu\/231754\/"},"modified":"2026-09-03T19:24:13","modified_gmt":"2026-09-03T19:24:13","slug":"index-kultur-visszavarjak-magyarorszagot-az-eurovizios-dalfesztivalra-meg-a-nevezesi-dijbol-is-engedtek","status":"publish","type":"post","link":"https:\/\/www.europesays.com\/hu\/231754\/","title":{"rendered":"Index &#8211; Kult\u00far &#8211; Visszav\u00e1rj\u00e1k Magyarorsz\u00e1got az Eurov\u00edzi\u00f3s Dalfesztiv\u00e1lra, m\u00e9g a nevez\u00e9si d\u00edjb\u00f3l is engedtek"},"content":{"rendered":"<p>Magyarorsz\u00e1g el\u0151tt ism\u00e9t megny\u00edlhat az \u00fat az Eurov\u00edzi\u00f3s Dalfesztiv\u00e1l fel\u00e9. Az MTVA sajt\u00f3k\u00f6zlem\u00e9nye szerint a k\u00f6zm\u00e9dia megb\u00edzott vez\u00e9rigazgat\u00f3ja, dr. Horv\u00e1th Andr\u00e1s a k\u00f6zelm\u00faltban egyeztetett a dalverseny szervez\u0151ivel a 2027-es r\u00e9szv\u00e9tel lehet\u0151s\u00e9g\u00e9r\u0151l.<\/p>\n<p>A t\u00e1rgyal\u00e1sok eredm\u00e9nyek\u00e9nt a k\u00f6zm\u00e9dia jelent\u0151s d\u00edjkedvezm\u00e9nyt kapott, emellett a szervez\u0151k a nevez\u00e9si hat\u00e1rid\u0151t is kitolt\u00e1k:<\/p>\n<p>az MTVA sz\u00e1m\u00e1ra 2026. december 7-ig biztos\u00edtottak lehet\u0151s\u00e9get a jelentkez\u00e9sre.<\/p>\n<p>A k\u00f6zlem\u00e9ny szerint Horv\u00e1th Andr\u00e1s az egyeztet\u00e9sen jelezte, hogy az Eurov\u00edzi\u00f3n val\u00f3 indul\u00e1s olyan strat\u00e9giai jelent\u0151s\u00e9g\u0171 k\u00e9rd\u00e9s, amelyr\u0151l m\u00e1r az \u00e1talakul\u00f3 k\u00f6zm\u00e9dia v\u00e9gleges vezet\u00e9s\u00e9nek kell d\u00f6ntenie.<\/p>\n<p>A r\u00e9szv\u00e9tel \u00edgy egyel\u0151re nem tekinthet\u0151 v\u00e9glegesnek. A 2027-es Eurov\u00edzi\u00f3s Dalfesztiv\u00e1lon val\u00f3 indul\u00e1shoz el\u0151bb a F\u00fcggetlen K\u00f6zm\u00e9dia Test\u00fclet j\u00f3v\u00e1hagy\u00e1s\u00e1ra lesz sz\u00fcks\u00e9g, ezt k\u00f6vet\u0151en pedig a k\u00f6zm\u00e9dia v\u00e9gleges menedzsmentje hozhatja meg a v\u00e9gs\u0151 d\u00f6nt\u00e9st.<\/p>\n<p>Magyarorsz\u00e1g legut\u00f3bb 2019-ben vett r\u00e9szt az Eurov\u00edzi\u00f3s Dalfesztiv\u00e1lon. Az orsz\u00e1g az\u00f3ta nem indult a versenyen, \u00edgy a 2027-es visszat\u00e9r\u00e9s jelent\u0151s v\u00e1ltoz\u00e1st jelentene a magyar k\u00f6zm\u00e9dia eddigi eurov\u00edzi\u00f3s strat\u00e9gi\u00e1j\u00e1hoz k\u00e9pest.<\/p>\n<p>A verseny k\u00e9t el\u0151d\u00f6nt\u0151j\u00e9re m\u00e1jus 11-\u00e9n, kedden \u00e9s m\u00e1jus 13-\u00e1n, cs\u00fct\u00f6rt\u00f6k\u00f6n, a d\u00f6nt\u0151re pedig m\u00e1jus 15-\u00e9n, szombaton ker\u00fcl sor.<\/p>\n<p>                        Izrael miatt m\u00f3dos\u00edtj\u00e1k az Eurov\u00edzi\u00f3s Dalfesztiv\u00e1l szab\u00e1lyait<\/p>\n<p><a href=\"https:\/\/index.hu\/kultur\/2026\/08\/13\/eurovizios-dalfesztival-bulgaria-rendezes-burgasz-izrael-szabalymodositas\/\" id=\"hyperlink_d476fb1143c0909dbe73a6fa02179b1c\" target=\"_blank\" title=\"Izrael miatt m\u00f3dos\u00edtj\u00e1k az Eurov\u00edzi\u00f3s Dalfesztiv\u00e1l szab\u00e1lyait\" rel=\"nofollow noopener\">Kor\u00e1bban besz\u00e1moltunk r\u00f3la<\/a>, hogy az Eurov\u00edzi\u00f3s Dalfesztiv\u00e1l friss\u00edtett versenyszab\u00e1lyzata kimondja, hogy a j\u00f6v\u0151ben nem rendezheti meg a rendezv\u00e9nyt olyan orsz\u00e1g, amely fegyveres konfliktusban \u00e9rintett. A szervez\u0151k ezt a rendelkez\u00e9st az Izrael miatti bojkott ut\u00e1n hozt\u00e1k, Spanyolorsz\u00e1g ugyanis kijelentette, tiltakoznak Izrael r\u00e9szv\u00e9tele miatt.<\/p>\n<p>A 2026-os versenyt ugyanis egy botr\u00e1ny is megel\u0151zte, ugyanis az \u00f6t szervez\u0151 orsz\u00e1g k\u00f6z\u00fcl az egyik, Spanyolorsz\u00e1g bejelentette:  <a href=\"https:\/\/dex.hu\/x.php?id=index_kultur_cikklink&amp;url=https%3A%2F%2Findex.hu%2Fkultur%2F2025%2F09%2F17%2Fspanyolorszag-eurovizios-dalfesztival-bojkott-izrael-gazai-tamadas%2F\" id=\"hyperlink_f9f64fdbc9e43c8a58a7f0a08401ff51\" target=\"_blank\" title=\"Az Eurov\u00edzi\u00f3s Dalfesztiv\u00e1l \u00f6t szervez\u0151 orsz\u00e1ga k\u00f6z\u00fcl az egyik bojkott\u00e1lja a versenyt, ha Izrael is r\u00e9szt vesz\" rel=\"nofollow noopener\">bojkott\u00e1lj\u00e1k a versenyt<\/a> , ha Izrael is r\u00e9szt vesz rajta. Izrael v\u00e9g\u00fcl m\u00e1sodik helyen v\u00e9gzett, Spanyolorsz\u00e1g hi\u00e1ny\u00e1ban pedig csak a m\u00e1sik n\u00e9gy f\u0151 t\u00e1mogat\u00f3, az Egyes\u00fclt Kir\u00e1lys\u00e1g, N\u00e9metorsz\u00e1g, Franciaorsz\u00e1g, Olaszorsz\u00e1g volt jelen, valamint a h\u00e1zigazda Ausztria.<\/p>\n<p>\n                          (Bor\u00edt\u00f3k\u00e9p: Az Eurov\u00edzi\u00f3s Dalfesztiv\u00e1l sz\u00ednpada 2025. m\u00e1jus 17-\u00e9n, B\u00e1zelben, Sv\u00e1jcban. Fot\u00f3: Sebastian Reuter \/ Getty Images)\n                        <\/p>\n<p><a href=\"https:\/\/dex.hu\/x.php?id=googlepref_desktop&amp;url=https:\/\/google.com\/preferences\/source?q=https:\/\/index.hu\" class=\"google-pref-banner \" id=\"googlePrefBanner\" rel=\"nofollow noopener\" target=\"_blank\"><\/p>\n<p>    Itt \u00e1ll\u00edtsa be, hogy az Index az els\u0151k k\u00f6z\u00f6tt legyen a Google-tal\u00e1latokban!<\/p>\n<p><\/a><\/p>\n<p>    <img decoding=\"async\" src=\"https:\/\/index.hu\/assets\/images\/social-follow\/logo-big.svg\" alt=\"Index.hu logo\"\/><\/p>\n<p>K\u00f6vesse az Indexet Facebookon is!<\/p>\n<p>    <a href=\"https:\/\/facebook.com\/Indexhu\" target=\"_blank\" rel=\"nofollow noopener\"><\/p>\n<p>        K\u00f6vetem!<br \/>\n    <\/a><\/p>\n","protected":false},"excerpt":{"rendered":"Magyarorsz\u00e1g el\u0151tt ism\u00e9t megny\u00edlhat az \u00fat az Eurov\u00edzi\u00f3s Dalfesztiv\u00e1l fel\u00e9. Az MTVA sajt\u00f3k\u00f6zlem\u00e9nye szerint a k\u00f6zm\u00e9dia megb\u00edzott vez\u00e9rigazgat\u00f3ja,&hellip;\n","protected":false},"author":2,"featured_media":231755,"comment_status":"","ping_status":"","sticky":false,"template":"","format":"standard","meta":{"footnotes":"","_share_on_mastodon":"0"},"categories":[21],"tags":[198,137,24658,199,44,42,40,150,43,41,1223,61189,13878,138],"class_list":["post-231754","post","type-post","status-publish","format-standard","has-post-thumbnail","category-hiressegek","tag-celebrities","tag-entertainment","tag-eurovizios-dalfesztival","tag-hiressegek","tag-hu","tag-hungarian","tag-hungary","tag-kultur","tag-magyar","tag-magyarorszag","tag-mtva","tag-nevezesi-dij","tag-reszvetel","tag-szorakozas"],"share_on_mastodon":{"url":"https:\/\/pubeurope.com\/@hu\/117208748578534134","error":""},"_links":{"self":[{"href":"https:\/\/www.europesays.com\/hu\/wp-json\/wp\/v2\/posts\/231754","targetHints":{"allow":["GET"]}}],"collection":[{"href":"https:\/\/www.europesays.com\/hu\/wp-json\/wp\/v2\/posts"}],"about":[{"href":"https:\/\/www.europesays.com\/hu\/wp-json\/wp\/v2\/types\/post"}],"author":[{"embeddable":true,"href":"https:\/\/www.europesays.com\/hu\/wp-json\/wp\/v2\/users\/2"}],"replies":[{"embeddable":true,"href":"https:\/\/www.europesays.com\/hu\/wp-json\/wp\/v2\/comments?post=231754"}],"version-history":[{"count":0,"href":"https:\/\/www.europesays.com\/hu\/wp-json\/wp\/v2\/posts\/231754\/revisions"}],"wp:featuredmedia":[{"embeddable":true,"href":"https:\/\/www.europesays.com\/hu\/wp-json\/wp\/v2\/media\/231755"}],"wp:attachment":[{"href":"https:\/\/www.europesays.com\/hu\/wp-json\/wp\/v2\/media?parent=231754"}],"wp:term":[{"taxonomy":"category","embeddable":true,"href":"https:\/\/www.europesays.com\/hu\/wp-json\/wp\/v2\/categories?post=231754"},{"taxonomy":"post_tag","embeddable":true,"href":"https:\/\/www.europesays.com\/hu\/wp-json\/wp\/v2\/tags?post=231754"}],"curies":[{"name":"wp","href":"https:\/\/api.w.org\/{rel}","templated":true}]}}