{"id":231768,"date":"2026-09-03T19:36:08","date_gmt":"2026-09-03T19:36:08","guid":{"rendered":"https:\/\/www.europesays.com\/hu\/231768\/"},"modified":"2026-09-03T19:36:08","modified_gmt":"2026-09-03T19:36:08","slug":"forma-1-mar-most-a-rajtracs-vegere-szamuztek-a-vilagbajnoki-ellovast","status":"publish","type":"post","link":"https:\/\/www.europesays.com\/hu\/231768\/","title":{"rendered":"Forma-1: m\u00e1r most a rajtr\u00e1cs v\u00e9g\u00e9re sz\u00e1m\u0171zt\u00e9k a vil\u00e1gbajnoki \u00e9llovast"},"content":{"rendered":"<p>A Forma-1-ben \u00e9llovas Kimi Antonelli csak a mez\u0151ny v\u00e9g\u00e9r\u0151l kezdi majd a sz\u00e1m\u00e1ra hazai Olasz Nagyd\u00edjat, miut\u00e1n a Mercedes olasz versenyz\u0151j\u00e9nek aut\u00f3j\u00e1ban tervezett motorcser\u00e9t hajtanak v\u00e9gre. A 20 \u00e9ves pil\u00f3ta ugyanakkor megpr\u00f3b\u00e1lja ezt pozit\u00edvan szeml\u00e9lni, mint mondta, \u00edgy legal\u00e1bb enyh\u00fcl rajta a nyom\u00e1s, hogy hazai p\u00e1ly\u00e1n versenyez.<\/p>\n<p>Term\u00e9szetesen sokkal ink\u00e1bb a pole-poz\u00edci\u00f3\u00e9rt k\u00fczdn\u00e9k, \u00e9s el\u00f6lr\u0151l induln\u00e9k. De most egy kicsit nyugodtabb vagyok a h\u00e9tv\u00e9g\u00e9t megel\u0151z\u0151en. Azt hiszem, ez is az oka annak, hogy jobban \u00e9lvezni fogom a vezet\u00e9st \u00e9s mag\u00e1t a h\u00e9tv\u00e9g\u00e9t is<\/p>\n<p>\u2013 <a target=\"_blank\" href=\"https:\/\/www.formula1.com\/en\/latest\/article\/antonelli-explains-approach-to-starting-at-the-back-in-monza-as-he-reveals-whether-he-will-help-russell.2SISP6aOl3SotbcA9ozJND\" rel=\"nofollow noopener\">mondta<\/a> Antonelli, aki megjegyezte, hogy ebben a helyzetben egy teljesen m\u00e1s versenyh\u00e9tv\u00e9g\u00e9t \u00e9p\u00edthetnek fel, m\u00e1r a szabadedz\u00e9sekt\u0151l kezdve. Amikor megk\u00e9rdezt\u00e9k, milyen helyez\u00e9s el\u00e9r\u00e9st l\u00e1tja re\u00e1lisnak, az els\u0151 \u00f6t\u00f6t nevezte meg, de m\u00e9g sok az ismeretlen sz\u00e1m\u00e1ra is.<\/p>\n<p>Felmer\u00fclt az is, hogy sz\u00e9l\u00e1rny\u00e9kkal seg\u00edti-e a csapatt\u00e1rs\u00e1t, George Russellt majd az id\u0151m\u00e9r\u0151n.<\/p>\n<p>Megbesz\u00e9lt\u00fck a csapattal, \u00e9s igen, megegyezt\u00fcnk n\u00e9h\u00e1ny dologban. Megl\u00e1tjuk, hogyan alakulnak a dolgok, de ha a csapat megk\u00e9r r\u00e1, meg fogom tenni \u2013 mondta az olasz.<\/p>\n<p>Kimi Antonelli ebben a szezonban eddig hat futamot nyert meg, \u00e9s \u00f6sszesen t\u00edz alkalommal v\u00e9gzett a dobog\u00f3n tizenk\u00e9t versenyh\u00e9tv\u00e9g\u00e9n. Az el\u0151nye 59 pont Russell-lel \u00e9s Lewis Hamiltonnal szemben.<\/p>\n","protected":false},"excerpt":{"rendered":"A Forma-1-ben \u00e9llovas Kimi Antonelli csak a mez\u0151ny v\u00e9g\u00e9r\u0151l kezdi majd a sz\u00e1m\u00e1ra hazai Olasz Nagyd\u00edjat, miut\u00e1n a&hellip;\n","protected":false},"author":2,"featured_media":231769,"comment_status":"","ping_status":"","sticky":false,"template":"","format":"standard","meta":{"footnotes":"","_share_on_mastodon":"0"},"categories":[33],"tags":[38,1326,35,37,44,42,40,10952,43,41,494,34,38640,36,39],"class_list":["post-231768","post","type-post","status-publish","format-standard","has-post-thumbnail","category-hirek","tag-focimek","tag-forma-1","tag-headlines","tag-hirek","tag-hu","tag-hungarian","tag-hungary","tag-kimi-antonelli","tag-magyar","tag-magyarorszag","tag-mercedes","tag-news","tag-olasz-nagydij","tag-top-stories","tag-vezeto-hirek"],"share_on_mastodon":{"url":"https:\/\/pubeurope.com\/@hu\/117208795203793216","error":""},"_links":{"self":[{"href":"https:\/\/www.europesays.com\/hu\/wp-json\/wp\/v2\/posts\/231768","targetHints":{"allow":["GET"]}}],"collection":[{"href":"https:\/\/www.europesays.com\/hu\/wp-json\/wp\/v2\/posts"}],"about":[{"href":"https:\/\/www.europesays.com\/hu\/wp-json\/wp\/v2\/types\/post"}],"author":[{"embeddable":true,"href":"https:\/\/www.europesays.com\/hu\/wp-json\/wp\/v2\/users\/2"}],"replies":[{"embeddable":true,"href":"https:\/\/www.europesays.com\/hu\/wp-json\/wp\/v2\/comments?post=231768"}],"version-history":[{"count":0,"href":"https:\/\/www.europesays.com\/hu\/wp-json\/wp\/v2\/posts\/231768\/revisions"}],"wp:featuredmedia":[{"embeddable":true,"href":"https:\/\/www.europesays.com\/hu\/wp-json\/wp\/v2\/media\/231769"}],"wp:attachment":[{"href":"https:\/\/www.europesays.com\/hu\/wp-json\/wp\/v2\/media?parent=231768"}],"wp:term":[{"taxonomy":"category","embeddable":true,"href":"https:\/\/www.europesays.com\/hu\/wp-json\/wp\/v2\/categories?post=231768"},{"taxonomy":"post_tag","embeddable":true,"href":"https:\/\/www.europesays.com\/hu\/wp-json\/wp\/v2\/tags?post=231768"}],"curies":[{"name":"wp","href":"https:\/\/api.w.org\/{rel}","templated":true}]}}