{"id":231791,"date":"2026-09-03T19:50:09","date_gmt":"2026-09-03T19:50:09","guid":{"rendered":"https:\/\/www.europesays.com\/hu\/231791\/"},"modified":"2026-09-03T19:50:09","modified_gmt":"2026-09-03T19:50:09","slug":"egymasnak-esett-vucic-szerb-elnok-es-a-horvat-miniszterelnok-a-haborus-bunos-ratko-mladic-miatt","status":"publish","type":"post","link":"https:\/\/www.europesays.com\/hu\/231791\/","title":{"rendered":"Egym\u00e1snak esett Vucic szerb eln\u00f6k \u00e9s a horv\u00e1t minisztereln\u00f6k a h\u00e1bor\u00fas b\u0171n\u00f6s Ratko Mladic miatt"},"content":{"rendered":"<p>Aleksandar Vucic szerb \u00e1llamf\u0151 n\u00e1ciz\u00e1ssal v\u00e1laszolt a horv\u00e1t minisztereln\u00f6k, Andrej Plenkovic\u00a0kijelent\u00e9s\u00e9re, amellyel a korm\u00e1nyf\u0151 el\u00edt\u00e9lte a h\u00e1bor\u00fas b\u0171n\u00f6s\u00e9k\u00e9nt \u00e9letfogytiglani szabads\u00e1gveszt\u00e9sre \u00edt\u00e9lt n\u00e9hai szerb t\u00e1bornok, Ratko Mladic hal\u00e1la ut\u00e1n Szerbi\u00e1ban \u00e9s \u2013\u00a0 a d\u00e9lszl\u00e1v h\u00e1bor\u00faban n\u00e9pirt\u00e1st elszenvedett \u2013 Boszni\u00e1ban tartott tiszteletad\u00f3 megeml\u00e9kez\u00e9seket.<\/p>\n<p>A horv\u00e1t korm\u00e1nyf\u0151 szerint egy el\u00edt\u00e9lt h\u00e1bor\u00fas b\u0171n\u00f6s \u00e1llami tiszteletben r\u00e9szes\u00edt\u00e9se politikailag \u00e9s erk\u00f6lcsileg is elfogadhatatlan. Plenkovic a horv\u00e1t sajt\u00f3 besz\u00e1mol\u00f3i szerint szerd\u00e1n, az Eur\u00f3pai Tan\u00e1cs eln\u00f6k\u00e9vel, Ant\u00f3nio Cost\u00e1val tartott z\u00e1gr\u00e1bi sajt\u00f3t\u00e1j\u00e9koztat\u00f3j\u00e1n besz\u00e9lt err\u0151l, de m\u00e1r h\u00e9tf\u0151n, a Bledi Strat\u00e9giai F\u00f3rumon is azt mondta, hogy Szerbia az \u00e1llami \u00e9s katonai tiszteletad\u00e1ssal saj\u00e1t maga el\u0151tt z\u00e1rn\u00e1 be az EU ajtaj\u00e1t.<\/p>\n<p>Szerbia nem k\u00f6zeledhet az Eur\u00f3pai Uni\u00f3hoz, ha \u00e1llami tiszteletad\u00e1sban r\u00e9szes\u00edti a h\u00e1bor\u00fas b\u0171n\u00f6k\u00e9rt \u00e9s n\u00e9pirt\u00e1s\u00e9rt \u00e9letfogytiglani szabads\u00e1gveszt\u00e9sre \u00edt\u00e9lt Ratko Mladicot<\/p>\n<p>\u2013 id\u00e9zte a horv\u00e1t minisztereln\u00f6k v\u00e9lem\u00e9ny\u00e9t az MTI.<\/p>\n<p>Plenkovic szerint a Mladic hal\u00e1la ut\u00e1n rendezett megeml\u00e9kez\u00e9sek azt mutatj\u00e1k, hogy Szerbia \u00e9s a boszniai Szerb K\u00f6zt\u00e1rsas\u00e1g vezet\u0151i nem n\u00e9ztek szembe a d\u00e9lszl\u00e1v h\u00e1bor\u00fak m\u00faltj\u00e1val. \u00dagy fogalmazott: nemhogy nem mentek kereszt\u00fcl katarzison, de m\u00e9g az els\u0151 l\u00e9p\u00e9st sem tett\u00e9k meg annak tiszt\u00e1z\u00e1s\u00e1ra, milyen \u00e9rt\u00e9keket vallanak, \u00e9s hogyan k\u00e9pzelik el a hely\u00fcket Eur\u00f3p\u00e1ban.<\/p>\n<p>A szerb eln\u00f6k erre azt mondta, 1945 ut\u00e1n senki sem gondolta volna, hogy valaki ism\u00e9t a n\u00e1cizmust fogja dics\u0151\u00edteni, Horv\u00e1torsz\u00e1gban azonban szerinte 2025-ben, 2026-ban \u00e9s 2045-ben is ezt teszik majd.<\/p>\n<p>Vucic ezzel arra utalt, hogy Horv\u00e1torsz\u00e1gban a m\u00e1sodik vil\u00e1gh\u00e1bor\u00fas usztasa mozgalomhoz k\u00f6t\u0151d\u0151 \u201eZa dom spremni\u201d (magyarul: a haz\u00e1\u00e9rt k\u00e9szen) k\u00f6sz\u00f6nt\u00e9st hazafias dalok r\u00e9szek\u00e9nt pr\u00f3b\u00e1lj\u00e1k elfogadhat\u00f3v\u00e1 tenni. A szerb eln\u00f6k szerint ez a k\u00f6sz\u00f6nt\u00e9s \u201erosszabb volt a Sieg Heiln\u00e9l\u201d \u2013 \u00edrta a <a target=\"_blank\" href=\"https:\/\/n1info.hr\/regija\/vucic-uzvratio-plenkovicu-zbog-srbije-u-hrvatskoj-ce-i-2045-velicati-nacizam-daleko-im-lijepa-kuca\/\" rel=\"nofollow noopener\">horv\u00e1t N1<\/a>.<\/p>\n<p>A Mladicnak j\u00e1r\u00f3 legmagasabb \u00e1llami \u00e9s katonai tiszteletad\u00e1st Nenad Vujic szerb igazs\u00e1g\u00fcgyi miniszter jelentette be. Vucic kor\u00e1bban azt mondta, a temet\u00e9s hely\u00e9r\u0151l \u00e9s m\u00f3dj\u00e1r\u00f3l a csal\u00e1d d\u00f6nt, a szerb \u00e1llam pedig sz\u00fcks\u00e9g eset\u00e9n seg\u00edt a \u201em\u00e9lt\u00f3 \u00e9s tisztess\u00e9ges\u201d b\u00facs\u00faztat\u00e1s megszervez\u00e9s\u00e9ben. Cs\u00fct\u00f6rt\u00f6k\u00f6n a vajdas\u00e1gi Cs\u00f3k\u00e1n azt k\u00f6z\u00f6lte, hogy Mladic holttest\u00e9t \u00e1tvett\u00e9k H\u00e1g\u00e1ban, \u00e9s a temet\u00e9sen ak\u00e1r t\u00f6bb t\u00edzezer ember is r\u00e9szt vehet. A helysz\u00ednt tov\u00e1bbra sem nevezte meg \u2013 der\u00fcl ki a<a target=\"_blank\" href=\"https:\/\/n1info.rs\/vesti\/vucic-preuzeto-telo-ratka-mladica\/\" rel=\"nofollow noopener\"> szerb N1<\/a> h\u00edrad\u00e1s\u00e1b\u00f3l.<\/p>\n<p>A v\u00e9reskez\u0171 szerb t\u00e1bornok<\/p>\n<p>Mint kor\u00e1bban meg\u00edrtuk, Ratko Mladic a m\u00falt h\u00e9ten, <a target=\"_blank\" href=\"https:\/\/24.hu\/kulfold\/2026\/08\/27\/meghalt-ratko-mladic-a-balkan-meszarosa\/\" rel=\"nofollow noopener\">84 \u00e9ves kor\u00e1ban halt meg H\u00e1g\u00e1ban<\/a>, ahol \u00e9letfogytiglani b\u00fcntet\u00e9s\u00e9t t\u00f6lt\u00f6tte. A t\u00e1bornok\u00a0a d\u00e9lszl\u00e1v h\u00e1bor\u00fak egyik meghat\u00e1roz\u00f3 katonai vezet\u0151je volt. 1991-ben a Jugoszl\u00e1v N\u00e9phadsereg knini hadtest\u00e9t vezette a horv\u00e1torsz\u00e1gi h\u00e1bor\u00fa idej\u00e9n, 1992 m\u00e1jus\u00e1t\u00f3l pedig a boszniai szerb hadsereg vez\u00e9rkari f\u0151n\u00f6ke volt.<\/p>\n<p>A h\u00e1gai t\u00f6rv\u00e9nysz\u00e9k a boszniai h\u00e1bor\u00fa alatt elk\u00f6vetett b\u0171ncselekm\u00e9nyek miatt mondta ki b\u0171n\u00f6snek. A b\u00edr\u00f3s\u00e1g meg\u00e1llap\u00edt\u00e1sa szerint vezet\u0151 szerepet j\u00e1tszott<\/p>\n<p>a boszniai muszlimok \u00e9s horv\u00e1tok el\u0171z\u00e9s\u00e9t c\u00e9lz\u00f3 etnikai tisztogat\u00e1sokban,<br \/>\nSzarajev\u00f3 ostrom\u00e1ban,<br \/>\nENSZ-b\u00e9kefenntart\u00f3k t\u00faszul ejt\u00e9s\u00e9ben,<br \/>\nvalamint az 1995-\u00f6s srebrenicai n\u00e9pirt\u00e1sban.<\/p>\n<p> Srebrenic\u00e1ban a boszniai szerb er\u0151k mintegy 8700 bosny\u00e1kot, f\u0151k\u00e9nt f\u00e9rfiakat \u00e9s fi\u00fakat gyilkoltak meg.<\/p>\n<p>Mladicot 2017-ben \u00edt\u00e9lt\u00e9k \u00e9letfogytiglani szabads\u00e1gveszt\u00e9sre, a d\u00f6nt\u00e9st 2021-ben joger\u0151sen is helybenhagyt\u00e1k. A h\u00e1gai elj\u00e1r\u00e1s \u00e9s a meg\u00e1llap\u00edtott b\u0171ncselekm\u00e9nyek \u00f6sszefoglal\u00f3ja az ENSZ t\u00f6rv\u00e9nysz\u00e9ki mechanizmus\u00e1nak hivatalos oldal\u00e1n olvashat\u00f3.<\/p>\n","protected":false},"excerpt":{"rendered":"Aleksandar Vucic szerb \u00e1llamf\u0151 n\u00e1ciz\u00e1ssal v\u00e1laszolt a horv\u00e1t minisztereln\u00f6k, Andrej Plenkovic\u00a0kijelent\u00e9s\u00e9re, amellyel a korm\u00e1nyf\u0151 el\u00edt\u00e9lte a h\u00e1bor\u00fas b\u0171n\u00f6s\u00e9k\u00e9nt&hellip;\n","protected":false},"author":2,"featured_media":231792,"comment_status":"","ping_status":"","sticky":false,"template":"","format":"standard","meta":{"footnotes":"","_share_on_mastodon":"0"},"categories":[33],"tags":[4040,38,35,37,54,44,42,40,43,41,16469,34,24553,1434,36,39],"class_list":["post-231791","post","type-post","status-publish","format-standard","has-post-thumbnail","category-hirek","tag-aleksandar-vucic","tag-focimek","tag-headlines","tag-hirek","tag-horvatorszag","tag-hu","tag-hungarian","tag-hungary","tag-magyar","tag-magyarorszag","tag-naci","tag-news","tag-ratko-mladic","tag-szerbia","tag-top-stories","tag-vezeto-hirek"],"share_on_mastodon":{"url":"https:\/\/pubeurope.com\/@hu\/117208850674392430","error":""},"_links":{"self":[{"href":"https:\/\/www.europesays.com\/hu\/wp-json\/wp\/v2\/posts\/231791","targetHints":{"allow":["GET"]}}],"collection":[{"href":"https:\/\/www.europesays.com\/hu\/wp-json\/wp\/v2\/posts"}],"about":[{"href":"https:\/\/www.europesays.com\/hu\/wp-json\/wp\/v2\/types\/post"}],"author":[{"embeddable":true,"href":"https:\/\/www.europesays.com\/hu\/wp-json\/wp\/v2\/users\/2"}],"replies":[{"embeddable":true,"href":"https:\/\/www.europesays.com\/hu\/wp-json\/wp\/v2\/comments?post=231791"}],"version-history":[{"count":0,"href":"https:\/\/www.europesays.com\/hu\/wp-json\/wp\/v2\/posts\/231791\/revisions"}],"wp:featuredmedia":[{"embeddable":true,"href":"https:\/\/www.europesays.com\/hu\/wp-json\/wp\/v2\/media\/231792"}],"wp:attachment":[{"href":"https:\/\/www.europesays.com\/hu\/wp-json\/wp\/v2\/media?parent=231791"}],"wp:term":[{"taxonomy":"category","embeddable":true,"href":"https:\/\/www.europesays.com\/hu\/wp-json\/wp\/v2\/categories?post=231791"},{"taxonomy":"post_tag","embeddable":true,"href":"https:\/\/www.europesays.com\/hu\/wp-json\/wp\/v2\/tags?post=231791"}],"curies":[{"name":"wp","href":"https:\/\/api.w.org\/{rel}","templated":true}]}}