{"id":231795,"date":"2026-09-03T19:52:08","date_gmt":"2026-09-03T19:52:08","guid":{"rendered":"https:\/\/www.europesays.com\/hu\/231795\/"},"modified":"2026-09-03T19:52:08","modified_gmt":"2026-09-03T19:52:08","slug":"index-kultur-a-legmagasabb-holland-polgari-kituntetest-kapta-meg-szulovarosaban-alex-van-halen","status":"publish","type":"post","link":"https:\/\/www.europesays.com\/hu\/231795\/","title":{"rendered":"Index &#8211; Kult\u00far &#8211; A legmagasabb holland polg\u00e1ri kit\u00fcntet\u00e9st kapta meg sz\u00fcl\u0151v\u00e1ros\u00e1ban Alex Van Halen"},"content":{"rendered":"<p>A <a href=\"https:\/\/www.rollingstone.com\/music\/music-news\/alex-van-halen-knighted-netherlands-1235620436\/\" id=\"hyperlink_01dd948b188921aa43360033fc254765\" rel=\"nofollow noopener\" target=\"_blank\">Rolling Stone<\/a> besz\u00e1mol\u00f3ja szerint a kit\u00fcntet\u00e9si cerem\u00f3ni\u00e1n a t\u0151le megszokott szer\u00e9nys\u00e9ggel nyilatkoz\u00f3 Van Halen \u00fagy fogalmazott:<\/p>\n<p>\u201eAz unokatestv\u00e9rem szervezte ennek a nagy r\u00e9sz\u00e9t, de nagyon h\u00e1l\u00e1s vagyok. \u00dagy gondolom, az ilyen int\u00e9zm\u00e9nyek fontosak az emberek \u00e9let\u00e9ben, mert m\u00e9lt\u00f3s\u00e1got \u00e9s s\u00falyt adnak annak, amit csin\u00e1lunk. Hogy val\u00f3j\u00e1ban meg\u00e9rdemelt-e, vagy sem, az egy m\u00e1sik k\u00e9rd\u00e9s. De feln\u0151het\u00fcnk hozz\u00e1. Ez az eg\u00e9sz l\u00e9nyege: kell lennie valaminek, aminek meg kell feleln\u00fcnk.\u201d<\/p>\n<p>A zen\u00e9sz a <a href=\"https:\/\/www.instagram.com\/p\/DcwT_Q_AFpX\/?utm_source=ig_embed&amp;ig_rid=A24_SuHqAqdW5fLUKrzSz1l\" id=\"hyperlink_14504a36d0f447ce6a9236e586762f96\" rel=\"nofollow noopener\" target=\"_blank\">k\u00f6z\u00f6ss\u00e9gi m\u00e9di\u00e1ban<\/a> osztotta meg Nijmegen v\u00e1ros\u00e1nak fot\u00f3it, amelyek k\u00eds\u00e9ret\u00e9ben a v\u00e1ros vezet\u00e9se m\u00e9ltatta a dobos kiemelked\u0151 karrierj\u00e9t \u00e9s mer\u00e9sz hangz\u00e1s\u00e1t, amellyel gener\u00e1ci\u00f3kat inspir\u00e1lt. A cerem\u00f3nia sor\u00e1n <a href=\"https:\/\/index.hu\/kultur\/zene\/2022\/11\/15\/alter-bridge-halestrom-mammoth-koncert-papp-laszlo-budapest-sportarena-metal\/\" id=\"hyperlink_4a5f8691c4fb966930b3ccbdca365f51\" target=\"_blank\" title=\"A t\u00f6k\u00e9letes hangok est\u00e9je \u2013 Van Halen fia is rockszt\u00e1r\" data-recommendation=\"bekezdes_utan\" data-recommendation-preview=\"{&quot;og:title&quot;:&quot;A t\u00f6k\u00e9letes hangok est\u00e9je \u2013 Van Halen fia is rockszt\u00e1r&quot;,&quot;og:description&quot;:&quot;Kir\u00fagt\u00e1k a falakat a Halestrom \u00e9s az Alter Bridge elk\u00e9peszt\\u0151 zen\u00e9szei.&quot;,&quot;og:image&quot;:&quot;\\\/\\\/kep.cdn.indexvas.hu\\\/1\\\/0\\\/4617\\\/46178\\\/461785\\\/46178558_3521516_f8a45159dc068c4d3883703bbfea86a6_wm.jpg&quot;}\" data-recommendation-id=\"5285884\" rel=\"nofollow noopener\">Van Halen<\/a> al\u00e1\u00edrta Nijmegen Aranyk\u00f6nyv\u00e9t is, amelyben olyan illusztris szem\u00e9lyis\u00e9gek szign\u00f3ja szerepel m\u00e1r, mint Bruce Springsteen vagy Vilmos S\u00e1ndor holland kir\u00e1ly.<\/p>\n<p>                        M\u00e9ly testv\u00e9ri k\u00f6tel\u00e9k \u00e9s a k\u00f6z\u00f6s \u00f6r\u00f6ks\u00e9g<\/p>\n<p>Alex Van Halen 2024 okt\u00f3ber\u00e9ben jelentette meg Brothers (Testv\u00e9rek) c\u00edm\u0171 \u00f6n\u00e9letrajzi k\u00f6nyv\u00e9t, amely a gyermekkorukt\u00f3l kezdve dolgozza fel az <a href=\"https:\/\/index.hu\/kultur\/2025\/01\/26\/kviz-eddie-van-halen-gitar-rock-zenekar-michael-jackson\/\" id=\"hyperlink_d70e0063b402db16d29828a3ede64ed4\" target=\"_blank\" title=\"Bev\u00e1ndorl\u00f3k gyermeke volt, m\u00e9gis beteljes\u00edtette a nagybet\u0171s amerikai \u00e1lmot\" data-recommendation=\"bekezdes_utan\" data-recommendation-preview=\"{&quot;og:title&quot;:&quot;Bev\u00e1ndorl\u00f3k gyermeke volt, m\u00e9gis beteljes\u00edtette a nagybet\\u0171s amerikai \u00e1lmot&quot;,&quot;og:description&quot;:&quot;Ma lenne 70 \u00e9ves Eddie Van Halen, a rockzene egyik legnagyobb ikonja.&quot;,&quot;og:image&quot;:&quot;\\\/\\\/kep.cdn.indexvas.hu\\\/1\\\/0\\\/6027\\\/60272\\\/602724\\\/60272459_4457557_4713d07ef44768bc408e7dd248bada68_wm.jpg&quot;}\" data-recommendation-id=\"5932071\" rel=\"nofollow noopener\">Eddie-vel<\/a> k\u00f6z\u00f6s \u00e9let\u00fcket eg\u00e9szen a Van Halen eredeti fel\u00e1ll\u00e1s\u00e1nak 1984-es felboml\u00e1s\u00e1ig.<\/p>\n<p>A zen\u00e9sz a k\u00f6nyv\u00e9ben meghat\u00f3 \u00e9s bens\u0151s\u00e9ges szavakkal eml\u00e9kezett meg elhunyt testv\u00e9r\u00e9r\u0151l: \u201eAz els\u0151 napt\u00f3l kezdve vele voltam\u201d\u00a0\u2212 \u00edrja Alex a k\u00f6nyvben. \u201eOsztoztunk abban az \u00e9lm\u00e9nyben, amikor ebbe az orsz\u00e1gba \u00e9rkezt\u00fcnk, \u00e9s megpr\u00f3b\u00e1ltunk beilleszkedni. Megosztottunk egy lemezj\u00e1tsz\u00f3t, egy 800 n\u00e9gyzetl\u00e1bas [k\u00f6r\u00fclbel\u00fcl 75 n\u00e9gyzetm\u00e9teres] h\u00e1zat, egy anyuk\u00e1t \u00e9s apuk\u00e1t, valamint a munkamor\u00e1lt. K\u00e9s\u0151bb osztoztunk a turn\u00e9busz h\u00e1ts\u00f3 \u00fcl\u00e9s\u00e9n, az alkoholizmuson, a siker\u00e9lm\u00e9nyen, azon, hogy ap\u00e1k \u00e9s nagyb\u00e1csik lett\u00fcnk, \u00e9s azon is, hogy t\u00f6bb \u00f3r\u00e1t t\u00f6lt\u00f6tt\u00fcnk a st\u00fadi\u00f3ban, mint b\u00e1rmi m\u00e1ssal ebben az \u00e9letben. Olyan m\u00e9ly meg\u00e9rt\u00e9s volt k\u00f6zt\u00fcnk, amilyenben a legt\u00f6bb ember csak rem\u00e9nykedhet egy \u00e9leten \u00e1t.\u201d<\/p>\n<p>\n                          (Bor\u00edt\u00f3k\u00e9p:\u00a0Alex Van Halen 2015. m\u00e1jus 17-\u00e9n. Fot\u00f3: Ethan Miller \/ Getty Images)\n                        <\/p>\n<p><a href=\"https:\/\/dex.hu\/x.php?id=googlepref_desktop&amp;url=https:\/\/google.com\/preferences\/source?q=https:\/\/index.hu\" class=\"google-pref-banner \" id=\"googlePrefBanner\" rel=\"nofollow noopener\" target=\"_blank\"><\/p>\n<p>    Itt \u00e1ll\u00edtsa be, hogy az Index az els\u0151k k\u00f6z\u00f6tt legyen a Google-tal\u00e1latokban!<\/p>\n<p><\/a><\/p>\n<p>    <img decoding=\"async\" src=\"https:\/\/index.hu\/assets\/images\/social-follow\/logo-big.svg\" alt=\"Index.hu logo\"\/><\/p>\n<p>K\u00f6vesse az Indexet Facebookon is!<\/p>\n<p>    <a href=\"https:\/\/facebook.com\/Indexhu\" target=\"_blank\" rel=\"nofollow noopener\"><\/p>\n<p>        K\u00f6vetem!<br \/>\n    <\/a><\/p>\n<p>                    <script async src=\"\/\/www.instagram.com\/embed.js\"><\/script><\/p>\n","protected":false},"excerpt":{"rendered":"A Rolling Stone besz\u00e1mol\u00f3ja szerint a kit\u00fcntet\u00e9si cerem\u00f3ni\u00e1n a t\u0151le megszokott szer\u00e9nys\u00e9ggel nyilatkoz\u00f3 Van Halen \u00fagy fogalmazott: \u201eAz&hellip;\n","protected":false},"author":2,"featured_media":231796,"comment_status":"","ping_status":"","sticky":false,"template":"","format":"standard","meta":{"footnotes":"","_share_on_mastodon":"0"},"categories":[21],"tags":[61164,198,29794,137,199,61190,44,42,40,11628,150,16242,43,41,61192,138,61191],"class_list":["post-231795","post","type-post","status-publish","format-standard","has-post-thumbnail","category-hiressegek","tag-alex-van-halen","tag-celebrities","tag-dobos","tag-entertainment","tag-hiressegek","tag-holland-oroszlan-rend","tag-hu","tag-hungarian","tag-hungary","tag-kituntetes","tag-kultur","tag-lovagga-utes","tag-magyar","tag-magyarorszag","tag-nijmegen","tag-szorakozas","tag-tag"],"share_on_mastodon":{"url":"https:\/\/pubeurope.com\/@hu\/117208858620827742","error":""},"_links":{"self":[{"href":"https:\/\/www.europesays.com\/hu\/wp-json\/wp\/v2\/posts\/231795","targetHints":{"allow":["GET"]}}],"collection":[{"href":"https:\/\/www.europesays.com\/hu\/wp-json\/wp\/v2\/posts"}],"about":[{"href":"https:\/\/www.europesays.com\/hu\/wp-json\/wp\/v2\/types\/post"}],"author":[{"embeddable":true,"href":"https:\/\/www.europesays.com\/hu\/wp-json\/wp\/v2\/users\/2"}],"replies":[{"embeddable":true,"href":"https:\/\/www.europesays.com\/hu\/wp-json\/wp\/v2\/comments?post=231795"}],"version-history":[{"count":0,"href":"https:\/\/www.europesays.com\/hu\/wp-json\/wp\/v2\/posts\/231795\/revisions"}],"wp:featuredmedia":[{"embeddable":true,"href":"https:\/\/www.europesays.com\/hu\/wp-json\/wp\/v2\/media\/231796"}],"wp:attachment":[{"href":"https:\/\/www.europesays.com\/hu\/wp-json\/wp\/v2\/media?parent=231795"}],"wp:term":[{"taxonomy":"category","embeddable":true,"href":"https:\/\/www.europesays.com\/hu\/wp-json\/wp\/v2\/categories?post=231795"},{"taxonomy":"post_tag","embeddable":true,"href":"https:\/\/www.europesays.com\/hu\/wp-json\/wp\/v2\/tags?post=231795"}],"curies":[{"name":"wp","href":"https:\/\/api.w.org\/{rel}","templated":true}]}}