{"id":231807,"date":"2026-09-03T20:03:07","date_gmt":"2026-09-03T20:03:07","guid":{"rendered":"https:\/\/www.europesays.com\/hu\/231807\/"},"modified":"2026-09-03T20:03:07","modified_gmt":"2026-09-03T20:03:07","slug":"megrohantak-a-bankokat-az-elelmes-magyarok-tizmilliokat-sopornek-be-az-uj-lakashitel-trukkel-penzcentrum","status":"publish","type":"post","link":"https:\/\/www.europesays.com\/hu\/231807\/","title":{"rendered":"Megrohant\u00e1k a bankokat az \u00e9lelmes magyarok: t\u00edzmilli\u00f3kat s\u00f6p\u00f6rnek be az \u00faj lak\u00e1shitel-tr\u00fckkel &#8211; P\u00e9nzcentrum"},"content":{"rendered":"<p><a href=\"https:\/\/news.google.com\/rss\/articles\/CBMi2gFBVV95cUxObDZ3M21tT1c5LXVRcWd0d1dLY0JieHA0T19GQ181Xzh6cXRqTDlUdFRZTVZwYURyYVowWEFTWkkzRmx1dmhHd0ZCWDc4bDdjZklpR3FCQVR4Z09pNnlhQjBkeWQ4dk5pcWR2ZHJqU0pUQkpweWNMR3c3V0lMM1A3V21hWjdIYkM3LXlpZkxaX1I2M0dDRjdpZFdUeFprRTNmUGUzYWt5dFVzbjIxTXlUNktkaVNCYzcyaXFtaW5VaW16MWpzNklrOUc5bWhwbkU3TndlZUM5NUVLd9IB3wFBVV95cUxQZjFXbjMzaS1RUlNFeXN4aU5KcmxINjNfaGstZnVKLUVlTW9FMjZjcGVOa2ZzZ0ZTcThjOU40MWp5ZDZJek44VmJpbnNPU0hhVTVnaHl0RkMxSTlXbUJoWGxfTXduaGFnT1ZjWmNiYTJsVHlaNWh0ZjdtYWhTSjNFWXhOOFZXN2dya09ueE9FaVlfMzIwR1lWY2dsd0FKa3VoMXA1ZFJFeEk0SzBnOUFxcWFRTWRpcnU2OUM3Ni12X3R0azR0OEd2LUI5Wk9RY3ZsVURqXzFjRF9wNXEweUJv?oc=5\" target=\"_blank\" rel=\"nofollow noopener\">Megrohant\u00e1k a bankokat az \u00e9lelmes magyarok: t\u00edzmilli\u00f3kat s\u00f6p\u00f6rnek be az \u00faj lak\u00e1shitel-tr\u00fckkel<\/a>&nbsp;&nbsp;P\u00e9nzcentrum<a href=\"https:\/\/news.google.com\/rss\/articles\/CBMi1gFBVV95cUxNemVkTlZndXlLSFg3Nk5FVE5LWlh1el9ZRndGMFlfNFg4d21COXYwb2UyT1NOaXl2aEUtQ183aXZTVTl2VEkyX2pDVnBFT0lRV2x4SzVhdW1tNk5BOW5GMnN0MmctRFVpcllBVkxMZ0NXSUl6LWVJaXZ4YUM4Qk1tT3J0cVhXNUZoS0kzc082cE5waHVBTlRaRXF5QkNVXzBfZjlRLXBjQjdMc0F1bEg1NVNDMG9BeEhPVEZUbkY4NGN5N2s0TzNYUXREOFpBS3RvT25XRU5R?oc=5\" target=\"_blank\" rel=\"nofollow noopener\">Elk\u00e9peszt\u0151, mi folyik a bankokban: kapkodnak a milli\u00f3k ut\u00e1n a magyarok, itt a hivatalos adat<\/a>&nbsp;&nbsp;P\u00e9nzcentrum<a href=\"https:\/\/news.google.com\/rss\/articles\/CBMiugFBVV95cUxNdFJ4UUFvb0pYUHVQVVQ2ay1pcldqMS11VWxXSWZSMGZzVjN3ZnpEd3JKR2JKUVlLNTh1QUo0THphUGUwT202VUJNaDlHRi0zelRxT3pkOHc4MWpCUkJtZE9GbzlNdi0tcmJpYzYzSmZ6TFQzbWR2d0lYS2ZMM216SXRKV05qVkRZMTJnUU14SFVlNVpYZFJJb2JjUUJZQXFqR0FkTWYtNVExZnY1N0U3RXZ0aWRDdDRja3c?oc=5\" target=\"_blank\" rel=\"nofollow noopener\">Elmaradt az uborkaszezon, j\u00faliusban is vitte a hiteleket a lakoss\u00e1g<\/a>&nbsp;&nbsp;H\u00edrstart<a href=\"https:\/\/news.google.com\/rss\/articles\/CBMiswFBVV95cUxNc0E0ZVBNZzZDeldOTm1SdmpmeXJseEVHOFRibzZzZ1Z2Y2tVZlRBTi1EaElGbDRKOUJDRFhoRm1sU2lpSndzdEw5UjN2YW5Hd0dFVnBuN0JNZ2FjNVlFaUY5NlZYUzRJLXliZjlRMXE2djVrb0NOMllFb2x0OWw4MHl5MEdnVWJfSEJaVGNUX1hJeEIzZVFUQTJzeThmTTZKOGlxdE5UMER0SWl0UHkzbDg4MA?oc=5\" target=\"_blank\" rel=\"nofollow noopener\">J\u00faliusban is d\u00fcb\u00f6rg\u00f6tt a magyarorsz\u00e1gi hitelpiac, \u00f3ri\u00e1si \u00f6sszegekr\u0151l sz\u00e1mol be az MNB<\/a>&nbsp;&nbsp;tolnamegyeihirek.hu<a href=\"https:\/\/news.google.com\/rss\/articles\/CBMikgFBVV95cUxOLWQ2VkNFWnpQTGVrZ3NSaG1XdnB0U3YzeUE3UjNoTmlVMHJIM0doTGpMUDdqakVpLXF2aEE1Wmlua21ORlA5VVk1UGx2RzI0MTl4QVVNOEdneXVfTElOelVVSEFLd0daRVRwelJkel9wd2RTekFtYnFVVVYxakRqUFRUX1VuQTd0ejF0NUdMeWFmQQ?oc=5\" target=\"_blank\" rel=\"nofollow noopener\">5 milli\u00f3 forint szem\u00e9lyi k\u00f6lcs\u00f6n: hol a legalacsonyabb most a t\u00f6rleszt\u0151?<\/a>&nbsp;&nbsp;biztosdontes.hu<\/p>\n","protected":false},"excerpt":{"rendered":"Megrohant\u00e1k a bankokat az \u00e9lelmes magyarok: t\u00edzmilli\u00f3kat s\u00f6p\u00f6rnek be az \u00faj lak\u00e1shitel-tr\u00fckkel&nbsp;&nbsp;P\u00e9nzcentrumElk\u00e9peszt\u0151, mi folyik a bankokban: kapkodnak a&hellip;\n","protected":false},"author":2,"featured_media":231808,"comment_status":"","ping_status":"","sticky":false,"template":"","format":"standard","meta":{"footnotes":"","_share_on_mastodon":"0"},"categories":[6],"tags":[393,44,42,40,672,43,41,669,671,670,674,111,673],"class_list":["post-231807","post","type-post","status-publish","format-standard","has-post-thumbnail","category-magyarorszag","tag-biztositas","tag-hu","tag-hungarian","tag-hungary","tag-karrier","tag-magyar","tag-magyarorszag","tag-megtakaritas","tag-nyugdij","tag-otthon","tag-utazas","tag-vallalkozas","tag-vasarlas"],"share_on_mastodon":{"url":"https:\/\/pubeurope.com\/@hu\/117208901536522208","error":""},"_links":{"self":[{"href":"https:\/\/www.europesays.com\/hu\/wp-json\/wp\/v2\/posts\/231807","targetHints":{"allow":["GET"]}}],"collection":[{"href":"https:\/\/www.europesays.com\/hu\/wp-json\/wp\/v2\/posts"}],"about":[{"href":"https:\/\/www.europesays.com\/hu\/wp-json\/wp\/v2\/types\/post"}],"author":[{"embeddable":true,"href":"https:\/\/www.europesays.com\/hu\/wp-json\/wp\/v2\/users\/2"}],"replies":[{"embeddable":true,"href":"https:\/\/www.europesays.com\/hu\/wp-json\/wp\/v2\/comments?post=231807"}],"version-history":[{"count":0,"href":"https:\/\/www.europesays.com\/hu\/wp-json\/wp\/v2\/posts\/231807\/revisions"}],"wp:featuredmedia":[{"embeddable":true,"href":"https:\/\/www.europesays.com\/hu\/wp-json\/wp\/v2\/media\/231808"}],"wp:attachment":[{"href":"https:\/\/www.europesays.com\/hu\/wp-json\/wp\/v2\/media?parent=231807"}],"wp:term":[{"taxonomy":"category","embeddable":true,"href":"https:\/\/www.europesays.com\/hu\/wp-json\/wp\/v2\/categories?post=231807"},{"taxonomy":"post_tag","embeddable":true,"href":"https:\/\/www.europesays.com\/hu\/wp-json\/wp\/v2\/tags?post=231807"}],"curies":[{"name":"wp","href":"https:\/\/api.w.org\/{rel}","templated":true}]}}