{"id":231821,"date":"2026-09-03T20:14:11","date_gmt":"2026-09-03T20:14:11","guid":{"rendered":"https:\/\/www.europesays.com\/hu\/231821\/"},"modified":"2026-09-03T20:14:11","modified_gmt":"2026-09-03T20:14:11","slug":"elkepeszto-hatotavolsagot-produkalt-a-skoda-hetuleses-autoja-a-peaq","status":"publish","type":"post","link":"https:\/\/www.europesays.com\/hu\/231821\/","title":{"rendered":"Elk\u00e9peszt\u0151 hat\u00f3t\u00e1vols\u00e1got produk\u00e1lt a \u0160koda h\u00e9t\u00fcl\u00e9ses aut\u00f3ja, a Peaq"},"content":{"rendered":"<p data-alignment=\"left\" class=\"text-left\" data-block-key=\"03g5y\">Ritk\u00e1n fordul el\u0151, hogy egy aut\u00f3gy\u00e1rt\u00f3 tudatosan megpr\u00f3b\u00e1lja megc\u00e1folni a saj\u00e1t adatait. A \u0160koda m\u00e9gis erre v\u00e1llalkozott, amikor k\u00edv\u00e1ncsis\u00e1gb\u00f3l megn\u00e9zte, milyen messzire megy egyetlen t\u00f6lt\u00e9ssel <a href=\"https:\/\/totalcar.hu\/hirek\/2026\/06\/23\/itt-a-vadonatuj-skoda-peaq\/\" target=\"_blank\" rel=\" noopener noreferrer nofollow\" data-link-preview=\"true\" data-og-title=\"Itt az eddigi legnagyobb \u00e9s legt\u00e1gasabb Skoda, a Peaq\" data-og-description=\"M\u00e9g a Kodiaq-n\u00e1l is j\u00f3val nagyobb, a panor\u00e1mateteje gombnyom\u00e1sra s\u00f6t\u00e9tedik, a csomagtart\u00f3ja pedig akkora, mint egy kisebb garzonlak\u00e1s.\" data-og-image=\"https:\/\/totalcar.hu\/media\/images\/052_skoda_peaq_sportline_9f964a_BHTOoeX.format-avif.max-600x400.avif\" data-og-image-small=\"https:\/\/totalcar.hu\/media\/images\/052_skoda_peaq_sportline_9f964a_dc5ag9l.format-avif.max-370x278.avif\" data-og-column=\"H\u00edrek\" data-og-tags=\"[&quot;H\\u00edrek&quot;, &quot;Skoda&quot;, &quot;suv&quot;, &quot;villanyaut\\u00f3&quot;, &quot;elektromos aut\\u00f3&quot;, &quot;\\u00fajdons\\u00e1g&quot;]\">a ny\u00e1ron bemutatott Peaq<\/a>. A cseh m\u00e1rka valaha volt legnagyobb \u00e9s legt\u00e1gasabb modellje \u00f6t-, illetve h\u00e9t\u00fcl\u00e9ses kivitelben is el\u00e9rhet\u0151, a m\u00e9reteib\u0151l pedig joggal lehetne arra k\u00f6vetkeztetni, hogy nem lesz hat\u00f3t\u00e1v-vil\u00e1gbajnok \u2013 ez azonban nem \u00edgy van.<\/p>\n<p data-alignment=\"left\" class=\"text-left\" data-block-key=\"7pnon\">K\u00e9t v\u00e1llalkoz\u00f3 szellem\u0171 \u0160koda-alkalmazott a gy\u00e1rt\u00f3 Mlad\u00e1 Boleslav-i \u00fczem\u00e9b\u0151l indult \u00fatnak a Peaq h\u00e9t\u00fcl\u00e9ses v\u00e1ltozat\u00e1val, c\u00e9lpontk\u00e9nt Hollandi\u00e1t jel\u00f6lt\u00e9k meg. A brutt\u00f3 91 \u2013 nett\u00f3 86 \u2013 kWh-s akkumul\u00e1torcsomaggal szerelt, 286 l\u00f3er\u0151s szabadid\u0151aut\u00f3 pap\u00edron 647 kilom\u00e9ter a WLTP-ciklus szerinti <a href=\"https:\/\/totalcar.hu\/hirek\/2026\/07\/21\/uj-geely-vilagrekord-fogyasztas-hatotav\/\" target=\"_blank\" rel=\" noopener noreferrer nofollow\">hat\u00f3t\u00e1vja<\/a> \u2013 ezt az \u00e9rt\u00e9ket a pr\u00f3ba\u00faton csaknem 45 sz\u00e1zal\u00e9kkal, azaz 289 kilom\u00e9terrel m\u00falt\u00e1k fel\u00fcl.<\/p>\n<p>  <a rel=\"noopener nofollow\" href=\"https:\/\/indamediasales.hu\/2019\/06\/25\/quality_placement_minosegbiztositasi_tajekoztato_728\" target=\"_blank\"><\/p>\n<p>      <img loading=\"lazy\" decoding=\"async\" src=\"https:\/\/totalcar.hu\/static\/images\/brand\/quality_placement_logo.svg\" alt=\"Quality Placement\" width=\"150\" height=\"15\"\/><\/p>\n<p>  <\/a><\/p>\n<p>\n  hirdet\u00e9s\n<\/p>\n<p data-alignment=\"left\" class=\"text-left\" data-block-key=\"mzkho\">Az \u00edgy megtett 936 kilom\u00e9terrel a h\u00e9t\u00fcl\u00e9ses elektromos SUV-k mez\u0151ny\u00e9ben rekordot d\u00f6nt\u00f6tt.<\/p>\n<p>          <a href=\"https:\/\/totalcar.hu\/galeria\/2026\/09\/03\/skoda-peaq-hatotavrekord\/14\/\" data-image-index=\"14\" data-parent-id=\"169715\" class=\"!no-underline\" rel=\"nofollow noopener\" target=\"_blank\"><\/p>\n<p>              <img loading=\"lazy\" decoding=\"async\" alt=\"\" class=\"w-full h-full object-cover rounded-bl-[20px] lg:rounded-bl-none lg:rounded-tr-[20px] border-white border-t border-r lg:border-t-0 lg:border-r-0 lg:border-b lg:border-l aspect-[16\/9]\" height=\"246\"  src=\"https:\/\/www.europesays.com\/hu\/wp-content\/uploads\/2026\/09\/PEAQ_Record_Run-00074_50dd3404.format-jpeg.max-370x278.jpg\"  width=\"370\"\/><\/p>\n<p>          <\/a><\/p>\n<p>          <a href=\"https:\/\/totalcar.hu\/galeria\/2026\/09\/03\/skoda-peaq-hatotavrekord\/18\/\" data-image-index=\"18\" data-parent-id=\"169715\" class=\"!no-underline\" rel=\"nofollow noopener\" target=\"_blank\"><\/p>\n<p>              <img loading=\"lazy\" decoding=\"async\" alt=\"\" class=\"w-full h-full object-cover rounded-br-[20px] lg:border-l border-white border-t lg:border-t-0 lg:border-l aspect-[16\/9]\" height=\"246\"  src=\"https:\/\/www.europesays.com\/hu\/wp-content\/uploads\/2026\/09\/peaq_record_run-00075_9fdf75c0-1.format-jpeg.max-370x278.jpg\"  width=\"370\"\/><\/p>\n<p>          <\/a><\/p>\n<p>        Fot\u00f3: \u0160koda<\/p>\n<p data-alignment=\"left\" class=\"text-left\" data-block-key=\"anfdn\">A 100 kilom\u00e9terenk\u00e9nti \u00e1tlagfogyaszt\u00e1s 9,2 kWh-ra j\u00f6tt ki, ugyanakkor arr\u00f3l nem tett eml\u00edt\u00e9st a <a href=\"https:\/\/www.skoda-storyboard.com\/en\/emobility\/peaq-sets-a-record-from-the-heart-of-europe-to-the-sea-without-recharging\/\" target=\"_blank\" rel=\" noopener noreferrer nofollow\">k\u00f6zlem\u00e9ny<\/a>, hogy milyen ar\u00e1nyban voltak a gyorsforgalmi \u00e9s v\u00e1rosi utak, csup\u00e1n annyit \u00e1rultak el, hogy a mesters\u00e9ges intelligencia seg\u00edts\u00e9g\u00e9vel olyan \u00fatvonalat terveztek, ami hat\u00f3t\u00e1vols\u00e1g szempontj\u00e1b\u00f3l a legoptim\u00e1lisabb. A csaknem 1000 kilom\u00e9teres t\u00far\u00e1nak augusztus 25-\u00e9n d\u00e9lben v\u00e1gtak neki a \u0161kod\u00e1sok, akik \u00fagy \u00e9rtek Hollandi\u00e1ba m\u00e1snap kora reggel, a zandvoorti tengerpartra pedig a d\u00e9lut\u00e1ni \u00f3r\u00e1kban, hogy menet k\u00f6zben meg\u00e1lltak sof\u0151rt cser\u00e9lni, pihenni \u00e9s enni.<\/p>\n<p data-alignment=\"left\" class=\"text-left\" data-block-key=\"50klo\">Nem v\u00e9letlen\u00fcl indult <a href=\"https:\/\/totalcar.hu\/belsoseg\/2026\/09\/01\/mlady-boleslav-kigyulladt-tuzkar-balkan-rally-skoda-120\/\" target=\"_blank\" rel=\" noopener noreferrer nofollow\" data-link-preview=\"true\" data-og-title=\"Kigyulladt a Skod\u00e1nk \u2013 hogy lesz \u00edgy Balkan Rally?\" data-og-description=\"\u00d3ri\u00e1si hajr\u00e1ban vagyunk az \u00e9ves projektaut\u00f3nk legnagyobb bevet\u00e9se el\u0151tt, \u00e9s mikor t\u00f6rt\u00e9nnek vele a legfat\u00e1lisabb probl\u00e9m\u00e1k? H\u00e1t persze, hogy most! \u00c9letemben nem kellett m\u00e9g eloltanom \u00e9g\u0151 aut\u00f3t eg\u00e9szen id\u00e1ig, \u00e9s ez nem olyan dolog, amire az ember k\u00e9sz\u00fcl, vagy sz\u00e1m\u00edt, ez csak \u00fagy megt\u00f6rt\u00e9nik, \u00e9s ilyenkor minden pillanat sz\u00e1m\u00edt.\" data-og-image=\"https:\/\/totalcar.hu\/media\/images\/Mlady_Boleslav_kiegett_tuz_6.format-avif.max-600x400.avif\" data-og-image-small=\"https:\/\/totalcar.hu\/media\/images\/Mlady_Boleslav_kiegett_tuz_6.format-avif.max-370x278.avif\" data-og-column=\"Bels\u0151s\u00e9g\" data-og-tags=\"[&quot;Bels\\u0151s\\u00e9g&quot;, &quot;M&#039;lady Boleslav&quot;, &quot;Balkan Rally 2026&quot;, &quot;Skoda&quot;, &quot;Skoda 120&quot;, &quot;veter\\u00e1n aut\\u00f3&quot;, &quot;klasszikus&quot;]\">Mlad\u00e1 Boleslavb\u00f3l<\/a> a Peaq, ugyanis ott gy\u00e1rtj\u00e1k. A sz\u00e1mos \u00fajdons\u00e1ggal felv\u00e9rtezett SUV igazi sikersztorinak \u00edg\u00e9rkezik, mivel m\u00e1r t\u00f6bb mint 10 ezer megrendel\u00e9st adtak le r\u00e1.<\/p>\n<p data-alignment=\"left\" class=\"text-left\" data-block-key=\"03g5y\">Bor\u00edt\u00f3k\u00e9p: \u0160koda<\/p>\n<p><a href=\"https:\/\/google.com\/preferences\/source?q=https%3A\/\/totalcar.hu\" rel=\"noopener nofollow\" referrerpolicy=\"no-referrer-when-downgrade\" class=\"!flex !items-center !gap-5 !py-2 !px-3 w-full !rounded-xl !font-bold cursor-pointer !no-underline relative !bg-white !text-[#202124] !border !border-[#858585] dark:!bg-[#323232] dark:!text-white dark:border-none my-4 \" target=\"_blank\"><br \/>\n  <img decoding=\"async\" src=\"https:\/\/totalcar.hu\/static\/images\/favicons\/google_favicon.svg\" alt=\"Google\" class=\"shrink-0 w-7 h-7\"\/><br \/>\n  \u00c1ll\u00edtsd be, hogy a Totalcar az els\u0151k k\u00f6z\u00f6tt legyen a Google-tal\u00e1latokban!<\/p>\n<p><\/a><\/p>\n","protected":false},"excerpt":{"rendered":"Ritk\u00e1n fordul el\u0151, hogy egy aut\u00f3gy\u00e1rt\u00f3 tudatosan megpr\u00f3b\u00e1lja megc\u00e1folni a saj\u00e1t adatait. A \u0160koda m\u00e9gis erre v\u00e1llalkozott, amikor&hellip;\n","protected":false},"author":2,"featured_media":231822,"comment_status":"","ping_status":"","sticky":false,"template":"","format":"standard","meta":{"footnotes":"","_share_on_mastodon":"0"},"categories":[10],"tags":[110,466,1791,15167,20832,44,42,40,43,41,23068,3889,4516,2846,111],"class_list":["post-231821","post","type-post","status-publish","format-standard","has-post-thumbnail","category-vallalkozas","tag-business","tag-elektromos-auto","tag-hatotav","tag-hatotavolsag","tag-hetuleses","tag-hu","tag-hungarian","tag-hungary","tag-magyar","tag-magyarorszag","tag-peaq","tag-rekord","tag-skoda","tag-suv","tag-vallalkozas"],"share_on_mastodon":{"url":"https:\/\/pubeurope.com\/@hu\/117208945177167608","error":""},"_links":{"self":[{"href":"https:\/\/www.europesays.com\/hu\/wp-json\/wp\/v2\/posts\/231821","targetHints":{"allow":["GET"]}}],"collection":[{"href":"https:\/\/www.europesays.com\/hu\/wp-json\/wp\/v2\/posts"}],"about":[{"href":"https:\/\/www.europesays.com\/hu\/wp-json\/wp\/v2\/types\/post"}],"author":[{"embeddable":true,"href":"https:\/\/www.europesays.com\/hu\/wp-json\/wp\/v2\/users\/2"}],"replies":[{"embeddable":true,"href":"https:\/\/www.europesays.com\/hu\/wp-json\/wp\/v2\/comments?post=231821"}],"version-history":[{"count":0,"href":"https:\/\/www.europesays.com\/hu\/wp-json\/wp\/v2\/posts\/231821\/revisions"}],"wp:featuredmedia":[{"embeddable":true,"href":"https:\/\/www.europesays.com\/hu\/wp-json\/wp\/v2\/media\/231822"}],"wp:attachment":[{"href":"https:\/\/www.europesays.com\/hu\/wp-json\/wp\/v2\/media?parent=231821"}],"wp:term":[{"taxonomy":"category","embeddable":true,"href":"https:\/\/www.europesays.com\/hu\/wp-json\/wp\/v2\/categories?post=231821"},{"taxonomy":"post_tag","embeddable":true,"href":"https:\/\/www.europesays.com\/hu\/wp-json\/wp\/v2\/tags?post=231821"}],"curies":[{"name":"wp","href":"https:\/\/api.w.org\/{rel}","templated":true}]}}