{"id":231837,"date":"2026-09-03T20:26:10","date_gmt":"2026-09-03T20:26:10","guid":{"rendered":"https:\/\/www.europesays.com\/hu\/231837\/"},"modified":"2026-09-03T20:26:10","modified_gmt":"2026-09-03T20:26:10","slug":"dontott-szoboszlai-uj-posztjarol-a-liverpool-edzoje-ott-is-tud-jatszani","status":"publish","type":"post","link":"https:\/\/www.europesays.com\/hu\/231837\/","title":{"rendered":"D\u00f6nt\u00f6tt Szoboszlai \u00faj posztj\u00e1r\u00f3l a Liverpool edz\u0151je: &#8222;Ott is tud j\u00e1tszani&#8221;"},"content":{"rendered":"<p>                    <a href=\"https:\/\/news.google.com\/publications\/CAAqJQgKIh9DQklTRVFnTWFnMEtDMk56WVd0bWIyTnBMbWgxS0FBUAE\" target=\"_blank\" class=\"google-news\" rel=\"nofollow noopener\">A legfrissebb h\u00edrek\u00e9rt k\u00f6vess minket a Csakfoci Google News oldal\u00e1n is!<\/a><\/p>\n<p>Andoni Iraola, a Liverpool vezet\u0151edz\u0151je a p\u00e9nteki, Ipswich Town elleni bajnoki el\u0151tt \u00e1llt a sajt\u00f3 rendelkez\u00e9s\u00e9re. A Liverpool az \u00fajonc otthon\u00e1ba, a Portman Roadra l\u00e1togat p\u00e9nteken, \u00e9s els\u0151 gy\u0151zelm\u00e9re k\u00e9sz\u00fcl a szezonban, miut\u00e1n a Newcastle United \u00e9s a Nottingham Forest ellen is 2-2-es d\u00f6ntetlent j\u00e1tszott. A Liverpool mindk\u00e9t m\u00e9rk\u0151z\u00e9sen csak k\u00e9s\u0151i egyenl\u00edt\u0151 g\u00f3llal tudta elker\u00fclni a veres\u00e9get: Newcastle-ben Szoboszlai a hajr\u00e1ban tal\u00e1lt be, a Forest ellen pedig a ny\u00e1ron igazolt Victor Munoz mentette meg a csapatot.<\/p>\n<p>Iraola egy\u00fcttese felem\u00e1san kezdte a szezont, a szurkol\u00f3k pedig tov\u00e1bbra is v\u00e1rj\u00e1k, hogy a csapat igaz\u00e1n lend\u00fcletbe j\u00f6jj\u00f6n. Az Ipswich ugyanakkor legut\u00f3bb 2000 december\u00e9ben tudott nyerni az Anfielden, \u00edgy a Liverpool sz\u00e1m\u00edt a p\u00e9nteki m\u00e9rk\u0151z\u00e9s es\u00e9lyes\u00e9nek. A friss igazol\u00e1s Bradley Barcola \u00faj sz\u00ednt hozhat a csapat j\u00e1t\u00e9k\u00e1ba. A francia t\u00e1mad\u00f3 a h\u00e9t elej\u00e9n \u00e9rkezett a Paris Saint-Germaint\u0151l, \u00e9s ak\u00e1r az Ipswich ellen be is mutatkozhat a V\u00f6r\u00f6s\u00f6kn\u00e9l.<\/p>\n<p>Iraol\u00e1t megk\u00e9rdezt\u00e9k arr\u00f3l is, mennyire frusztr\u00e1lja, hogy els\u0151 k\u00e9t m\u00e9rk\u0151z\u00e9s\u00e9n nem siker\u00fclt nyernie, illetve milyen vesz\u00e9lyt jelenthet az Ipswich hazai p\u00e1ly\u00e1n.<\/p>\n<p>&#8211; Hat\u00e1rozottan ideges\u00edt. Ha nem nyersz, frusztr\u00e1lt vagy. Csak k\u00e9t m\u00e9rk\u0151z\u00e9sen vagyunk t\u00fal, de nyern\u00fcnk kell. A holnapi m\u00e9rk\u0151z\u00e9s&#8230; az els\u0151 k\u00e9t h\u00e9t a legnehezebb, de most sokkal nyugodtabb vagyok, hogy lez\u00e1rult az \u00e1tigazol\u00e1si id\u0151szak, \u00e9s tudjuk, kik vagyunk. Teljes\u00edten\u00fcnk kell \u00e9s el kell v\u00e9gezn\u00fcnk a dolgunkat. Az Ipswich megnyerte az els\u0151 hazai m\u00e9rk\u0151z\u00e9s\u00e9t. <a href=\"https:\/\/www.csakfoci.hu\/kulfoldi-foci\/topligak-hengerelt-a-real-es-az-mu-is-bruno-fernandes-triplazott-videok\" rel=\"nofollow noopener\" target=\"_blank\">M\u00e9g a legut\u00f3bbi meccs\u00fck\u00f6n is \u0151k voltak a jobbak az els\u0151 f\u00e9lid\u0151ben, eg\u00e9szen addig, am\u00edg a Manchester United 2-1-n\u00e9l megszerezte a vezet\u00e9st<\/a>, \u00e9s a m\u00e9rk\u0151z\u00e9s ny\u00edltabb\u00e1 v\u00e1lt. Fel kell k\u00e9sz\u00fcln\u00fcnk, \u00e9s a legjobbat kell ny\u00fajtanunk.<\/p>\n<p>Szoboszlai a jobbh\u00e1tv\u00e9d posztj\u00e1n?<\/p>\n<p>Jeremie Frimpong v\u00e9dekez\u00e9s\u00e9t az elm\u00falt id\u0151szakban t\u00f6bbsz\u00f6r is kritiz\u00e1lt\u00e1k, mik\u00f6zben Conor Bradley tov\u00e1bbra sem bevethet\u0151. Iraol\u00e1t arr\u00f3l k\u00e9rdezt\u00e9k, hogyan oldhatja meg a Liverpool a jobbh\u00e1tv\u00e9d posztj\u00e1n kialakult l\u00e9tsz\u00e1mhi\u00e1nyt, \u00e9s a spanyol szakember Szoboszlai Dominikra is kit\u00e9rt.<\/p>\n<p>A keret jelenlegi nagy probl\u00e9m\u00e1ja, hogy Conor nincs ott jobbh\u00e1tv\u00e9dk\u00e9nt. Ez\u00e9rt is tartom \u00e9rt\u00e9kesnek Domot ezen a poszton, hiszen ott is tud j\u00e1tszani. Egy j\u00e1t\u00e9kos sokoldal\u00fas\u00e1ga seg\u00edt \u00e1tv\u00e9szelni azokat az id\u0151szakokat, amikor s\u00e9r\u00fcl\u00e9seink vannak. A k\u00f6z\u00e9pp\u00e1ly\u00e1n megfelel\u0151 l\u00e9tsz\u00e1mban vagyunk. Most az a k\u00e9rd\u00e9s, hogy \u00e9n hozzam meg a megfelel\u0151 d\u00f6nt\u00e9seket. Most pr\u00f3b\u00e1lom megtal\u00e1lni a legjobb kombin\u00e1ci\u00f3kat, r\u00e1ad\u00e1sul olyan id\u0151szak el\u0151tt \u00e1llunk, amikor sok m\u00e9rk\u0151z\u00e9st j\u00e1tszunk majd. Lehet\u0151s\u00e9g\u00fcnk lesz l\u00e1tni, milyen lehet\u0151s\u00e9geink \u00e9s milyen kombin\u00e1ci\u00f3ink vannak. Ez m\u00e1r az edz\u0151i munka r\u00e9sze<\/p>\n<p>&#8211; tette hozz\u00e1 a baszk tr\u00e9ner.<\/p>\n<p>Szoboszlai egy\u00e9bk\u00e9nt minden sorozatot figyelembe v\u00e9ve a 150. m\u00e9rk\u0151z\u00e9s\u00e9t j\u00e1tszhatja a Liverpool sz\u00edneiben p\u00e9nteken &#8211; nem kiz\u00e1rt, hogy jobbh\u00e1tv\u00e9dk\u00e9nt.<\/p>\n","protected":false},"excerpt":{"rendered":"A legfrissebb h\u00edrek\u00e9rt k\u00f6vess minket a Csakfoci Google News oldal\u00e1n is! Andoni Iraola, a Liverpool vezet\u0151edz\u0151je a p\u00e9nteki,&hellip;\n","protected":false},"author":2,"featured_media":231838,"comment_status":"","ping_status":"","sticky":false,"template":"","format":"standard","meta":{"footnotes":"","_share_on_mastodon":"0"},"categories":[14],"tags":[24582,44,42,40,3209,1028,43,41,45,131,1811],"class_list":["post-231837","post","type-post","status-publish","format-standard","has-post-thumbnail","category-sport","tag-andoni-iraola","tag-hu","tag-hungarian","tag-hungary","tag-legiosok","tag-liverpool","tag-magyar","tag-magyarorszag","tag-sport","tag-sports","tag-szoboszlai-dominik"],"share_on_mastodon":{"url":"https:\/\/pubeurope.com\/@hu\/117208992139974243","error":""},"_links":{"self":[{"href":"https:\/\/www.europesays.com\/hu\/wp-json\/wp\/v2\/posts\/231837","targetHints":{"allow":["GET"]}}],"collection":[{"href":"https:\/\/www.europesays.com\/hu\/wp-json\/wp\/v2\/posts"}],"about":[{"href":"https:\/\/www.europesays.com\/hu\/wp-json\/wp\/v2\/types\/post"}],"author":[{"embeddable":true,"href":"https:\/\/www.europesays.com\/hu\/wp-json\/wp\/v2\/users\/2"}],"replies":[{"embeddable":true,"href":"https:\/\/www.europesays.com\/hu\/wp-json\/wp\/v2\/comments?post=231837"}],"version-history":[{"count":0,"href":"https:\/\/www.europesays.com\/hu\/wp-json\/wp\/v2\/posts\/231837\/revisions"}],"wp:featuredmedia":[{"embeddable":true,"href":"https:\/\/www.europesays.com\/hu\/wp-json\/wp\/v2\/media\/231838"}],"wp:attachment":[{"href":"https:\/\/www.europesays.com\/hu\/wp-json\/wp\/v2\/media?parent=231837"}],"wp:term":[{"taxonomy":"category","embeddable":true,"href":"https:\/\/www.europesays.com\/hu\/wp-json\/wp\/v2\/categories?post=231837"},{"taxonomy":"post_tag","embeddable":true,"href":"https:\/\/www.europesays.com\/hu\/wp-json\/wp\/v2\/tags?post=231837"}],"curies":[{"name":"wp","href":"https:\/\/api.w.org\/{rel}","templated":true}]}}