{"id":231839,"date":"2026-09-03T20:27:07","date_gmt":"2026-09-03T20:27:07","guid":{"rendered":"https:\/\/www.europesays.com\/hu\/231839\/"},"modified":"2026-09-03T20:27:07","modified_gmt":"2026-09-03T20:27:07","slug":"149-ezer-mustang-testkabele-okozhat-furcsa-problemakat","status":"publish","type":"post","link":"https:\/\/www.europesays.com\/hu\/231839\/","title":{"rendered":"149 ezer Mustang testk\u00e1bele okozhat furcsa probl\u00e9m\u00e1kat"},"content":{"rendered":"<p data-alignment=\"left\" class=\"text-left\" data-block-key=\"tj0ya\">A cikk bor\u00edt\u00f3k\u00e9pe illusztr\u00e1ci\u00f3, egy kor\u00e1bbi tesztaut\u00f3nk szerepel rajta.<\/p>\n<p data-alignment=\"left\" class=\"text-left\" data-block-key=\"8l8n5\">A Fordot gyakran a <a href=\"https:\/\/totalcar.hu\/hirek\/2026\/05\/08\/98-millio-autot-hivott-vissza-a-ford-iden\/\" target=\"_blank\" rel=\" noopener noreferrer nofollow\" data-link-preview=\"true\" data-og-title=\"9,8 milli\u00f3 aut\u00f3t h\u00edvott vissza a Ford id\u00e9n\" data-og-description=\"Nem v\u00e9letlen\u00fcl h\u00edvj\u00e1k a visszah\u00edv\u00e1sok kir\u00e1ly\u00e1nak az amerikai gy\u00e1rt\u00f3t.\" data-og-image=\"https:\/\/totalcar.hu\/media\/images\/ford_f-150_lariat_supercrew_44_.format-avif.max-600x400.avif\" data-og-image-small=\"https:\/\/totalcar.hu\/media\/images\/ford_f-150_lariat_supercrew_44_.format-avif.max-370x278.avif\" data-og-column=\"H\u00edrek\" data-og-tags=\"[&quot;H\\u00edrek&quot;, &quot;visszah\\u00edv\\u00e1s&quot;, &quot;ford&quot;, &quot;nhtsa&quot;, &quot;usa&quot;, &quot;egyes\\u00fclt \\u00e1llamok&quot;, &quot;aut\\u00f3gy\\u00e1rt\\u00f3&quot;, &quot;hiba&quot;]\">visszah\u00edv\u00e1sok kir\u00e1ly\u00e1nak<\/a> nevezik, \u00e9s itt egy \u00fajabb p\u00e9lda, ami bizony\u00edtja, hogy nem v\u00e9letlen\u00fcl kapta ezt az elnevez\u00e9st. Most \u00e9pp 148 663 Mustangot h\u00edvnak vissza, mert egy motort\u00e9rben tal\u00e1lhat\u00f3 apr\u00f3 alkatr\u00e9sz k\u00fcl\u00f6nb\u00f6z\u0151 gondokat okozhat az aut\u00f3kn\u00e1l. A probl\u00e9m\u00e1kat egy rendk\u00edv\u00fcl egyszer\u0171 alkatr\u00e9sz okozza: elt\u00f6rhet a testk\u00e1bel azon r\u00e9sze, ahol \u00e1tmegy rajta a csavar, ez pedig t\u00f6bbf\u00e9le egy\u00e9b hib\u00e1t id\u00e9zhet el\u0151.<\/p>\n<p data-alignment=\"left\" class=\"text-left\" data-block-key=\"bjutr\">A testk\u00e1bel t\u00f6r\u00e9se miatt el\u0151fordulhat, hogy nem vil\u00e1g\u00edtanak a f\u00e9nysz\u00f3r\u00f3k, meg\u00e1ll a l\u00e9gkondi, nem indul el a h\u0171t\u0151ventil\u00e1tor, cs\u00fct\u00f6rt\u00f6k\u00f6t mondhat az ablakmos\u00f3, s\u0151t, az is el\u0151fordulhat, hogy le\u00e1ll a motor. Az teh\u00e1t vil\u00e1gos, hogy az apr\u00f3 kellemetlens\u00e9gb\u0151l gyorsan komoly gond lehet, ami adott es\u00e9lyben vesz\u00e9lyes szitu\u00e1ci\u00f3kat id\u00e9zhet el\u0151.<\/p>\n<p>  <a rel=\"noopener nofollow\" href=\"https:\/\/indamediasales.hu\/2019\/06\/25\/quality_placement_minosegbiztositasi_tajekoztato_728\" target=\"_blank\"><\/p>\n<p>      <img loading=\"lazy\" decoding=\"async\" src=\"https:\/\/totalcar.hu\/static\/images\/brand\/quality_placement_logo.svg\" alt=\"Quality Placement\" width=\"150\" height=\"15\"\/><\/p>\n<p>  <\/a><\/p>\n<p>\n  hirdet\u00e9s\n<\/p>\n<p>      A k\u00e9p illusztr\u00e1ci\u00f3, egy kor\u00e1bbi tesztaut\u00f3nk szerepel rajta<\/p>\n<p data-alignment=\"left\" class=\"text-left\" data-block-key=\"4aqsc\">A probl\u00e9m\u00e1t gy\u00e1rt\u00e1si hiba okozza, ami miatt a testk\u00e1bel a v\u00e1rtn\u00e1l drasztikusan gyorsabban mehet t\u00f6nkre. A sof\u0151r\u00f6ket hibal\u00e1mp\u00e1k \u00e9s hangjelz\u00e9s figyelmeztetheti arra, hogy valamilyen gond ad\u00f3dott. Azt mondjuk a konkr\u00e9t hiba ismerete n\u00e9lk\u00fcl neh\u00e9z megtippelni, hogy ilyenkor mit szeretne a sof\u0151r tudt\u00e1ra adni a rendszer, hiszen tem\u00e9rdek probl\u00e9ma miatt jelezhet hasonl\u00f3an az aut\u00f3.<\/p>\n<p data-alignment=\"left\" class=\"text-left\" data-block-key=\"94rt\">A Ford azt mondja, hogy becsl\u00e9seik szerint nagyj\u00e1b\u00f3l csak a <a href=\"https:\/\/totalcar.hu\/tesztek\/2025\/10\/17\/ford-mustang-dark-horse-50-v8-teszt\/\" target=\"_blank\" rel=\" noopener noreferrer nofollow\" data-link-preview=\"true\" data-og-title=\"Szt\u00e1r leszel vele a saj\u00e1t filmedben\" data-og-description=\"L\u00e1tsz\u00f3lag \u00fagy szokt\u00e1k eldob\u00e1lni a Mustangokat, mint m\u00e1s a cigicsikket, ez\u00e9rt mindig komoly \u00f3vatoss\u00e1ggal \u00e1llok neki kergetni. Ez viszont tapad mint a fest\u00e9k, egy szteroidozott MX-5, a Dark Horse csomag teljesen m\u00e1s aut\u00f3t farag bel\u0151le.\" data-og-image=\"https:\/\/totalcar.hu\/media\/images\/420A0691.format-avif.max-600x400.avif\" data-og-image-small=\"https:\/\/totalcar.hu\/media\/images\/420A0691.format-avif.max-370x278.avif\" data-og-column=\"Tesztek\" data-og-tags=\"[&quot;Tesztek&quot;, &quot;teszt&quot;, &quot;ford&quot;, &quot;mustang&quot;, &quot;dark horse&quot;, &quot;izomaut\\u00f3&quot;, &quot;sportaut\\u00f3&quot;, &quot;v8&quot;]\">Mustangok<\/a> 1 sz\u00e1zal\u00e9k\u00e1n\u00e1l lehet igaz\u00e1b\u00f3l is hib\u00e1s a testk\u00e1bel \u2013 mondjuk ez is nagyj\u00e1b\u00f3l 1500 aut\u00f3t jelent. A probl\u00e9m\u00e1t egy tart\u00f3ss\u00e1gi tesztn\u00e9l fedezte fel az amerikai gy\u00e1rt\u00f3, amikor teljes\u00edtm\u00e9nycs\u00f6kken\u00e9st vettek \u00e9szre egy Mustangn\u00e1l. Kider\u00fclt, hogy a hib\u00e1t a testk\u00e1bel t\u00f6r\u00f6tt csatlakoz\u00f3ja okozta.<\/p>\n<p data-alignment=\"left\" class=\"text-left\" data-block-key=\"demfp\">Ez a hiba a 2024-es, 2025-\u00f6s \u00e9s 2026-os modell\u00e9v\u0171 Mustangokat \u00e9rintheti. A Ford eddig \u00f6sszesen nyolc olyan esetet regisztr\u00e1lt, ahol a testk\u00e1bel hib\u00e1s volt. Hozz\u00e1tett\u00e9k: egyetlen baleset se t\u00f6rt\u00e9nt, \u00e9s senki nem s\u00e9r\u00fclt meg. A Ford a visszah\u00edv\u00e1s keretein bel\u00fcl \u00fajratervezett darabokra cser\u00e9li a meghib\u00e1sod\u00e1sra hajlamos testk\u00e1beleket. A megold\u00e1s m\u00e9g messze van: a Ford m\u00e9g csak a k\u00f6zelm\u00faltban j\u00f6tt r\u00e1 a probl\u00e9m\u00e1ra, ez\u00e9rt el\u0151bb ki kell sakkozniuk, hogy mi legyen a megold\u00e1s menete. A konkr\u00e9t jav\u00edt\u00e1sok 2027 els\u0151 fel\u00e9ben v\u00e1rhat\u00f3k.<\/p>\n<p data-alignment=\"left\" class=\"text-left\" data-block-key=\"4npud\">Megkerestem a Ford magyarorsz\u00e1gi k\u00e9pviselet\u00e9t, akik azt mondt\u00e1k, hogy eur\u00f3pai aut\u00f3kat nem \u00e9rint a probl\u00e9ma. Ugyanakkor \u00e9rdemes figyelembe venni, hogy Magyarorsz\u00e1gon t\u00f6bb olyan Mustang is forgalomban van, amiket nem itthoni keresked\u00e9s adott el, hanem amiket az Egyes\u00fclt \u00c1llamokb\u00f3l import\u00e1ltak k\u00fcl\u00f6n. Ut\u00f3bbiakn\u00e1l \u00e9rdemes lehet ut\u00e1naj\u00e1rni, hogy fenn\u00e1llhat-e a probl\u00e9ma.<\/p>\n<p data-alignment=\"left\" class=\"text-left\" data-block-key=\"99av\">Forr\u00e1s: Ford \/ NHTSA<\/p>\n<p><a href=\"https:\/\/google.com\/preferences\/source?q=https%3A\/\/totalcar.hu\" rel=\"noopener nofollow\" referrerpolicy=\"no-referrer-when-downgrade\" class=\"!flex !items-center !gap-5 !py-2 !px-3 w-full !rounded-xl !font-bold cursor-pointer !no-underline relative !bg-white !text-[#202124] !border !border-[#858585] dark:!bg-[#323232] dark:!text-white dark:border-none my-4 \" target=\"_blank\"><br \/>\n  <img decoding=\"async\" src=\"https:\/\/totalcar.hu\/static\/images\/favicons\/google_favicon.svg\" alt=\"Google\" class=\"shrink-0 w-7 h-7\"\/><br \/>\n  \u00c1ll\u00edtsd be, hogy a Totalcar az els\u0151k k\u00f6z\u00f6tt legyen a Google-tal\u00e1latokban!<\/p>\n<p><\/a><\/p>\n","protected":false},"excerpt":{"rendered":"A cikk bor\u00edt\u00f3k\u00e9pe illusztr\u00e1ci\u00f3, egy kor\u00e1bbi tesztaut\u00f3nk szerepel rajta. A Fordot gyakran a visszah\u00edv\u00e1sok kir\u00e1ly\u00e1nak nevezik, \u00e9s itt&hellip;\n","protected":false},"author":2,"featured_media":231840,"comment_status":"","ping_status":"","sticky":false,"template":"","format":"standard","meta":{"footnotes":"","_share_on_mastodon":"0"},"categories":[12],"tags":[303,1788,2181,44,42,40,43,41,9203,6059,5439,121,120,125,122,124,123,812,754],"class_list":["post-231839","post","type-post","status-publish","format-standard","has-post-thumbnail","category-tudomany-es-technologia","tag-egyesult-allamok","tag-ford","tag-hiba","tag-hu","tag-hungarian","tag-hungary","tag-magyar","tag-magyarorszag","tag-meghibasodas","tag-mustang","tag-problema","tag-science","tag-science-technology","tag-technologia","tag-technology","tag-tudomany","tag-tudomany-es-technologia","tag-usa","tag-visszahivas"],"share_on_mastodon":{"url":"https:\/\/pubeurope.com\/@hu\/117208996572067310","error":""},"_links":{"self":[{"href":"https:\/\/www.europesays.com\/hu\/wp-json\/wp\/v2\/posts\/231839","targetHints":{"allow":["GET"]}}],"collection":[{"href":"https:\/\/www.europesays.com\/hu\/wp-json\/wp\/v2\/posts"}],"about":[{"href":"https:\/\/www.europesays.com\/hu\/wp-json\/wp\/v2\/types\/post"}],"author":[{"embeddable":true,"href":"https:\/\/www.europesays.com\/hu\/wp-json\/wp\/v2\/users\/2"}],"replies":[{"embeddable":true,"href":"https:\/\/www.europesays.com\/hu\/wp-json\/wp\/v2\/comments?post=231839"}],"version-history":[{"count":0,"href":"https:\/\/www.europesays.com\/hu\/wp-json\/wp\/v2\/posts\/231839\/revisions"}],"wp:featuredmedia":[{"embeddable":true,"href":"https:\/\/www.europesays.com\/hu\/wp-json\/wp\/v2\/media\/231840"}],"wp:attachment":[{"href":"https:\/\/www.europesays.com\/hu\/wp-json\/wp\/v2\/media?parent=231839"}],"wp:term":[{"taxonomy":"category","embeddable":true,"href":"https:\/\/www.europesays.com\/hu\/wp-json\/wp\/v2\/categories?post=231839"},{"taxonomy":"post_tag","embeddable":true,"href":"https:\/\/www.europesays.com\/hu\/wp-json\/wp\/v2\/tags?post=231839"}],"curies":[{"name":"wp","href":"https:\/\/api.w.org\/{rel}","templated":true}]}}