{"id":231847,"date":"2026-09-03T20:32:10","date_gmt":"2026-09-03T20:32:10","guid":{"rendered":"https:\/\/www.europesays.com\/hu\/231847\/"},"modified":"2026-09-03T20:32:10","modified_gmt":"2026-09-03T20:32:10","slug":"ledobta-a-bombat-az-mnb-hatalmas-fordulat-jott-a-forintnal-percek-alatt-szakadt-be-az-euro","status":"publish","type":"post","link":"https:\/\/www.europesays.com\/hu\/231847\/","title":{"rendered":"Ledobta a bomb\u00e1t az MNB? Hatalmas fordulat j\u00f6tt a forintn\u00e1l, percek alatt szakadt be az eur\u00f3"},"content":{"rendered":"<p>2026. szeptember 3. 19:16<\/p>\n<p>Jelent\u0151sen er\u0151s\u00f6d\u00f6tt a forint cs\u00fct\u00f6rt\u00f6k\u00f6n a f\u0151bb deviz\u00e1kkal szemben. Az eur\u00f3 \u00e1rfolyama a reggeli 367,81 forintr\u00f3l kora est\u00e9re 363,01 forintra cs\u00f6kkent, mik\u00f6zben napk\u00f6zben 361,97 \u00e9s 368,01 forint k\u00f6z\u00f6tt mozgott.<\/p>\n<p>Er\u0151teljes forinter\u0151s\u00f6d\u00e9st hozott a cs\u00fct\u00f6rt\u00f6ki nap a bankk\u00f6zi devizapiacon. Az <a href=\"https:\/\/www.penzcentrum.hu\/arfolyam\/deviza\/EURHUF\" rel=\"nofollow noopener\" target=\"_blank\">eur\u00f3val szemben<\/a> k\u00f6zel 5 forinttal er\u0151s\u00f6d\u00f6tt a magyar fizet\u0151eszk\u00f6z: a reggel hat \u00f3ra ut\u00e1n jegyzett 367,81 forintr\u00f3l 18 \u00f3r\u00e1ra 363,01 forintra esett az eur\u00f3 \u00e1rfolyama.<\/p>\n<p>\t\t\t\t<a href=\"https:\/\/www.penzcentrum.hu\/frisshirek\" rel=\"nofollow noopener\" target=\"_blank\">A legfrissebb h\u00edrek, id\u0151rendben ITT!<\/a><\/p>\n<p>\t\t\t\t<a href=\"https:\/\/news.google.com\/publications\/CAAiECtCpL84n14N1lGAd73KUFMqFAgKIhArQqS_OJ9eDdZRgHe9ylBT?hl=hu&amp;gl=HU&amp;ceid=HU%3Ahu\" rel=\"nofollow noopener\" target=\"_blank\">K\u00f6vess minket a Google H\u00edrek-ben is!<\/a><\/p>\n<p>&#13;<\/p>\n<p>A nap k\u00f6zben enn\u00e9l is er\u0151sebb forintot l\u00e1thattunk, az eur\u00f3 jegyz\u00e9se 361,97 forintig s\u00fcllyedt, mik\u00f6zben a napi cs\u00facs 368,01 forint volt. A d\u00e9lut\u00e1ni mozg\u00e1s k\u00fcl\u00f6n\u00f6sen l\u00e1tv\u00e1nyos volt. A Portfolio besz\u00e1mol\u00f3ja szerint a forint kora d\u00e9lut\u00e1nig 366-367 k\u00f6rny\u00e9k\u00e9n mozgott, majd hirtelen er\u0151s\u00f6d\u00e9s kezd\u0151d\u00f6tt, \u00e9s az eur\u00f3 \u00e1rfolyama 363 forint al\u00e1 is ben\u00e9zett.<\/p>\n<p>&#13;<\/p>\n<p>A <a href=\"https:\/\/www.penzcentrum.hu\/arfolyam\/deviza\/USDHUF\" rel=\"nofollow noopener\" target=\"_blank\">doll\u00e1rral szemben<\/a> is nagyot er\u0151s\u00f6d\u00f6tt a magyar deviza. A doll\u00e1r reggel m\u00e9g 317,20 forintot \u00e9rt, 18 \u00f3r\u00e1ra azonban 312,33 forintra cs\u00f6kkent az \u00e1rfolyama. A <a href=\"https:\/\/www.penzcentrum.hu\/arfolyam\/deviza\/CHFHUF\" rel=\"nofollow noopener\" target=\"_blank\">sv\u00e1jci frank jegyz\u00e9se<\/a> szint\u00e9n jelent\u0151sen m\u00e9rs\u00e9kl\u0151d\u00f6tt, a reggeli 390,82 forintr\u00f3l 386,85 forintra. K\u00f6zben maga az eur\u00f3 is er\u0151s\u00f6d\u00f6tt a doll\u00e1rral szemben. Az <a href=\"https:\/\/www.penzcentrum.hu\/arfolyam\/deviza\/EURUSD\" rel=\"nofollow noopener\" target=\"_blank\">EUR\/USD<\/a> \u00e1rfolyam a reggeli 1,1596-r\u00f3l 1,1623-ra emelkedett.<\/p>\n<p>&#13;<br \/>\n&#13;<\/p>\n<p>A cs\u00fct\u00f6rt\u00f6ki mozg\u00e1s h\u00e1tter\u00e9ben a jegybanki politika ir\u00e1ny\u00e1val kapcsolatos piaci v\u00e1rakoz\u00e1sok is szerepet j\u00e1tszhattak. A <a href=\"https:\/\/www.penzcentrum.hu\/gazdasag\/20260903\/kiderult-mire-keszul-meg-iden-az-mnb-igy-valtozhat-a-az-alapkamat-meg-az-iden-1204923\" rel=\"nofollow noopener\" target=\"_blank\">Bloomberg \u00e9rtes\u00fcl\u00e9se<\/a> szerint az MNB az \u0151sszel lez\u00e1rhatja kamatcs\u00f6kkent\u00e9si ciklus\u00e1t, \u00e9s az infl\u00e1ci\u00f3s c\u00e9l m\u00e9rs\u00e9kl\u00e9s\u00e9t is m\u00e9rlegelheti. A h\u00edrek megjelen\u00e9se ut\u00e1n a forint l\u00e1tv\u00e1nyosan er\u0151s\u00f6d\u00f6tt, az eur\u00f3 \u00e1rfolyama percek alatt t\u00f6bb mint h\u00e1rom forinttal esett.<\/p>\n<p>&#13;<\/p>\n<p>A forint az elm\u00falt napokban jelent\u0151s kileng\u00e9seket mutatott. Szerd\u00e1n az eur\u00f3 \u00e1rfolyama 371,8 k\u00f6zel\u00e9be is emelkedett, ami a v\u00e1laszt\u00e1sok \u00f3ta nem l\u00e1tott gyenge forintot jelentett. Cs\u00fct\u00f6rt\u00f6k\u00f6n ehhez k\u00e9pest m\u00e1r j\u00f3val alacsonyabb szintekre ker\u00fclt vissza az eur\u00f3.<\/p>\n","protected":false},"excerpt":{"rendered":"2026. szeptember 3. 19:16 Jelent\u0151sen er\u0151s\u00f6d\u00f6tt a forint cs\u00fct\u00f6rt\u00f6k\u00f6n a f\u0151bb deviz\u00e1kkal szemben. Az eur\u00f3 \u00e1rfolyama a reggeli&hellip;\n","protected":false},"author":2,"featured_media":231848,"comment_status":"","ping_status":"","sticky":false,"template":"","format":"standard","meta":{"footnotes":"","_share_on_mastodon":"0"},"categories":[33],"tags":[393,38,35,37,44,42,40,672,43,41,669,34,671,670,36,674,111,673,39],"class_list":["post-231847","post","type-post","status-publish","format-standard","has-post-thumbnail","category-hirek","tag-biztositas","tag-focimek","tag-headlines","tag-hirek","tag-hu","tag-hungarian","tag-hungary","tag-karrier","tag-magyar","tag-magyarorszag","tag-megtakaritas","tag-news","tag-nyugdij","tag-otthon","tag-top-stories","tag-utazas","tag-vallalkozas","tag-vasarlas","tag-vezeto-hirek"],"share_on_mastodon":{"url":"https:\/\/pubeurope.com\/@hu\/117209015846937872","error":""},"_links":{"self":[{"href":"https:\/\/www.europesays.com\/hu\/wp-json\/wp\/v2\/posts\/231847","targetHints":{"allow":["GET"]}}],"collection":[{"href":"https:\/\/www.europesays.com\/hu\/wp-json\/wp\/v2\/posts"}],"about":[{"href":"https:\/\/www.europesays.com\/hu\/wp-json\/wp\/v2\/types\/post"}],"author":[{"embeddable":true,"href":"https:\/\/www.europesays.com\/hu\/wp-json\/wp\/v2\/users\/2"}],"replies":[{"embeddable":true,"href":"https:\/\/www.europesays.com\/hu\/wp-json\/wp\/v2\/comments?post=231847"}],"version-history":[{"count":0,"href":"https:\/\/www.europesays.com\/hu\/wp-json\/wp\/v2\/posts\/231847\/revisions"}],"wp:featuredmedia":[{"embeddable":true,"href":"https:\/\/www.europesays.com\/hu\/wp-json\/wp\/v2\/media\/231848"}],"wp:attachment":[{"href":"https:\/\/www.europesays.com\/hu\/wp-json\/wp\/v2\/media?parent=231847"}],"wp:term":[{"taxonomy":"category","embeddable":true,"href":"https:\/\/www.europesays.com\/hu\/wp-json\/wp\/v2\/categories?post=231847"},{"taxonomy":"post_tag","embeddable":true,"href":"https:\/\/www.europesays.com\/hu\/wp-json\/wp\/v2\/tags?post=231847"}],"curies":[{"name":"wp","href":"https:\/\/api.w.org\/{rel}","templated":true}]}}