{"id":231851,"date":"2026-09-03T20:35:14","date_gmt":"2026-09-03T20:35:14","guid":{"rendered":"https:\/\/www.europesays.com\/hu\/231851\/"},"modified":"2026-09-03T20:35:14","modified_gmt":"2026-09-03T20:35:14","slug":"network4-lesz-a-net4-bol-filmekkel-es-sorozatokkal-bovul-a-streamingplatform","status":"publish","type":"post","link":"https:\/\/www.europesays.com\/hu\/231851\/","title":{"rendered":"Network4 lesz a NET4+-b\u00f3l: filmekkel \u00e9s sorozatokkal b\u0151v\u00fcl a streamingplatform"},"content":{"rendered":"<p>A Network4 Media Group cs\u00fct\u00f6rt\u00f6ki sajt\u00f3t\u00e1j\u00e9koztat\u00f3j\u00e1n jelentette be a streamingszolg\u00e1ltat\u00e1s \u00e1talak\u00edt\u00e1s\u00e1t. Az eddigi NET4+ a j\u00f6v\u0151ben egyszer\u0171en Network4 n\u00e9ven m\u0171k\u00f6dik tov\u00e1bb, \u00e9s a c\u00e9gcsoport teljes m\u0171faji k\u00edn\u00e1lat\u00e1t egyetlen platformon teszi el\u00e9rhet\u0151v\u00e9.<\/p>\n<p>A szolg\u00e1ltat\u00e1s szeptember 7-t\u0151l az eddigi sporttartalmak mellett t\u00f6bb ezer \u00f3r\u00e1nyi sorozattal \u00e9s filmmel b\u0151v\u00fcl amerikai \u00e9s eur\u00f3pai st\u00fadi\u00f3k k\u00edn\u00e1lat\u00e1b\u00f3l. Emellett a Network4 saj\u00e1t gy\u00e1rt\u00e1s\u00fa m\u0171sorai is megjelennek a streamingplatformon.<\/p>\n<p>A sportk\u00f6zvet\u00edt\u00e9sek tov\u00e1bbra is a szolg\u00e1ltat\u00e1s fontos r\u00e9sz\u00e9t k\u00e9pezik, \u00e9s olyan sportesem\u00e9nyek, illetve tartalmak is el\u00e9rhet\u0151k lesznek streamingen, amelyeket a Network4 line\u00e1ris t\u00e9v\u00e9csatorn\u00e1i nem k\u00f6zvet\u00edtenek.<\/p>\n<p>A Network4 2026\/27-es sportk\u00edn\u00e1lat\u00e1r\u00f3l, \u00edgy a Premier League, az NFL, a Bundesliga \u00e9s a Serie A k\u00f6zvet\u00edt\u00e9seir\u0151l <a href=\"https:\/\/media1.hu\/2026\/09\/03\/network4-premier-league-nfl-bundesliga-serie-a-szoboszlai-dominik\/\" rel=\"nofollow noopener\" target=\"_blank\">k\u00fcl\u00f6n cikkben sz\u00e1moltunk be<\/a>.<\/p>\n<p>A saj\u00e1t gy\u00e1rt\u00e1s\u00fa m\u0171sorok is megjelennek a platformon<\/p>\n<p>A streaming \u00e1talak\u00edt\u00e1sa \u00f6sszef\u00fcgg a Network4 saj\u00e1t gy\u00e1rt\u00e1s\u00fa tartalmainak b\u0151v\u00edt\u00e9s\u00e9vel is. A m\u00e9diacsoport ugyancsak most jelentette be, hogy egy\u00fcttm\u0171k\u00f6d\u00e9sre l\u00e9p a Kontroll.hu alkot\u00f3m\u0171hely\u00e9vel, tov\u00e1bb\u00e1 Borb\u00e1s Marcsi \u00e9s Papp Gerg\u0151 is \u00faj m\u0171sorokkal \u00e9rkezik. Err\u0151l, valamint a Szabadsajt\u00f3 Klub telev\u00edzi\u00f3s megjelen\u00e9s\u00e9r\u0151l <a href=\"https:\/\/media1.hu\/2026\/09\/03\/kontroll-network4-szabadsajto-klub-borbas-marcsi-papp-gergo\/\" rel=\"nofollow noopener\" target=\"_blank\">ebben a kor\u00e1bbi cikk\u00fcnkben \u00edrtunk r\u00e9szletesen<\/a>.<\/p>\n<p>\u201eA Network4 streamingszolg\u00e1ltat\u00e1sa ezent\u00fal a teljes palett\u00e1nkat bemutatja, \u00e9s az eg\u00e9sz csal\u00e1d digit\u00e1lis platformj\u00e1v\u00e1 v\u00e1lik. C\u00e9lunk, hogy a tartalmainkat mindenki, minden helyzetben, minden k\u00e9perny\u0151n k\u00f6nnyen el tudja \u00e9rni\u201d<\/p>\n<p>\u2013 mondta Lennert M\u00e1rton, a Network4 Media Group kereskedelmi igazgat\u00f3ja.<\/p>\n<p>A Network4 t\u00e1j\u00e9koztat\u00e1sa szerint a line\u00e1ris csatorn\u00e1k, a mobiltelefonos \u00e9s okostelev\u00edzi\u00f3s alkalmaz\u00e1sok, valamint a set-top boxokon el\u00e9rhet\u0151 fel\u00fcletek szeptember 7-\u00e9n \u00e1t\u00e1llnak az \u00faj arculatra \u00e9s az \u00e1talak\u00edtott szolg\u00e1ltat\u00e1sra.<\/p>\n<p>Akikn\u00e9l az alkalmaz\u00e1sok automatikus friss\u00edt\u00e9se enged\u00e9lyezve van, azoknak nincs teend\u0151j\u00fck. M\u00e1s esetben az applik\u00e1ci\u00f3 \u00faj verzi\u00f3j\u00e1t az Apple App Store-b\u00f3l vagy a Google Play \u00c1ruh\u00e1zb\u00f3l kell let\u00f6lteni.<\/p>\n<p><a href=\"https:\/\/media1.hu\/2026\/09\/03\/kontroll-network4-szabadsajto-klub-borbas-marcsi-papp-gergo\/\" rel=\"nofollow noopener\" target=\"_blank\">\u00d6sszefog a Kontroll.hu \u00e9s a Network4: t\u00e9v\u00e9be ker\u00fcl a Szabadsajt\u00f3 Klub, Borb\u00e1s Marcsi \u00e9s Papp Gerg\u0151 \u00faj m\u0171sort kap<\/a><\/p>\n<p><a href=\"https:\/\/media1.hu\/2026\/09\/03\/network4-premier-league-nfl-bundesliga-serie-a-szoboszlai-dominik\/\" rel=\"nofollow noopener\" target=\"_blank\">Premier League-meccseket is k\u00f6zvet\u00edt a Network4 \u2013 marad az NFL, a Bundesliga \u00e9s a Serie A is<\/a><\/p>\n<p>M\u00e9g t\u00f6bb h\u00edr \u00e9rhet\u0151 el a\u00a0<a href=\"https:\/\/media1.hu\/\" target=\"_blank\" rel=\"noopener nofollow\">Media1-en<\/a>. Megtal\u00e1lhat minket\u00a0<a href=\"https:\/\/facebook.com\/media1hu\" target=\"_blank\" rel=\"noopener nofollow\">Facebookon is<\/a>. Feliratkozhat\u00a0<a href=\"https:\/\/media1.hu\/hirlevel\" rel=\"nofollow noopener\" target=\"_blank\">napi h\u00edrlevel\u00fcnkre is<\/a>.<\/p>\n","protected":false},"excerpt":{"rendered":"A Network4 Media Group cs\u00fct\u00f6rt\u00f6ki sajt\u00f3t\u00e1j\u00e9koztat\u00f3j\u00e1n jelentette be a streamingszolg\u00e1ltat\u00e1s \u00e1talak\u00edt\u00e1s\u00e1t. Az eddigi NET4+ a j\u00f6v\u0151ben egyszer\u0171en Network4&hellip;\n","protected":false},"author":2,"featured_media":231852,"comment_status":"","ping_status":"","sticky":false,"template":"","format":"standard","meta":{"footnotes":"","_share_on_mastodon":"0"},"categories":[20],"tags":[61203,61204,193,192,194,11895,197,137,167,61205,44,42,40,61206,43,41,61207,61208,196,195,61209,61210,61211,149,8344,1237,61212,56477,61213,138,1504,4241],"class_list":["post-231851","post","type-post","status-publish","format-standard","has-post-thumbnail","category-muveszet-es-dizajn","tag-apple-app-store","tag-arena4","tag-art","tag-art-and-design","tag-design","tag-digitalis-media","tag-dizajn","tag-entertainment","tag-film","tag-google-play","tag-hu","tag-hungarian","tag-hungary","tag-lennert-marton","tag-magyar","tag-magyarorszag","tag-match4","tag-max4","tag-muveszet","tag-muveszet-es-dizajn","tag-net4","tag-network4-media-group","tag-sajat-gyartas","tag-sorozat","tag-sportkozvetites","tag-streaming","tag-streaminghaboru","tag-streamingplatform","tag-streamingszolgaltatas","tag-szorakozas","tag-televizio","tag-valtozas"],"share_on_mastodon":{"url":"https:\/\/pubeurope.com\/@hu\/117209027227495792","error":""},"_links":{"self":[{"href":"https:\/\/www.europesays.com\/hu\/wp-json\/wp\/v2\/posts\/231851","targetHints":{"allow":["GET"]}}],"collection":[{"href":"https:\/\/www.europesays.com\/hu\/wp-json\/wp\/v2\/posts"}],"about":[{"href":"https:\/\/www.europesays.com\/hu\/wp-json\/wp\/v2\/types\/post"}],"author":[{"embeddable":true,"href":"https:\/\/www.europesays.com\/hu\/wp-json\/wp\/v2\/users\/2"}],"replies":[{"embeddable":true,"href":"https:\/\/www.europesays.com\/hu\/wp-json\/wp\/v2\/comments?post=231851"}],"version-history":[{"count":0,"href":"https:\/\/www.europesays.com\/hu\/wp-json\/wp\/v2\/posts\/231851\/revisions"}],"wp:featuredmedia":[{"embeddable":true,"href":"https:\/\/www.europesays.com\/hu\/wp-json\/wp\/v2\/media\/231852"}],"wp:attachment":[{"href":"https:\/\/www.europesays.com\/hu\/wp-json\/wp\/v2\/media?parent=231851"}],"wp:term":[{"taxonomy":"category","embeddable":true,"href":"https:\/\/www.europesays.com\/hu\/wp-json\/wp\/v2\/categories?post=231851"},{"taxonomy":"post_tag","embeddable":true,"href":"https:\/\/www.europesays.com\/hu\/wp-json\/wp\/v2\/tags?post=231851"}],"curies":[{"name":"wp","href":"https:\/\/api.w.org\/{rel}","templated":true}]}}