{"id":231877,"date":"2026-09-03T21:00:12","date_gmt":"2026-09-03T21:00:12","guid":{"rendered":"https:\/\/www.europesays.com\/hu\/231877\/"},"modified":"2026-09-03T21:00:12","modified_gmt":"2026-09-03T21:00:12","slug":"index-kulfold-brusszel-reagalt-magyar-peter-keresere-a-napi-egymillio-euros-migracios-birsag-ugyeben","status":"publish","type":"post","link":"https:\/\/www.europesays.com\/hu\/231877\/","title":{"rendered":"Index &#8211; K\u00fclf\u00f6ld &#8211; Br\u00fcsszel reag\u00e1lt Magyar P\u00e9ter k\u00e9r\u00e9s\u00e9re a napi egymilli\u00f3 eur\u00f3s migr\u00e1ci\u00f3s b\u00edrs\u00e1g \u00fcgy\u00e9ben"},"content":{"rendered":"<p>A sz\u00f3viv\u0151 arra az \u00fajs\u00e1g\u00edr\u00f3i k\u00e9rd\u00e9sre v\u00e1laszolt, milyen lehet\u0151s\u00e9gei vannak Magyarorsz\u00e1gnak a b\u00edrs\u00e1g \u00fcgy\u00e9nek rendez\u00e9s\u00e9re, miut\u00e1n Magyar P\u00e9ter minisztereln\u00f6k az elm\u00falt napokban t\u00f6bbsz\u00f6r is seg\u00edts\u00e9get k\u00e9rt eur\u00f3pai partnereit\u0151l, ugyanakkor vil\u00e1goss\u00e1 tette, hogy Magyarorsz\u00e1g tov\u00e1bbra is fenntartja az illeg\u00e1lis migr\u00e1ci\u00f3 feltart\u00f3ztat\u00e1s\u00e1hoz sz\u00fcks\u00e9ges jogszab\u00e1lyi k\u00f6rnyezetet \u00e9s fizikai hat\u00e1rz\u00e1rat \u2013 \u00edrta az MTI.<\/p>\n<p>A sz\u00f3viv\u0151 v\u00e1lasz\u00e1ban hangs\u00falyozta: az Eur\u00f3pai Uni\u00f3 B\u00edr\u00f3s\u00e1ga \u00e1ltal meghozott \u00edt\u00e9letr\u0151l van sz\u00f3, ez\u00e9rt Magyarorsz\u00e1gnak \u00e9s a b\u00edr\u00f3s\u00e1gnak kell megvizsg\u00e1lnia, hogy milyen l\u00e9p\u00e9sek tehet\u0151k az \u00fcgyben.<\/p>\n<p>\u201eAmit a bizotts\u00e1g r\u00e9sz\u00e9r\u0151l tesz\u00fcnk \u00e9s tehet\u00fcnk, az az, hogy szorosan \u00e9s nagyon konstrukt\u00edvan egyeztet\u00fcnk a magyar hat\u00f3s\u00e1gokkal az \u00fcgyben\u201d \u2013 fogalmazott.<\/p>\n<p>Arra a k\u00e9rd\u00e9sre, miszerint van-e lehet\u0151s\u00e9g arra, hogy a Magyarorsz\u00e1gra kiszabott b\u00edrs\u00e1gokat ut\u00f3lag, az Eur\u00f3pai Uni\u00f3 k\u00f6vetkez\u0151 t\u00f6bb\u00e9ves k\u00f6lts\u00e9gvet\u00e9si keret\u00e9b\u0151l valamilyen form\u00e1ban megt\u00e9r\u00edts\u00e9k, a sz\u00f3viv\u0151 megism\u00e9telte: az \u00fcgy ahhoz kapcsol\u00f3dik, hogy Magyarorsz\u00e1g mik\u00e9nt tudja kezelni a b\u00edr\u00f3s\u00e1g \u00e1ltal megfogalmazott agg\u00e1lyokat.<\/p>\n<p>                        Magyar P\u00e9ter kijelentette, hogy Magyarorsz\u00e1g nem laz\u00edt a migr\u00e1ci\u00f3s politik\u00e1n, \u00e9s visszaszerezn\u00e9 a b\u00fcntet\u00e9si \u00f6sszeget<\/p>\n<p>Magyar P\u00e9ter a korm\u00e1nyzati sajt\u00f3t\u00e1j\u00e9koztat\u00f3n kifejtette, <a href=\"https:\/\/index.hu\/belfold\/2026\/09\/03\/magyar-peter-kormany-bejelentes-kormanyzati-sajtotajekoztato-tisza-part\/magyar-peter-leszogezte-hogy-magyarorszag-nem-lazit-a-migracios-politikan-es-visszaszerezne-a-buntetesi-osszeget\/\" id=\"hyperlink_905763e89aacb78b04434d3f78d85deb\" target=\"_blank\" title=\"Magyar P\u00e9ter lesz\u00f6gezte, hogy Magyarorsz\u00e1g nem laz\u00edt a migr\u00e1ci\u00f3s politik\u00e1n, \u00e9s visszaszerezn\u00e9 a b\u00fcntet\u00e9si \u00f6sszeget\" data-recommendation=\"bekezdes_utan\" data-recommendation-preview=\"{&quot;og:title&quot;:&quot;Magyar P\u00e9ter lesz\u00f6gezte, hogy Magyarorsz\u00e1g nem laz\u00edt a migr\u00e1ci\u00f3s politik\u00e1n, \u00e9s visszaszerezn\u00e9 a b\u00fcntet\u00e9si \u00f6sszeget&quot;,&quot;og:description&quot;:&quot;&quot;,&quot;og:image&quot;:&quot;\\\/\\\/kep.cdn.indexvas.hu\\\/1\\\/0\\\/7138\\\/71388\\\/713886\\\/71388625_5264081_6682df59c548d9b2ba05d2b3a8ed7889_wm.jpg&quot;}\" data-recommendation-id=\"6271937\" rel=\"nofollow noopener\">uni\u00f3s szinten sok mindenkivel t\u00e1rgyaltak \u00e9s t\u00e1rgyalnak<\/a> a korm\u00e1nyalak\u00edt\u00e1s \u00f3ta, mindenkivel sz\u00f3ba ker\u00fclt a migr\u00e1ci\u00f3s b\u00edrs\u00e1g \u00fcgye.<\/p>\n<p>\u201eBorzaszt\u00f3an igazs\u00e1gtalannak tartom, ahogy Magyarorsz\u00e1got kezelik ebben. Teljesen m\u00e1s volt a szitu\u00e1ci\u00f3 2016 k\u00f6rny\u00e9k\u00e9n, \u00e9s most. Azok a jogszab\u00e1lyok, amelyeket az Eur\u00f3pai Bizotts\u00e1g vitatott, amelyekr\u0151l kimondta az Eur\u00f3pai B\u00edr\u00f3s\u00e1g, hogy nem felelnek meg az uni\u00f3s jognak, teljesen m\u00e1s k\u00f6rnyezetben keletkeztek. Az\u00f3ta folyamatosan szigorodik az uni\u00f3s menek\u00fclt\u00fcgyi szab\u00e1lyoz\u00e1s. A tag\u00e1llamok \u00e1ll\u00e1spontja is szigorodik\u201d \u2013 fogalmazott a korm\u00e1nyf\u0151, aki elismerte az el\u0151z\u0151 korm\u00e1ny migr\u00e1ci\u00f3ban k\u00e9pviselt \u00e1ll\u00e1spontj\u00e1t is a kritik\u00e1k mellett.<\/p>\n<p>\n                          (Bor\u00edt\u00f3k\u00e9p:\u00a0Magyar P\u00e9ter magyar minisztereln\u00f6k (balra) tal\u00e1lkozik Ursula von der Leyennel (jobbra), az Eur\u00f3pai Bizotts\u00e1g eln\u00f6k\u00e9vel Br\u00fcsszelben, Belgiumban, 2026. \u00e1prilis 29-\u00e9n. Fot\u00f3:\u00a0\u00a0Dursun Aydemir \/ Anadolu \/ Getty Images)\n                        <\/p>\n<p><a href=\"https:\/\/dex.hu\/x.php?id=googlepref_desktop&amp;url=https:\/\/google.com\/preferences\/source?q=https:\/\/index.hu\" class=\"google-pref-banner \" id=\"googlePrefBanner\" rel=\"nofollow noopener\" target=\"_blank\"><\/p>\n<p>    Itt \u00e1ll\u00edtsa be, hogy az Index az els\u0151k k\u00f6z\u00f6tt legyen a Google-tal\u00e1latokban!<\/p>\n<p><\/a><\/p>\n<p>    <img decoding=\"async\" src=\"https:\/\/index.hu\/assets\/images\/social-follow\/logo-big.svg\" alt=\"Index.hu logo\"\/><\/p>\n<p>K\u00f6vesse az Indexet Facebookon is!<\/p>\n<p>    <a href=\"https:\/\/facebook.com\/Indexhu\" target=\"_blank\" rel=\"nofollow noopener\"><\/p>\n<p>        K\u00f6vetem!<br \/>\n    <\/a><\/p>\n","protected":false},"excerpt":{"rendered":"A sz\u00f3viv\u0151 arra az \u00fajs\u00e1g\u00edr\u00f3i k\u00e9rd\u00e9sre v\u00e1laszolt, milyen lehet\u0151s\u00e9gei vannak Magyarorsz\u00e1gnak a b\u00edrs\u00e1g \u00fcgy\u00e9nek rendez\u00e9s\u00e9re, miut\u00e1n Magyar P\u00e9ter&hellip;\n","protected":false},"author":2,"featured_media":231878,"comment_status":"","ping_status":"","sticky":false,"template":"","format":"standard","meta":{"footnotes":"","_share_on_mastodon":"0"},"categories":[33],"tags":[583,429,38,35,37,44,42,40,64,43,944,41,61220,34,36,39],"class_list":["post-231877","post","type-post","status-publish","format-standard","has-post-thumbnail","category-hirek","tag-europai-bizottsag","tag-europai-unio","tag-focimek","tag-headlines","tag-hirek","tag-hu","tag-hungarian","tag-hungary","tag-kulfold","tag-magyar","tag-magyar-peter","tag-magyarorszag","tag-migracios-birsag","tag-news","tag-top-stories","tag-vezeto-hirek"],"share_on_mastodon":{"url":"https:\/\/pubeurope.com\/@hu\/117209126126054213","error":""},"_links":{"self":[{"href":"https:\/\/www.europesays.com\/hu\/wp-json\/wp\/v2\/posts\/231877","targetHints":{"allow":["GET"]}}],"collection":[{"href":"https:\/\/www.europesays.com\/hu\/wp-json\/wp\/v2\/posts"}],"about":[{"href":"https:\/\/www.europesays.com\/hu\/wp-json\/wp\/v2\/types\/post"}],"author":[{"embeddable":true,"href":"https:\/\/www.europesays.com\/hu\/wp-json\/wp\/v2\/users\/2"}],"replies":[{"embeddable":true,"href":"https:\/\/www.europesays.com\/hu\/wp-json\/wp\/v2\/comments?post=231877"}],"version-history":[{"count":0,"href":"https:\/\/www.europesays.com\/hu\/wp-json\/wp\/v2\/posts\/231877\/revisions"}],"wp:featuredmedia":[{"embeddable":true,"href":"https:\/\/www.europesays.com\/hu\/wp-json\/wp\/v2\/media\/231878"}],"wp:attachment":[{"href":"https:\/\/www.europesays.com\/hu\/wp-json\/wp\/v2\/media?parent=231877"}],"wp:term":[{"taxonomy":"category","embeddable":true,"href":"https:\/\/www.europesays.com\/hu\/wp-json\/wp\/v2\/categories?post=231877"},{"taxonomy":"post_tag","embeddable":true,"href":"https:\/\/www.europesays.com\/hu\/wp-json\/wp\/v2\/tags?post=231877"}],"curies":[{"name":"wp","href":"https:\/\/api.w.org\/{rel}","templated":true}]}}