{"id":231891,"date":"2026-09-03T21:14:15","date_gmt":"2026-09-03T21:14:15","guid":{"rendered":"https:\/\/www.europesays.com\/hu\/231891\/"},"modified":"2026-09-03T21:14:15","modified_gmt":"2026-09-03T21:14:15","slug":"tech-ez-az-okosora-vernyomast-mer-ekg-t-nez-es-kozben-6-napig-toltore-sem-kell-rakni-hvg-hu","status":"publish","type":"post","link":"https:\/\/www.europesays.com\/hu\/231891\/","title":{"rendered":"Tech: Ez az okos\u00f3ra v\u00e9rnyom\u00e1st m\u00e9r, EKG-t n\u00e9z, \u00e9s k\u00f6zben 6 napig t\u00f6lt\u0151re sem kell rakni &#8211; | hvg.hu"},"content":{"rendered":"<p><a href=\"https:\/\/news.google.com\/rss\/articles\/CBMiigFBVV95cUxNcDZ1ZW9wekRFQk83aTlsMDNyN3BFc2E3UjJnWnQ3cDBIeWFsbkJCUTgtbTFKVG9UQkd4aTRzMHhDempWQ3A0VjBuUmRHY2pvOXpYd1hTUC15NVBZV1JfSTVfODl5eGlfR1B1UEJTZ3pZOENtY21MbDJCUldHRVM5czZVM3NlVnNWX2c?oc=5\" target=\"_blank\" rel=\"nofollow noopener\">Tech: Ez az okos\u00f3ra v\u00e9rnyom\u00e1st m\u00e9r, EKG-t n\u00e9z, \u00e9s k\u00f6zben 6 napig t\u00f6lt\u0151re sem kell rakni<\/a>&nbsp;&nbsp;| hvg.hu<a href=\"https:\/\/news.google.com\/rss\/articles\/CBMigAFBVV95cUxOQWFnemtsVXloTURrTk0yNGlJOVkwM0NNbEJnQjJUN0JVMHJmVXBYQ2piY1dRVllSd0V4dDI3b0t5aFc1bHlLT2lmdTVBYjdhNVhGOG42MHktVTBnQ1FsampWbEN1R0FWSmMxblYzZldfVWZ2RjJWbmp0RmV4WlZFSw?oc=5\" target=\"_blank\" rel=\"nofollow noopener\">\u00c9letet menthetnek a Huawei \u00faj fejleszt\u00e9sei<\/a>&nbsp;&nbsp;techworld.hu<a href=\"https:\/\/news.google.com\/rss\/articles\/CBMifkFVX3lxTE1OWHpJWDN5T05KWGhIRjRJV19pVnc3cE5XVzZGWUl6N2czSWdQdF9VM0JnMDlqb01yejJnSVU3OTIzeUNFdF80WTU1ZlIzcVZZWTAyRG1MVFMyek9sLWhzZ3oyM2xEMTlkSzRwVVFsanQxQ21LbHliMS1wSEdXQQ?oc=5\" target=\"_blank\" rel=\"nofollow noopener\">Felk\u00e9sz\u00edt\u0151 edz\u00e9s: Huawei Watch GT 7 Pro bemutat\u00f3<\/a>&nbsp;&nbsp;Mobilarena<a href=\"https:\/\/news.google.com\/rss\/articles\/CBMid0FVX3lxTE0wd3FnTGJ5bVJVaUliLWpuenBmX3VGU3pQbGRoZlJ5QzN3SW1jaDJxN2tNa1NRemNPbzBXSHBXS0ItSGZrOGZoOWNnRmpCZFA2UWZ3MllrZGRDWFdGbEZjSDZiWHZDVHlFMzdYODBXeGV1emZJYW44?oc=5\" target=\"_blank\" rel=\"nofollow noopener\">Hamarosan felragyog az arat\u00f3hold<\/a>&nbsp;&nbsp;H\u00edrstart<a href=\"https:\/\/news.google.com\/rss\/articles\/CBMiwwFBVV95cUxQajFQellZV1JyejlnQmZSa294WHN6MmpGWDVBR0FzWl9qY0dRc2EzQy11NTIzYjQ0QmprUDlQYWo4elZQWEdpOWJCTGxoRlZlYXhlQk0wMG9KQUVic1lJZmZiYlQ3VFVScXZCaEU0cE5qYTViNFRRalVERmVoSjdqQW5Bc240eEJJNHdMT01rbmtBMlBzeUxLOXUwa1hIUHR2MU9mbFg5bGJsaFJycnJjckZDdmpucXl0b0lhNHY0VmNHVWc?oc=5\" target=\"_blank\" rel=\"nofollow noopener\">Meg\u00e9rkezett a Huawei Watch GT 7 \u2013 k\u00e9t m\u00e9retben \u00e9s rengeteg \u00faj sz\u00ednben h\u00f3d\u00edt<\/a>&nbsp;&nbsp;Telefonguru<\/p>\n","protected":false},"excerpt":{"rendered":"Tech: Ez az okos\u00f3ra v\u00e9rnyom\u00e1st m\u00e9r, EKG-t n\u00e9z, \u00e9s k\u00f6zben 6 napig t\u00f6lt\u0151re sem kell rakni&nbsp;&nbsp;| hvg.hu\u00c9letet menthetnek&hellip;\n","protected":false},"author":2,"featured_media":231892,"comment_status":"","ping_status":"","sticky":false,"template":"","format":"standard","meta":{"footnotes":"","_share_on_mastodon":"0"},"categories":[33],"tags":[38,35,37,44,18406,42,40,43,41,34,654,629,36,61221,61222,39],"class_list":["post-231891","post","type-post","status-publish","format-standard","has-post-thumbnail","category-hirek","tag-focimek","tag-headlines","tag-hirek","tag-hu","tag-huawei","tag-hungarian","tag-hungary","tag-magyar","tag-magyarorszag","tag-news","tag-okosora","tag-tech","tag-top-stories","tag-vernyomasmeres","tag-vernyomasmeres-okosoraval","tag-vezeto-hirek"],"share_on_mastodon":{"url":"https:\/\/pubeurope.com\/@hu\/117209180612982151","error":""},"_links":{"self":[{"href":"https:\/\/www.europesays.com\/hu\/wp-json\/wp\/v2\/posts\/231891","targetHints":{"allow":["GET"]}}],"collection":[{"href":"https:\/\/www.europesays.com\/hu\/wp-json\/wp\/v2\/posts"}],"about":[{"href":"https:\/\/www.europesays.com\/hu\/wp-json\/wp\/v2\/types\/post"}],"author":[{"embeddable":true,"href":"https:\/\/www.europesays.com\/hu\/wp-json\/wp\/v2\/users\/2"}],"replies":[{"embeddable":true,"href":"https:\/\/www.europesays.com\/hu\/wp-json\/wp\/v2\/comments?post=231891"}],"version-history":[{"count":0,"href":"https:\/\/www.europesays.com\/hu\/wp-json\/wp\/v2\/posts\/231891\/revisions"}],"wp:featuredmedia":[{"embeddable":true,"href":"https:\/\/www.europesays.com\/hu\/wp-json\/wp\/v2\/media\/231892"}],"wp:attachment":[{"href":"https:\/\/www.europesays.com\/hu\/wp-json\/wp\/v2\/media?parent=231891"}],"wp:term":[{"taxonomy":"category","embeddable":true,"href":"https:\/\/www.europesays.com\/hu\/wp-json\/wp\/v2\/categories?post=231891"},{"taxonomy":"post_tag","embeddable":true,"href":"https:\/\/www.europesays.com\/hu\/wp-json\/wp\/v2\/tags?post=231891"}],"curies":[{"name":"wp","href":"https:\/\/api.w.org\/{rel}","templated":true}]}}