{"id":231899,"date":"2026-09-03T21:26:13","date_gmt":"2026-09-03T21:26:13","guid":{"rendered":"https:\/\/www.europesays.com\/hu\/231899\/"},"modified":"2026-09-03T21:26:13","modified_gmt":"2026-09-03T21:26:13","slug":"index-kulfold-kegyetlen-meszarlas-csaladjaval-egyutt-meggyilkoltak-az-ismert-zeneszt-hateves-kisfia-tulelte-a-verengzest","status":"publish","type":"post","link":"https:\/\/www.europesays.com\/hu\/231899\/","title":{"rendered":"Index &#8211; K\u00fclf\u00f6ld &#8211; Kegyetlen m\u00e9sz\u00e1rl\u00e1s: csal\u00e1dj\u00e1val egy\u00fctt meggyilkolt\u00e1k az ismert zen\u00e9szt, hat\u00e9ves kisfia t\u00fal\u00e9lte a v\u00e9rengz\u00e9st"},"content":{"rendered":"<p>Megr\u00e1z\u00f3 t\u00f6bbsz\u00f6r\u00f6s gyilkoss\u00e1g t\u00f6rt\u00e9nt a mexik\u00f3i Atizap\u00e1n de Zaragoz\u00e1ban. A hat\u00f3s\u00e1gok kedden este egy lak\u00e1sban \u00f6t holttestet tal\u00e1ltak: egy ismert mexik\u00f3i zen\u00e9szt, annak v\u00e1rand\u00f3s feles\u00e9g\u00e9t, h\u00e1rom\u00e9ves kisl\u00e1nyukat, a csal\u00e1d 21 \u00e9ves b\u00e9biszitter\u00e9t, valamint a csal\u00e1d kuty\u00e1j\u00e1t \u2013 \u00edrja a <a href=\"https:\/\/edition.cnn.com\/2026\/09\/02\/americas\/mexico-camilo-septimo-musician-family-killed-latam-intl\" id=\"hyperlink_ea04ddd95427f0d4eacc74d0c3b13691\" rel=\"nofollow noopener\" target=\"_blank\">CNN<\/a>.<\/p>\n<p>Az \u00e1ldozatok k\u00f6z\u00f6tt volt Jonathan Mel\u00e9ndez, a n\u00e9pszer\u0171 indie rock zenekar, a Camilo S\u00e9ptimo 38 \u00e9ves billenty\u0171se. Feles\u00e9ge, a 35 \u00e9ves Ana Paula n\u00e9gy h\u00f3napos terhes volt.<\/p>\n<p>A hat\u00f3s\u00e1gok szerint a gyilkoss\u00e1gok kedden, helyi id\u0151 szerint nagyj\u00e1b\u00f3l 17:30 \u00e9s 19:40 k\u00f6z\u00f6tt t\u00f6rt\u00e9nhettek.\u00a0A hat\u00f3s\u00e1gok k\u00f6zl\u00e9se szerint az \u00e1ldozatok k\u00f6z\u00fcl h\u00e1rmat \u2013 k\u00f6zt\u00fck a kisl\u00e1nyt \u2013 fejbe l\u0151ttek, m\u00edg egy m\u00e1sik \u00e1ldozatot h\u00e1tulr\u00f3l \u00e9rt a l\u00f6v\u00e9s. A csal\u00e1d kuty\u00e1j\u00e1t holtan, \u00f6sszek\u00f6t\u00f6z\u00f6tt l\u00e1bakkal tal\u00e1lt\u00e1k meg.<\/p>\n<p>A lak\u00e1sban egy hat\u00e9ves kisfi\u00fa is tart\u00f3zkodott, neki nem esett baja.<\/p>\n<p>                        K\u00e9t f\u00e9rfit letart\u00f3ztattak<\/p>\n<p>A mexik\u00f3i hat\u00f3s\u00e1gok szerd\u00e1n k\u00e9t f\u00e9rfit vettek \u0151rizetbe az \u00fcgyben. Az egyik gyan\u00fas\u00edtottat Diego Sebasti\u00e1n \u201eN\u201d n\u00e9ven azonos\u00edtott\u00e1k. Az \u00fcgy\u00e9szs\u00e9g szerint \u0151 lehetett a gyilkoss\u00e1gok k\u00f6zvetlen elk\u00f6vet\u0151je, \u00e9s kapcsolatban \u00e1llt Mel\u00e9nd\u00e9zzel.<\/p>\n<p>A hat\u00f3s\u00e1gok szerint a f\u00e9rfi ezt a kapcsolatot kihaszn\u00e1lva juthatott be a csal\u00e1d otthon\u00e1ba. Omar Garc\u00eda Harfuch mexik\u00f3i biztons\u00e1gi \u00e9s \u00e1llampolg\u00e1ri v\u00e9delmi miniszter szerint a gyan\u00fas\u00edtott val\u00f3sz\u00edn\u0171leg az egyik \u00e1ldozattal fenn\u00e1ll\u00f3 kapcsolat\u00e1nak k\u00f6sz\u00f6nhet\u0151en tudott bejutni a lak\u00e1sba.<\/p>\n<p>A m\u00e1sik \u0151rizetbe vett f\u00e9rfit Gerardo \u201eN\u201d n\u00e9ven azonos\u00edtott\u00e1k. Az \u0151 felt\u00e9telezett szerep\u00e9t \u00e9s esetleges k\u00f6zrem\u0171k\u00f6d\u00e9s\u00e9t tov\u00e1bb vizsg\u00e1lj\u00e1k.<\/p>\n<p>                        A zenekar is megeml\u00e9kezett zen\u00e9szt\u00e1rsukr\u00f3l<\/p>\n<p>A b\u00e9biszitter, a 21 \u00e9ves Aleida Romero Victorio szint\u00e9n a t\u00e1mad\u00e1s \u00e1ldozata lett. Csal\u00e1dja szerint a fiatal n\u0151 szorgalmas \u00e9s felel\u0151ss\u00e9gteljes volt.<\/p>\n<p>Mel\u00e9nd\u00e9z hal\u00e1la a mexik\u00f3i zenei \u00e9letet is megr\u00e1zta. A zenekar k\u00f6zlem\u00e9ny\u00e9ben azt \u00edrta, hogy Mel\u00e9nd\u00e9zre \u201em\u00e9rhetetlen szeretettel \u00e9s h\u00e1l\u00e1val\u201d fognak eml\u00e9kezni. \u201eMa az \u00e9let\u00e9t, a zen\u00e9j\u00e9t, a f\u00e9ny\u00e9t \u00e9s mindazt \u00fcnnepelj\u00fck, amit megosztott azokkal, akiknek megadatott, hogy megismerj\u00e9k \u0151t, \u00e9s mellette j\u00e1rj\u00e1k az \u00e9let \u00fatj\u00e1t\u201d \u2013 \u00edrta a Camilo S\u00e9ptimo az Instagramon.<\/p>\n<p>Az \u00fcgy\u00e9szs\u00e9g egyel\u0151re nem k\u00f6z\u00f6lte a gyilkoss\u00e1g pontos ind\u00edt\u00e9k\u00e1t. A hat\u00f3s\u00e1gok azt \u00edg\u00e9rt\u00e9k, hogy az elj\u00e1r\u00e1s megfelel\u0151 szakasz\u00e1ban r\u00e9szletesebb t\u00e1j\u00e9koztat\u00e1st adnak a t\u00f6rt\u00e9ntekr\u0151l \u00e9s a k\u00e9t gyan\u00fas\u00edtott jogi helyzet\u00e9r\u0151l.<\/p>\n<p><a href=\"https:\/\/dex.hu\/x.php?id=googlepref_desktop&amp;url=https:\/\/google.com\/preferences\/source?q=https:\/\/index.hu\" class=\"google-pref-banner \" id=\"googlePrefBanner\" rel=\"nofollow noopener\" target=\"_blank\"><\/p>\n<p>    Itt \u00e1ll\u00edtsa be, hogy az Index az els\u0151k k\u00f6z\u00f6tt legyen a Google-tal\u00e1latokban!<\/p>\n<p><\/a><\/p>\n<p>    <img decoding=\"async\" src=\"https:\/\/index.hu\/assets\/images\/social-follow\/logo-big.svg\" alt=\"Index.hu logo\"\/><\/p>\n<p>K\u00f6vesse az Indexet Facebookon is!<\/p>\n<p>    <a href=\"https:\/\/facebook.com\/Indexhu\" target=\"_blank\" rel=\"nofollow noopener\"><\/p>\n<p>        K\u00f6vetem!<br \/>\n    <\/a><\/p>\n","protected":false},"excerpt":{"rendered":"Megr\u00e1z\u00f3 t\u00f6bbsz\u00f6r\u00f6s gyilkoss\u00e1g t\u00f6rt\u00e9nt a mexik\u00f3i Atizap\u00e1n de Zaragoz\u00e1ban. A hat\u00f3s\u00e1gok kedden este egy lak\u00e1sban \u00f6t holttestet tal\u00e1ltak:&hellip;\n","protected":false},"author":2,"featured_media":231900,"comment_status":"","ping_status":"","sticky":false,"template":"","format":"standard","meta":{"footnotes":"","_share_on_mastodon":"0"},"categories":[8],"tags":[3094,3465,42,64,43,3156,34,94,93,92,364,868],"class_list":["post-231899","post","type-post","status-publish","format-standard","has-post-thumbnail","category-vilag","tag-feleseg","tag-gyilkossag","tag-hungarian","tag-kulfold","tag-magyar","tag-mexiko","tag-news","tag-vilag","tag-world","tag-world-news","tag-zenekar","tag-zenesz"],"share_on_mastodon":{"url":"https:\/\/pubeurope.com\/@hu\/117209228432137496","error":""},"_links":{"self":[{"href":"https:\/\/www.europesays.com\/hu\/wp-json\/wp\/v2\/posts\/231899","targetHints":{"allow":["GET"]}}],"collection":[{"href":"https:\/\/www.europesays.com\/hu\/wp-json\/wp\/v2\/posts"}],"about":[{"href":"https:\/\/www.europesays.com\/hu\/wp-json\/wp\/v2\/types\/post"}],"author":[{"embeddable":true,"href":"https:\/\/www.europesays.com\/hu\/wp-json\/wp\/v2\/users\/2"}],"replies":[{"embeddable":true,"href":"https:\/\/www.europesays.com\/hu\/wp-json\/wp\/v2\/comments?post=231899"}],"version-history":[{"count":0,"href":"https:\/\/www.europesays.com\/hu\/wp-json\/wp\/v2\/posts\/231899\/revisions"}],"wp:featuredmedia":[{"embeddable":true,"href":"https:\/\/www.europesays.com\/hu\/wp-json\/wp\/v2\/media\/231900"}],"wp:attachment":[{"href":"https:\/\/www.europesays.com\/hu\/wp-json\/wp\/v2\/media?parent=231899"}],"wp:term":[{"taxonomy":"category","embeddable":true,"href":"https:\/\/www.europesays.com\/hu\/wp-json\/wp\/v2\/categories?post=231899"},{"taxonomy":"post_tag","embeddable":true,"href":"https:\/\/www.europesays.com\/hu\/wp-json\/wp\/v2\/tags?post=231899"}],"curies":[{"name":"wp","href":"https:\/\/api.w.org\/{rel}","templated":true}]}}