{"id":231907,"date":"2026-09-03T21:34:11","date_gmt":"2026-09-03T21:34:11","guid":{"rendered":"https:\/\/www.europesays.com\/hu\/231907\/"},"modified":"2026-09-03T21:34:11","modified_gmt":"2026-09-03T21:34:11","slug":"unnepeljuk-a-szetfingott-valtozattal-a-35-eves-terminator-2-t","status":"publish","type":"post","link":"https:\/\/www.europesays.com\/hu\/231907\/","title":{"rendered":"\u00dcnnepelj\u00fck a sz\u00e9tfingott v\u00e1ltozattal a 35 \u00e9ves Termin\u00e1tor 2-t!"},"content":{"rendered":"<p class=\"lead\">35 \u00e9ve mutatt\u00e1k be minden id\u0151k tal\u00e1n legjobb akci\u00f3filmj\u00e9t, a Termin\u00e1tor 2. \u2013 Az \u00edt\u00e9let napja c\u00edm\u0171 Schwarzenegger-klasszikust, melynek \u00f6r\u00f6m\u00e9re az \u00f6r\u00f6kz\u00f6ld alkot\u00e1s a h\u00e9ten visszat\u00e9rt a magyar mozikba. Ez\u00fattal azoknak kedvesked\u00fcnk, akik extravag\u00e1ns m\u00f3don is meg\u00fcnnepeln\u00e9k a jeles alkalmat.<\/p>\n<p>            <a href=\"https:\/\/news.google.com\/publications\/CAAqIggKIhxDQklTRHdnTWFnc0tDWEJzWVhsbGNpNW9kU2dBUAE\" target=\"_blank\" class=\"google-news\" rel=\"nofollow noopener\">Leg\u00fajabb cikkeink\u00e9rt k\u00f6vess minket a Player Google News oldal\u00e1n is!<\/a><\/p>\n<p>M\u00e1r igaz\u00e1n hozz\u00e1szokhattunk, hogy az interneten t\u00e9nyleg ott van minden az \u00e9gadta vil\u00e1gon. Mi\u00e9rt pont egy olyan csatorna ne lenne, ami j\u00f3l elhelyezett szellent\u00e9sekkel brutt\u00f3s\u00edtja ikonikus filmek jeleneteit? A With Farts csatorna pontosan ezzel sz\u00f3rakoztatja a YouTube k\u00f6z\u00f6ns\u00e9g\u00e9t, \u00e9s k\u00f6nnyen j\u00f6n az ember sz\u00e1j\u00e1ra, hogy enn\u00e9l primit\u00edvebb sz\u00f3rakoz\u00e1s nemigen l\u00e9tezik, ha k\u00f6zben k\u00e9ptelens\u00e9g r\u00f6h\u00f6g\u00e9s n\u00e9lk\u00fcl kib\u00edrni egy-egy ilyen alkot\u00e1st.<\/p>\n<p>A csatorna tartalomgy\u00e1rt\u00f3i a Termin\u00e1tor 2-nek is nekimentek, de \u00fagy, hogy az eredm\u00e9nyt l\u00e1tva szem nem marad sz\u00e1razon.<\/p>\n<p>Nem gondoln\u00e1nk, hogy a koncepci\u00f3 f\u00e1rad\u00e1s n\u00e9lk\u00fcl folytathat\u00f3 a v\u00e9gtelens\u00e9gig, de azt sem tudn\u00e1nk \u0151szint\u00e9n kijelenteni, hogy ezt a klipet fapof\u00e1val n\u00e9zt\u00fck v\u00e9gig. Bolldog sz\u00fclet\u00e9snapot, T2!<\/p>\n<p>Ez is \u00e9rdekelhet:<\/p>\n<p>        <img decoding=\"async\" src=\"https:\/\/www.europesays.com\/hu\/wp-content\/uploads\/2026\/09\/terminator-2-reklam-768x508.jpg\" loading=\"lazy\" alt=\"\"\/><\/p>\n<p>            <a href=\"https:\/\/www.google.com\/preferences\/source?q=player.hu\" class=\"google-prefer-btn\" rel=\"nofollow noopener\" target=\"_blank\">Itt \u00e1ll\u00edthatod be, hogy a Player az els\u0151k k\u00f6z\u00f6tt legyen a Google keres\u0151ben<\/a><\/p>\n<p>Iratkozz fel a h\u00edrlevel\u00fcnkre, \u00e9s mi minden h\u00e9ten \u00e9rdekes, sz\u00f3rakoztat\u00f3 sztorikat k\u00fcld\u00fcnk neked a vil\u00e1gb\u00f3l.<\/p>\n<p>H\u00edrlev\u00e9l feliratkoz\u00e1s<\/p>\n<p>        <a href=\"https:\/\/roadster.hu\/skoda-svajc\" target=\"_blank\" class=\"ga-click-event\" data-ga_category=\"Cikkoldal\" data-ga_action=\"Cikkt\u00f6rzs alatti eladott link\" data-ga_label=\"Elektromos aut\u00f3val \u00e9s biciklivel Sv\u00e1jcon \u00e1t\" rel=\"nofollow noopener\"><\/p>\n<p>Elektromos aut\u00f3val \u00e9s biciklivel Sv\u00e1jcon \u00e1t<\/p>\n<p>A j\u00e9gkorong-vil\u00e1gbajnoks\u00e1g j\u00f3 aprop\u00f3 az utaz\u00e1sra. Mi pedig szeretj\u00fck, ha az utaz\u00e1s legal\u00e1bb annyira eml\u00e9kezetes marad, mint maga a hoki. Id\u00e9n Fribourg \u00e9s Z\u00fcrich k\u00f6z\u00f6tt kerest\u00fck ezt az \u00e9lm\u00e9nyt, r\u00e9szben aut\u00f3val, r\u00e9szben biciklivel.<\/p>\n<p>                    <\/a><\/p>\n<p>T\u00e1mogatott \u00e9s aj\u00e1nlott tartalmaink<\/p>\n","protected":false},"excerpt":{"rendered":"35 \u00e9ve mutatt\u00e1k be minden id\u0151k tal\u00e1n legjobb akci\u00f3filmj\u00e9t, a Termin\u00e1tor 2. \u2013 Az \u00edt\u00e9let napja c\u00edm\u0171 Schwarzenegger-klasszikust,&hellip;\n","protected":false},"author":2,"featured_media":231908,"comment_status":"","ping_status":"","sticky":false,"template":"","format":"standard","meta":{"footnotes":"","_share_on_mastodon":"0"},"categories":[17],"tags":[168,137,167,160,3207,44,42,40,43,41,159,166,5771,138,3206,48227],"class_list":["post-231907","post","type-post","status-publish","format-standard","has-post-thumbnail","category-filmek","tag-elozetes","tag-entertainment","tag-film","tag-filmek","tag-fing","tag-hu","tag-hungarian","tag-hungary","tag-magyar","tag-magyarorszag","tag-movie","tag-mozi","tag-parodia","tag-szorakozas","tag-terminator","tag-terminator-2"],"share_on_mastodon":{"url":"https:\/\/pubeurope.com\/@hu\/117209259858638989","error":""},"_links":{"self":[{"href":"https:\/\/www.europesays.com\/hu\/wp-json\/wp\/v2\/posts\/231907","targetHints":{"allow":["GET"]}}],"collection":[{"href":"https:\/\/www.europesays.com\/hu\/wp-json\/wp\/v2\/posts"}],"about":[{"href":"https:\/\/www.europesays.com\/hu\/wp-json\/wp\/v2\/types\/post"}],"author":[{"embeddable":true,"href":"https:\/\/www.europesays.com\/hu\/wp-json\/wp\/v2\/users\/2"}],"replies":[{"embeddable":true,"href":"https:\/\/www.europesays.com\/hu\/wp-json\/wp\/v2\/comments?post=231907"}],"version-history":[{"count":0,"href":"https:\/\/www.europesays.com\/hu\/wp-json\/wp\/v2\/posts\/231907\/revisions"}],"wp:featuredmedia":[{"embeddable":true,"href":"https:\/\/www.europesays.com\/hu\/wp-json\/wp\/v2\/media\/231908"}],"wp:attachment":[{"href":"https:\/\/www.europesays.com\/hu\/wp-json\/wp\/v2\/media?parent=231907"}],"wp:term":[{"taxonomy":"category","embeddable":true,"href":"https:\/\/www.europesays.com\/hu\/wp-json\/wp\/v2\/categories?post=231907"},{"taxonomy":"post_tag","embeddable":true,"href":"https:\/\/www.europesays.com\/hu\/wp-json\/wp\/v2\/tags?post=231907"}],"curies":[{"name":"wp","href":"https:\/\/api.w.org\/{rel}","templated":true}]}}