{"id":231943,"date":"2026-09-03T22:10:12","date_gmt":"2026-09-03T22:10:12","guid":{"rendered":"https:\/\/www.europesays.com\/hu\/231943\/"},"modified":"2026-09-03T22:10:12","modified_gmt":"2026-09-03T22:10:12","slug":"telex-zuglo-pert-indit-a-bosnyak-teri-gigaberuhazas-ugyeben-a-bayer-construct-projektcege-ellen","status":"publish","type":"post","link":"https:\/\/www.europesays.com\/hu\/231943\/","title":{"rendered":"Telex: Zugl\u00f3 pert ind\u00edt a Bosny\u00e1k t\u00e9ri gigaberuh\u00e1z\u00e1s \u00fcgy\u00e9ben a Bayer Construct projektc\u00e9ge ellen"},"content":{"rendered":"<p>Megszavazta a zugl\u00f3i k\u00e9pvisel\u0151-test\u00fclet azt az el\u0151terjeszt\u00e9st, amely alapj\u00e1n a zugl\u00f3i \u00f6nkorm\u00e1nyzat megind\u00edtja a pert a Bosny\u00e1k t\u00e9r m\u00f6g\u00f6tti irodakomplexumot \u00e9p\u00edttet\u0151 projektc\u00e9ggel, a Zugl\u00f3 V\u00e1ros Developmenttel (DVK) szemben \u2013 <a href=\"https:\/\/hvg.hu\/gazdasag\/20260903_zuglo-bosnyak-ter-bayer-epitkezes-per\" target=\"_blank\" rel=\"nofollow noopener\">\u00edrja a Hvg.hu<\/a>.<\/p>\n<p>A Telexnek R\u00f3zsa Andr\u00e1s, a ker\u00fclet polg\u00e1rmestere kor\u00e1bban azt mondta, <a href=\"https:\/\/telex.hu\/belfold\/2026\/08\/24\/zuglo-xiv-kerulet-rozsa-andras-bayer-zuglo-varoskozpont-onkormanyzat-pert-indit\" class=\"\" rel=\"nofollow noopener\" target=\"_blank\">az \u00f6nkorm\u00e1nyzat \u00e1ll\u00e1spontja szerint<\/a> a c\u00e9g t\u00f6bb ponton megszegte a ker\u00fclettel fenn\u00e1ll\u00f3, m\u00e9g 2006-ban megk\u00f6t\u00f6tt, \u00e9s az\u00f3ta t\u00f6bbsz\u00f6r m\u00f3dos\u00edtott szerz\u0151d\u00e9s\u00e9t, \u00e9s a beruh\u00e1z\u00f3val fizettetn\u00e9k ki az \u00f6nkorm\u00e1nyzat ebb\u0151l fakad\u00f3 k\u00e1r\u00e1t. Az err\u0151l sz\u00f3l\u00f3 el\u0151terjeszt\u00e9st a k\u00e9pvisel\u0151-test\u00fclet szeptember 3-\u00e1n ellenszavazat n\u00e9lk\u00fcl fogadta el.<\/p>\n<p>Ahogy arr\u00f3l kor\u00e1bban besz\u00e1moltunk, egy ilyen per a teljes irodakomplexum sors\u00e1ra hat\u00e1ssal lehet, a per t\u00e9nye ugyanis ak\u00e1r az ingatlanok tulajdoni lapjaira is felker\u00fclhet, ami jelent\u0151sen megnehez\u00edti azt, hogy a Bayer ak\u00e1r az \u00e1llamnak, ak\u00e1r az \u00e1llam el\u00e1ll\u00e1sa eset\u00e9n m\u00e1s vev\u0151nek el tudja adni a komplexumot vagy annak egyes irodah\u00e1zait.<\/p>\n<p>A Bosny\u00e1k t\u00e9r m\u00f6g\u00f6tti ter\u00fcletet a zugl\u00f3i \u00f6nkorm\u00e1nyzat m\u00e9g 2006-ban adta el egy lengyel befektet\u0151nek, amely 2018-ban adta azt tov\u00e1bb a Bayer-csoportnak. \u0150k ekkor ny\u00edlt tervp\u00e1ly\u00e1zatot hirdettek, majd olyan terveket prezent\u00e1ltak, amelyek t\u00f6bb szempontb\u00f3l sem feleltek meg a ker\u00fcleti \u00e9p\u00edt\u00e9si szab\u00e1lyoknak. A zugl\u00f3i \u00f6nkorm\u00e1nyzat m\u00e1r kor\u00e1bban is megpr\u00f3b\u00e1lt akad\u00e1lyokat g\u00f6rd\u00edteni a beruh\u00e1z\u00e1s el\u00e9, a k\u00e9pvisel\u0151-test\u00fclet 2022 nyar\u00e1n el is fogadott egy hat\u00e1rozatot, amely szerint minden eszk\u00f6zzel fell\u00e9pnek a beruh\u00e1z\u00e1s ellen, \u00e9s ak\u00e1r pert is ind\u00edtanak ellene. A v\u00e1llalat \u00e9s az \u00f6nkorm\u00e1nyzat 2021 ut\u00e1n rendszeresen egyeztetett arr\u00f3l, hogy a Bayer a szab\u00e1lyokt\u00f3l val\u00f3 elt\u00e9r\u00e9s\u00e9rt cser\u00e9be valamilyen kompenz\u00e1ci\u00f3t fizessen a ker\u00fcletnek, ez\u00e9rt a ker\u00fclet v\u00e9g\u00fcl \u00e9vekig nem ind\u00edtott pert, annak ellen\u00e9re, hogy megegyez\u00e9s nem sz\u00fcletett. 2024-ben azt\u00e1n a momentumos R\u00f3zsa Andr\u00e1st v\u00e1lasztott\u00e1k meg Zugl\u00f3 polg\u00e1rmester\u00e9v\u00e9, a t\u00e1rgyal\u00e1sok \u00fajraindultak, de eredm\u00e9nytelenek voltak, ez\u00e9rt ny\u00e1ron az \u00f6nkorm\u00e1nyzat elkezdte megfogalmazni a keresetlevelet.<\/p>\n<p>A Magyar-korm\u00e1ny <a href=\"https:\/\/telex.hu\/belfold\/2026\/08\/03\/zuglo-irodapark-kormanyzati-tiborcz-istvan-magyar-peter\" class=\"\" rel=\"nofollow noopener\" target=\"_blank\">augusztus 3-\u00e1n jelentette be<\/a>, hogy el\u00e1ll a Bosny\u00e1k t\u00e9r m\u00f6g\u00f6tti, h\u00e9t irodah\u00e1zb\u00f3l \u00e1ll\u00f3 korm\u00e1nyzati negyed megv\u00e1s\u00e1rl\u00e1s\u00e1t\u00f3l. Az irodakomplexumot Tiborcz Istv\u00e1n \u00fczlett\u00e1rsa, Bal\u00e1zs Attila c\u00e9gei h\u00fazt\u00e1k fel, annak megv\u00e1s\u00e1rl\u00e1s\u00e1ra pedig m\u00e9g az el\u0151z\u0151 korm\u00e1ny k\u00f6t\u00f6tt nett\u00f3 244 milli\u00e1rdos, k\u00e9s\u0151bb nett\u00f3 254,8 milli\u00e1rdosra m\u00f3dos\u00edtott szerz\u0151d\u00e9st. Az \u00e1llam \u00e9s a Bayer k\u00f6z\u00f6tti <a href=\"https:\/\/telex.hu\/belfold\/2026\/08\/14\/zugloi-irodakomplexum-balazs-attila-kormany-elall-elovasarlasi-jog\" class=\"\" rel=\"nofollow noopener\" target=\"_blank\">jogi hercehurc\u00e1r\u00f3l ebben a cikkben \u00edrtunk r\u00e9szletesen<\/a>. Ha az \u00e1llamnak siker\u00fcl el\u00e1llnia az irodah\u00e1zak megv\u00e1s\u00e1rl\u00e1s\u00e1t\u00f3l, akkor a Bayernek piaci vev\u0151nek kell majd eladnia \u0151ket, ezt nehez\u00edtheti meg a zugl\u00f3i \u00f6nkorm\u00e1nyzat pere, k\u00e9rd\u00e9s ugyanis, hogy tal\u00e1lnak-e olyan befektet\u0151t, aki megvenn\u00e9 a perrel \u00e9rintett ingatlanokat.<\/p>\n<p>Arr\u00f3l, hogy pontosan mi alapj\u00e1n ind\u00edt pert a zugl\u00f3i \u00f6nkorm\u00e1nyzat, <a href=\"https:\/\/telex.hu\/belfold\/2026\/08\/24\/zuglo-xiv-kerulet-rozsa-andras-bayer-zuglo-varoskozpont-onkormanyzat-pert-indit\" class=\"\" rel=\"nofollow noopener\" target=\"_blank\">itt olvashat b\u0151vebben<\/a>. A Bayer Construct augusztus 26-\u00e1n <a href=\"https:\/\/telex.hu\/gazdasag\/2026\/08\/26\/bayer-construct-csodeljaras-kezdemenyezese-penzugyi-nehezseg-zuglo-varoskozpont-irodakomplexum\" class=\"\" rel=\"nofollow noopener\" target=\"_blank\">cs\u0151delj\u00e1r\u00e1st k\u00e9rt maga ellen<\/a>.<\/p>\n<p>A Bosny\u00e1k t\u00e9r m\u00f6g\u00f6tti irodakomplexum helyzet\u00e9r\u0151l \u00e9s lehets\u00e9ges j\u00f6v\u0151j\u00e9r\u0151l besz\u00e9lgett\u00fcnk a Telex T\u00e9ma c\u00edm\u0171 m\u0171sor\u00e1ban, amit <a href=\"https:\/\/youtu.be\/pXhBkMbjikg?si=2jLYZZHts70Qax-n\" target=\"_blank\" rel=\"nofollow noopener\">itt lehet megn\u00e9zni<\/a>:<\/p>\n","protected":false},"excerpt":{"rendered":"Megszavazta a zugl\u00f3i k\u00e9pvisel\u0151-test\u00fclet azt az el\u0151terjeszt\u00e9st, amely alapj\u00e1n a zugl\u00f3i \u00f6nkorm\u00e1nyzat megind\u00edtja a pert a Bosny\u00e1k t\u00e9r&hellip;\n","protected":false},"author":2,"featured_media":231944,"comment_status":"","ping_status":"","sticky":false,"template":"","format":"standard","meta":{"footnotes":"","_share_on_mastodon":"0"},"categories":[33],"tags":[9774,80,3731,61229,38,35,37,44,42,40,43,41,34,26535,36,39,4801],"class_list":["post-231943","post","type-post","status-publish","format-standard","has-post-thumbnail","category-hirek","tag-bayer-construct-zrt","tag-belfold","tag-bosnyak-ter","tag-bosnyak-teri-beruhazas","tag-focimek","tag-headlines","tag-hirek","tag-hu","tag-hungarian","tag-hungary","tag-magyar","tag-magyarorszag","tag-news","tag-rozsa-andras","tag-top-stories","tag-vezeto-hirek","tag-zuglo"],"share_on_mastodon":{"url":"https:\/\/pubeurope.com\/@hu\/117209401005476960","error":""},"_links":{"self":[{"href":"https:\/\/www.europesays.com\/hu\/wp-json\/wp\/v2\/posts\/231943","targetHints":{"allow":["GET"]}}],"collection":[{"href":"https:\/\/www.europesays.com\/hu\/wp-json\/wp\/v2\/posts"}],"about":[{"href":"https:\/\/www.europesays.com\/hu\/wp-json\/wp\/v2\/types\/post"}],"author":[{"embeddable":true,"href":"https:\/\/www.europesays.com\/hu\/wp-json\/wp\/v2\/users\/2"}],"replies":[{"embeddable":true,"href":"https:\/\/www.europesays.com\/hu\/wp-json\/wp\/v2\/comments?post=231943"}],"version-history":[{"count":0,"href":"https:\/\/www.europesays.com\/hu\/wp-json\/wp\/v2\/posts\/231943\/revisions"}],"wp:featuredmedia":[{"embeddable":true,"href":"https:\/\/www.europesays.com\/hu\/wp-json\/wp\/v2\/media\/231944"}],"wp:attachment":[{"href":"https:\/\/www.europesays.com\/hu\/wp-json\/wp\/v2\/media?parent=231943"}],"wp:term":[{"taxonomy":"category","embeddable":true,"href":"https:\/\/www.europesays.com\/hu\/wp-json\/wp\/v2\/categories?post=231943"},{"taxonomy":"post_tag","embeddable":true,"href":"https:\/\/www.europesays.com\/hu\/wp-json\/wp\/v2\/tags?post=231943"}],"curies":[{"name":"wp","href":"https:\/\/api.w.org\/{rel}","templated":true}]}}