{"id":231947,"date":"2026-09-03T22:18:21","date_gmt":"2026-09-03T22:18:21","guid":{"rendered":"https:\/\/www.europesays.com\/hu\/231947\/"},"modified":"2026-09-03T22:18:21","modified_gmt":"2026-09-03T22:18:21","slug":"rajzfilmfiguranak-oltoztettek-az-f1-es-biztonsagi-autot","status":"publish","type":"post","link":"https:\/\/www.europesays.com\/hu\/231947\/","title":{"rendered":"Rajzfilmfigur\u00e1nak \u00f6lt\u00f6ztett\u00e9k az F1-es biztons\u00e1gi aut\u00f3t"},"content":{"rendered":"<p class=\"main-pic -mainPct&#10;&#9;&#9;&#9;&#9;responsive-img-container\" style=\"padding-bottom: 66.714285714286%\">\n\t\t\t\t\t<img decoding=\"async\" class=\"img-blur\" src=\"https:\/\/www.europesays.com\/hu\/wp-content\/uploads\/2026\/09\/image-2026-09-03t060550-643-700x467.jpeg\" alt=\"Rajzfilmfigur\u00e1nak \u00f6lt\u00f6ztett\u00e9k az F1-es biztons\u00e1gi aut\u00f3t\"\/>\n\t\t\t\t<\/p>\n<p>2025-ben jelentette be a Disney \u00e9s a Forma\u20131, hogy az idei \u00e9vt\u0151l a k\u00e9t vil\u00e1gm\u00e1rka k\u00f6z\u00f6s projektekben is megjelenik. Ennek eddig nem sok l\u00e1tv\u00e1nyos eredm\u00e9ny\u00e9t l\u00e1thattunk, azonban az Olasz Nagyd\u00edjra olyasvalamivel k\u00e9sz\u00fcltek, ami ak\u00e1r a versenyen is megjelenhet.<\/p>\n<p>Fogt\u00e1k ugyanis azt a biztons\u00e1gi aut\u00f3t, amely <a href=\"https:\/\/www.vezess.hu\/forma-1\/2026\/07\/23\/uj-ruhaba-bujt-az-f1-es-biztonsagi-auto-a-hungaroringen\/\" rel=\"nofollow noopener\" target=\"_blank\">a Magyar Nagyd\u00edjon mutatkozott be,<\/a> \u00e9s Vill\u00e1m McQueent csin\u00e1ltak bel\u0151le. A Mercedes-AMG GT 63 Pro 4Matic+ ugyan nem egy NASCAR-versenyg\u00e9p, mint a Verd\u00e1k c\u00edm\u0171 anim\u00e1ci\u00f3s film f\u0151h\u0151se, de nem \u00e1ll neki rosszul az a p\u00e1r kieg\u00e9sz\u00edt\u00e9s, amelyet kapott.<\/p>\n<p>Az \u00e1talak\u00edt\u00e1s aprop\u00f3ja, hogy az anim\u00e1ci\u00f3s film 20 \u00e9ves, \u00e9s a k\u00e9t c\u00e9g egy\u00fcttm\u0171k\u00f6d\u00e9s\u00e9nek k\u00f6sz\u00f6nhet\u0151en a paddockban mindenf\u00e9le Verd\u00e1k-aj\u00e1nd\u00e9kt\u00e1rgyat is meg lehet venni.<\/p>\n<p style=\"text-align: center\">A k\u00e9pre kattintva gal\u00e9ria ny\u00edlik!<\/p>\n<p><a id=\"galeria-1\" class=\"m-nextGallery _ce_measure_widget _ce_measure_link\" href=\"https:\/\/www.vezess.hu\/forma-1\/2026\/09\/03\/rajzfilmfiguranak-oltoztettek-az-f1-es-biztonsagi-autot\/?gallery=1\/1\/gettyimages-2293287691.jpg\" data-ce-measure-widget=\"gallery-open\" rel=\"nofollow noopener\" target=\"_blank\"><\/p>\n<p>\t\t<img width=\"2400\" height=\"1600\" src=\"https:\/\/www.europesays.com\/hu\/wp-content\/uploads\/2026\/09\/gettyimages-2293287691.jpg\" class=\"m-nextGallery__featureImage wp-image-2302434\" alt=\"\" decoding=\"async\"  loading=\"lazy\"  title=\"F1 Grand Prix of Italy - Previews | Vezess\"\/>\t<\/p>\n<p><\/a><\/p>\n<p>Monz\u00e1ra nem csak a biztons\u00e1gi aut\u00f3 megjelen\u00e9se v\u00e1ltozott, <a href=\"https:\/\/www.vezess.hu\/forma-1\/2026\/09\/01\/30-evet-ugrik-az-idoben-a-ferrari-monzaban\/\" rel=\"nofollow noopener\" target=\"_blank\">a Ferrari\u00e9 is:<\/a><\/p>\n<p>\u00c9s ha m\u00e1r a k\u00fcl\u00f6nlegess\u00e9gekn\u00e9l tartunk, nem mehet\u00fcnk el <a href=\"https:\/\/www.vezess.hu\/forma-1\/2026\/09\/02\/a-fel-internet-az-uj-f1-es-trofeakon-nevet-olasz-nagydij-pirelli\/\" rel=\"nofollow noopener\" target=\"_blank\">sz\u00f3 n\u00e9lk\u00fcl a furcsa monzai tr\u00f3fe\u00e1k mellett:<\/a><\/p>\n<p><a class=\"mobilbanner\" href=\"https:\/\/www.tixa.hu\/zsts-garage-supercarfest-20261006-vezesshu\" rel=\"nofollow noopener\" target=\"_blank\"><img decoding=\"async\" src=\"https:\/\/www.europesays.com\/hu\/wp-content\/uploads\/2026\/09\/1788473899_447_300x250-supercarfest.jpg\" alt=\"\"\/><\/a>&#13;<br \/>\n<a class=\"desktopbanner\" href=\"https:\/\/www.tixa.hu\/zsts-garage-supercarfest-20261006-vezesshu\" rel=\"nofollow noopener\" target=\"_blank\"><img decoding=\"async\" src=\"https:\/\/www.europesays.com\/hu\/wp-content\/uploads\/2026\/09\/1788473901_795_970x250-copy.jpg\" alt=\"\"\/><\/a>&#13;<\/p>\n<p>\n\t\t\t\t\tK\u00e9p(ek) forr\u00e1sa: Nyit\u00f3k\u00e9p: F1\t\t\t\t<\/p>\n","protected":false},"excerpt":{"rendered":"2025-ben jelentette be a Disney \u00e9s a Forma\u20131, hogy az idei \u00e9vt\u0151l a k\u00e9t vil\u00e1gm\u00e1rka k\u00f6z\u00f6s projektekben is&hellip;\n","protected":false},"author":2,"featured_media":231948,"comment_status":"","ping_status":"","sticky":false,"template":"","format":"standard","meta":{"footnotes":"","_share_on_mastodon":"0"},"categories":[14],"tags":[34839,637,1326,44,42,40,43,41,34838,45,131,42742],"class_list":["post-231947","post","type-post","status-publish","format-standard","has-post-thumbnail","category-sport","tag-biztonsagi-auto","tag-f1","tag-forma-1","tag-hu","tag-hungarian","tag-hungary","tag-magyar","tag-magyarorszag","tag-safety-car","tag-sport","tag-sports","tag-verdak"],"share_on_mastodon":{"url":"https:\/\/pubeurope.com\/@hu\/117209432865932176","error":""},"_links":{"self":[{"href":"https:\/\/www.europesays.com\/hu\/wp-json\/wp\/v2\/posts\/231947","targetHints":{"allow":["GET"]}}],"collection":[{"href":"https:\/\/www.europesays.com\/hu\/wp-json\/wp\/v2\/posts"}],"about":[{"href":"https:\/\/www.europesays.com\/hu\/wp-json\/wp\/v2\/types\/post"}],"author":[{"embeddable":true,"href":"https:\/\/www.europesays.com\/hu\/wp-json\/wp\/v2\/users\/2"}],"replies":[{"embeddable":true,"href":"https:\/\/www.europesays.com\/hu\/wp-json\/wp\/v2\/comments?post=231947"}],"version-history":[{"count":0,"href":"https:\/\/www.europesays.com\/hu\/wp-json\/wp\/v2\/posts\/231947\/revisions"}],"wp:featuredmedia":[{"embeddable":true,"href":"https:\/\/www.europesays.com\/hu\/wp-json\/wp\/v2\/media\/231948"}],"wp:attachment":[{"href":"https:\/\/www.europesays.com\/hu\/wp-json\/wp\/v2\/media?parent=231947"}],"wp:term":[{"taxonomy":"category","embeddable":true,"href":"https:\/\/www.europesays.com\/hu\/wp-json\/wp\/v2\/categories?post=231947"},{"taxonomy":"post_tag","embeddable":true,"href":"https:\/\/www.europesays.com\/hu\/wp-json\/wp\/v2\/tags?post=231947"}],"curies":[{"name":"wp","href":"https:\/\/api.w.org\/{rel}","templated":true}]}}