{"id":231969,"date":"2026-09-03T22:46:13","date_gmt":"2026-09-03T22:46:13","guid":{"rendered":"https:\/\/www.europesays.com\/hu\/231969\/"},"modified":"2026-09-03T22:46:13","modified_gmt":"2026-09-03T22:46:13","slug":"messi-tiszteletere-kotelezo-lesz-az-egyperces-taps-argentinaban","status":"publish","type":"post","link":"https:\/\/www.europesays.com\/hu\/231969\/","title":{"rendered":"Messi tisztelet\u00e9re k\u00f6telez\u0151 lesz az egyperces taps Argent\u00edn\u00e1ban"},"content":{"rendered":"<p>\u201eElrendelj\u00fck, hogy a k\u00f6vetkez\u0151 fordul\u00f3ban, minden kateg\u00f3ria \u00f6sszes f\u00e9rfi \u00e9s n\u0151i szak\u00e1g\u00e1ban, a m\u00e9rk\u0151z\u00e9st az els\u0151 f\u00e9lid\u0151 10. perc\u00e9ben \u00e1ll\u00edts\u00e1k meg, \u00e9s egyperces tapssal ad\u00f3zzanak Messinek\u201d \u2013 k\u00f6z\u00f6lte a sz\u00f6vets\u00e9g.<\/p>\n<p>Ez azt jelenti, hogy a k\u00f6vetkez\u0151 bajnoki fordul\u00f3ban minden f\u00e9rfi \u00e9s n\u0151i, futsal- \u00e9s strandlabdar\u00fag\u00f3-m\u00e9rk\u0151z\u00e9st meg kell szak\u00edtani, s\u0151t, ahol lehets\u00e9ges, le kell vet\u00edteni a sz\u00f6vets\u00e9g \u00e1ltal \u00f6ssze\u00e1ll\u00edtott vide\u00f3t, amellyel \u201eteljess\u00e9 v\u00e1lik a Leo v\u00e1logatottbeli p\u00e1lyafut\u00e1sa el\u0151tti tisztelg\u00e9s.\u201d<\/p>\n<p>K\u00e9t meccs m\u00e1ris megszakadt<\/p>\n<p>Hogy Messi milyen szerepet t\u00f6lt be Argent\u00edn\u00e1ban, t\u00f6k\u00e9letes p\u00e9lda, hogy m\u00e1r szerd\u00e1n akadtak olyan m\u00e9rk\u0151z\u00e9sek, ahol dics\u0151\u00edtett\u00e9k: az els\u0151 nagyobb tisztelg\u00e9sre a d\u00f6nt\u00e9s kihirdet\u00e9se ut\u00e1n n\u00e9h\u00e1ny \u00f3r\u00e1val m\u00e1ris sor ker\u00fclt a Boca Juniors\u2013V\u00e9lez Sarsfield kupam\u00e9rk\u0151z\u00e9sen.<\/p>\n<p dir=\"ltr\" lang=\"es\">MINUTO 10 Y PARTIDO DETENIDO PARA HOMENAJEAR A MESSI<\/p>\n<p>Zunino detuvo el juego entre Boca y V\u00e9lez para ovacionar al Capit\u00e1n, que anunci\u00f3 su retiro de la Selecci\u00f3n Argentina. <a target=\"_blank\" href=\"https:\/\/x.com\/hashtag\/CopaArgentinaEnTyCSports?src=hash&amp;ref_src=twsrc%5Etfw\" rel=\"nofollow\">#CopaArgentinaEnTyCSports<\/a>. <a target=\"_blank\" href=\"https:\/\/t.co\/NawG4igUOe\" rel=\"nofollow\">pic.twitter.com\/NawG4igUOe<\/a><\/p>\n<p>\u2014 TyC Sports (@TyCSports) <a target=\"_blank\" href=\"https:\/\/x.com\/TyCSports\/status\/2095308933225201669?ref_src=twsrc%5Etfw\" rel=\"nofollow\">September 3, 2026<\/a><\/p>\n<p>Kicsit k\u00e9s\u0151bb pedig megszak\u00edtott\u00e1k a Racing\u2013Independiente csat\u00e1t is a n\u0151i futsalosok kupanyolcadd\u00f6nt\u0151j\u00e9ben.<\/p>\n<p>207 meccs, 125 g\u00f3l<\/p>\n<p>Messi a nemzeti csapatban 2005. augusztus 17-\u00e9n, Budapesten l\u00e9pett el\u0151sz\u00f6r p\u00e1ly\u00e1ra cserek\u00e9nt, de k\u00f6ny\u00f6kl\u00e9s\u00e9rt egy perc ut\u00e1n piros lapot kapott.<\/p>\n<p>C\u00edmeres mezben <a target=\"_blank\" href=\"https:\/\/24.hu\/sport\/foci\/2026\/08\/31\/visszavonult-a-valogatottsagtol-lionel-messi\/\" rel=\"nofollow noopener\">az utols\u00f3 tal\u00e1lkoz\u00f3ja<\/a> az idei vb d\u00f6nt\u0151je volt, amelyet a d\u00e9l-amerikai egy\u00fcttes hosszabb\u00edt\u00e1sban 1-0-ra elvesz\u00edtett Spanyolorsz\u00e1ggal szemben.<\/p>\n<p>A nyolcszoros aranylabd\u00e1s futballista 207-szer j\u00e1tszott a v\u00e1logatottban, 125 g\u00f3lt szerzett, 2022-ben csapatkapit\u00e1nya volt a vil\u00e1gbajnok egy\u00fcttesnek \u2013 az idei el\u0151tt 2014-ben is vb-d\u00f6nt\u0151s volt -, illetve k\u00e9tszer nyert Copa Am\u00e9ric\u00e1t.<\/p>\n<p>\t\t<script async src=\"https:\/\/platform.twitter.com\/widgets.js\" charset=\"utf-8\"><\/script><\/p>\n","protected":false},"excerpt":{"rendered":"\u201eElrendelj\u00fck, hogy a k\u00f6vetkez\u0151 fordul\u00f3ban, minden kateg\u00f3ria \u00f6sszes f\u00e9rfi \u00e9s n\u0151i szak\u00e1g\u00e1ban, a m\u00e9rk\u0151z\u00e9st az els\u0151 f\u00e9lid\u0151 10.&hellip;\n","protected":false},"author":2,"featured_media":231970,"comment_status":"","ping_status":"","sticky":false,"template":"","format":"standard","meta":{"footnotes":"","_share_on_mastodon":"0"},"categories":[14],"tags":[54139,9414,378,44,42,40,502,1981,43,41,45,131,37545],"class_list":["post-231969","post","type-post","status-publish","format-standard","has-post-thumbnail","category-sport","tag-argentin-foci","tag-argentin-valogatott","tag-foci","tag-hu","tag-hungarian","tag-hungary","tag-labdarugas","tag-lionel-messi","tag-magyar","tag-magyarorszag","tag-sport","tag-sports","tag-taps"],"share_on_mastodon":{"url":"https:\/\/pubeurope.com\/@hu\/117209542735676512","error":""},"_links":{"self":[{"href":"https:\/\/www.europesays.com\/hu\/wp-json\/wp\/v2\/posts\/231969","targetHints":{"allow":["GET"]}}],"collection":[{"href":"https:\/\/www.europesays.com\/hu\/wp-json\/wp\/v2\/posts"}],"about":[{"href":"https:\/\/www.europesays.com\/hu\/wp-json\/wp\/v2\/types\/post"}],"author":[{"embeddable":true,"href":"https:\/\/www.europesays.com\/hu\/wp-json\/wp\/v2\/users\/2"}],"replies":[{"embeddable":true,"href":"https:\/\/www.europesays.com\/hu\/wp-json\/wp\/v2\/comments?post=231969"}],"version-history":[{"count":0,"href":"https:\/\/www.europesays.com\/hu\/wp-json\/wp\/v2\/posts\/231969\/revisions"}],"wp:featuredmedia":[{"embeddable":true,"href":"https:\/\/www.europesays.com\/hu\/wp-json\/wp\/v2\/media\/231970"}],"wp:attachment":[{"href":"https:\/\/www.europesays.com\/hu\/wp-json\/wp\/v2\/media?parent=231969"}],"wp:term":[{"taxonomy":"category","embeddable":true,"href":"https:\/\/www.europesays.com\/hu\/wp-json\/wp\/v2\/categories?post=231969"},{"taxonomy":"post_tag","embeddable":true,"href":"https:\/\/www.europesays.com\/hu\/wp-json\/wp\/v2\/tags?post=231969"}],"curies":[{"name":"wp","href":"https:\/\/api.w.org\/{rel}","templated":true}]}}