{"id":231992,"date":"2026-09-03T23:07:42","date_gmt":"2026-09-03T23:07:42","guid":{"rendered":"https:\/\/www.europesays.com\/hu\/231992\/"},"modified":"2026-09-03T23:07:42","modified_gmt":"2026-09-03T23:07:42","slug":"itthon-video-17-embert-mentoalarcban-kisertek-ki-a-tuzoltok-egy-xviii-keruleti-tarsashazbol","status":"publish","type":"post","link":"https:\/\/www.europesays.com\/hu\/231992\/","title":{"rendered":"Itthon: Vide\u00f3: 17 embert ment\u0151\u00e1larcban k\u00eds\u00e9rtek ki a t\u0171zolt\u00f3k egy XVIII. ker\u00fcleti t\u00e1rsash\u00e1zb\u00f3l"},"content":{"rendered":"<p>T\u0171z keletkezett egy h\u00e1romszintes t\u00e1rsash\u00e1z egyik lak\u00e1s\u00e1ban tegnap d\u00e9lut\u00e1n Budapesten, a tizennyolcadik ker\u00fcletben, a R\u00e1day Gedeon utc\u00e1ban \u2013 \u00edrja a Katasztr\u00f3fav\u00e9delem.<\/p>\n<p> <a href=\"https:\/\/www.facebook.com\/reel\/2310982402639804\" target=\"_blank\" rel=\"nofollow noopener\"> <\/p>\n<p>https:\/\/www.facebook.com\/reel\/2310982402639804<\/p>\n<p>A lak\u00e1s a h\u00e1z f\u00f6ldszintj\u00e9n tal\u00e1lhat\u00f3 \u00e9s a nappalij\u00e1ban keletkezett a t\u0171z. <\/p>\n<p>A f\u0151v\u00e1rosi hivat\u00e1sos t\u0171zolt\u00f3k \u00e9s a FOKA \u00f6nk\u00e9ntesei oltott\u00e1k el a l\u00e1ngokat, ezzel egy id\u0151ben tizenh\u00e9t embert ment\u0151\u00e1larcban kik\u00eds\u00e9rtek az \u00e9p\u00fcletb\u0151l, egyik\u00fcket a t\u0171zzel \u00e9rintett lak\u00e1sb\u00f3l kellett kimenek\u00edteni. A ment\u0151szolg\u00e1lat t\u00edz embert sz\u00e1ll\u00edtott k\u00f3rh\u00e1zba. <\/p>\n<p>A t\u0171z keletkez\u00e9si k\u00f6r\u00fclm\u00e9nyeit m\u00e9g vizsg\u00e1lj\u00e1k.<\/p>\n<p>K\u00e9p\u00fcnk\u00f6n t\u0171zolt\u00f3k a kigyulladt XVIII. ker\u00fcleti lak\u00e1sban 2026.09.02-\u00e1n. Forr\u00e1s: BM Katasztr\u00f3fav\u00e9delmi F\u0151igazgat\u00f3s\u00e1g \/ Facebook<\/p>\n","protected":false},"excerpt":{"rendered":"T\u0171z keletkezett egy h\u00e1romszintes t\u00e1rsash\u00e1z egyik lak\u00e1s\u00e1ban tegnap d\u00e9lut\u00e1n Budapesten, a tizennyolcadik ker\u00fcletben, a R\u00e1day Gedeon utc\u00e1ban \u2013&hellip;\n","protected":false},"author":2,"featured_media":231993,"comment_status":"","ping_status":"","sticky":false,"template":"","format":"standard","meta":{"footnotes":"","_share_on_mastodon":"0"},"categories":[22],"tags":[469,73,44,42,40,43,41,30957,29953,3321,1561,21246],"class_list":["post-231992","post","type-post","status-publish","format-standard","has-post-thumbnail","category-budapest","tag-baleset","tag-budapest","tag-hu","tag-hungarian","tag-hungary","tag-magyar","tag-magyarorszag","tag-orszagos-katasztrofavedelmi-foigazgatosag","tag-tarsashaz","tag-tuz","tag-tuzoltok","tag-xviii-kerulet"],"share_on_mastodon":{"url":"https:\/\/pubeurope.com\/@hu\/117209625484226055","error":""},"_links":{"self":[{"href":"https:\/\/www.europesays.com\/hu\/wp-json\/wp\/v2\/posts\/231992","targetHints":{"allow":["GET"]}}],"collection":[{"href":"https:\/\/www.europesays.com\/hu\/wp-json\/wp\/v2\/posts"}],"about":[{"href":"https:\/\/www.europesays.com\/hu\/wp-json\/wp\/v2\/types\/post"}],"author":[{"embeddable":true,"href":"https:\/\/www.europesays.com\/hu\/wp-json\/wp\/v2\/users\/2"}],"replies":[{"embeddable":true,"href":"https:\/\/www.europesays.com\/hu\/wp-json\/wp\/v2\/comments?post=231992"}],"version-history":[{"count":0,"href":"https:\/\/www.europesays.com\/hu\/wp-json\/wp\/v2\/posts\/231992\/revisions"}],"wp:featuredmedia":[{"embeddable":true,"href":"https:\/\/www.europesays.com\/hu\/wp-json\/wp\/v2\/media\/231993"}],"wp:attachment":[{"href":"https:\/\/www.europesays.com\/hu\/wp-json\/wp\/v2\/media?parent=231992"}],"wp:term":[{"taxonomy":"category","embeddable":true,"href":"https:\/\/www.europesays.com\/hu\/wp-json\/wp\/v2\/categories?post=231992"},{"taxonomy":"post_tag","embeddable":true,"href":"https:\/\/www.europesays.com\/hu\/wp-json\/wp\/v2\/tags?post=231992"}],"curies":[{"name":"wp","href":"https:\/\/api.w.org\/{rel}","templated":true}]}}