{"id":231998,"date":"2026-09-03T23:18:14","date_gmt":"2026-09-03T23:18:14","guid":{"rendered":"https:\/\/www.europesays.com\/hu\/231998\/"},"modified":"2026-09-03T23:18:14","modified_gmt":"2026-09-03T23:18:14","slug":"telex-az-egyesult-allamok-szankcios-listara-tette-raul-castro-unokajat","status":"publish","type":"post","link":"https:\/\/www.europesays.com\/hu\/231998\/","title":{"rendered":"Telex: Az Egyes\u00fclt \u00c1llamok szankci\u00f3s list\u00e1ra tette Ra\u00fal Castro unok\u00e1j\u00e1t"},"content":{"rendered":"<p><a href=\"https:\/\/telex.hu\/szerzo\/madzin-emilia\" class=\"author__avatar\" rel=\"nofollow noopener\" target=\"_blank\"><img decoding=\"async\" src=\"https:\/\/www.europesays.com\/hu\/wp-content\/uploads\/2026\/09\/1788477494_574_1752846975-temp-fAFKLa_avatar@4x.jpg\" alt=\"Madzin Em\u00edlia\" class=\"avatar\" loading=\"lazy\"\/><\/a><\/p>\n<p>\u00c1ll\u00edtsd be a Telexet megb\u00edzhat\u00f3 forr\u00e1snak!<\/p>\n<p>Az Egyes\u00fclt \u00c1llamok \u00fajabb szankci\u00f3kat vezetett be Kuba ellen, <a href=\"https:\/\/www.reuters.com\/world\/americas\/us-slaps-new-sanctions-raul-castros-grandson-cuban-companies-2026-09-03\/\" target=\"_blank\" rel=\"nofollow noopener\">\u00edrja a Reuters.<\/a> \u00d6t kubai v\u00e1llalatot \u00e9s a 31 \u00e9ves Fidel Ernesto Castr\u00f3t, Ra\u00fal Castro unok\u00e1j\u00e1t is b\u00fcntet\u0151int\u00e9zked\u00e9sekkel s\u00fajtott\u00e1k. Az amerikai korm\u00e1ny indokl\u00e1sa szerint Castro az\u00e9rt ker\u00fclt a szankci\u00f3s list\u00e1ra, mert egy m\u00e1r szankcion\u00e1lt Castro csal\u00e1dtag feln\u0151tt hozz\u00e1tartoz\u00f3ja.<\/p>\n<p>Az int\u00e9zked\u00e9sek t\u00f6bb fontos kubai gazdas\u00e1gi szerepl\u0151t is \u00e9rintenek, k\u00f6zt\u00fck egy \u00e1llami bankot, k\u00e9t nikkelb\u00e1ny\u00e1szattal foglalkoz\u00f3 v\u00e1llalatot \u00e9s k\u00e9t energetikai c\u00e9get, amik k\u00f6z\u00fcl az egyik olajimporttal foglalkozik.<\/p>\n<p>Az Egyes\u00fclt \u00c1llamok az \u00e9v eleje \u00f3ta <a href=\"https:\/\/telex.hu\/kulfold\/2026\/05\/14\/kuba-kifogyott-a-gazolajbol-es-a-futoolajbol-az-amerikai-blokad-miatt\" class=\"\" rel=\"nofollow noopener\" target=\"_blank\">Kuba olajell\u00e1t\u00e1s\u00e1t is igyekszik ellehetetlen\u00edteni,<\/a> \u00e9s v\u00e1mokkal fenyegeti azokat az orsz\u00e1gokat, amik tov\u00e1bbra is olajat sz\u00e1ll\u00edtanak a szigetorsz\u00e1gba.<\/p>\n<p>A szankci\u00f3k tov\u00e1bb s\u00falyosb\u00edtj\u00e1k Kuba am\u00fagy is komoly gazdas\u00e1gi probl\u00e9m\u00e1it. Az orsz\u00e1g elektromos h\u00e1l\u00f3zata egyre rosszabb \u00e1llapotban van, <a href=\"https:\/\/telex.hu\/kulfold\/2026\/03\/17\/kuba-aramszunet\" class=\"\" rel=\"nofollow noopener\" target=\"_blank\">ez\u00e9rt rendszeress\u00e9 v\u00e1ltak a nagyobb \u00e1ramsz\u00fcnetek<\/a>. Ez megnehez\u00edti az \u00e1rusz\u00e1ll\u00edt\u00e1st, \u00e9s az eg\u00e9szs\u00e9g\u00fcgyi ell\u00e1t\u00e1st is tov\u00e1bb korl\u00e1tozza. Az ENSZ att\u00f3l tart, hogy a helyzet humanit\u00e1rius v\u00e1ls\u00e1ghoz vezethet.<\/p>\n<p>A kubai vezet\u00e9s ez\u00e9rt megpr\u00f3b\u00e1lja \u00e1talak\u00edtani gazdas\u00e1g\u00e1t, hogy k\u00f6nnyebben <a href=\"https:\/\/telex.hu\/kulfold\/2026\/03\/16\/kubai-valsag-gazdasag-osszeomlas-usa-donald-trump-marco-rubio-raul-castro-rezsimvaltas-venezuela-olaj\" class=\"\" rel=\"nofollow noopener\" target=\"_blank\">\u00e1tv\u00e9szelje az amerikai szankci\u00f3k miatti gazdas\u00e1gi nyom\u00e1st.<\/a> J\u00falius v\u00e9g\u00e9n olyan terveket jelentett be, amik szerint bizonyos fontos \u00e1gazatokban nagyobb szerepet kapn\u00e1nak a mag\u00e1nv\u00e1llalkoz\u00e1sok.<\/p>\n<p><a href=\"https:\/\/telex.hu\/kulfold\/2026\/06\/05\/egyesult-allamok-uj-szankciok-kuba\" class=\"\" rel=\"nofollow noopener\" target=\"_blank\">Legut\u00f3bb ny\u00e1r elej\u00e9n jelentett be<\/a> az Egyes\u00fclt \u00c1llamok gazdas\u00e1gi szankci\u00f3kat Kuba vezet\u00e9se ellen, a b\u00fcntet\u0151int\u00e9zked\u00e9sek Miguel D\u00edaz-Canel kubai eln\u00f6k\u00f6t, feles\u00e9g\u00e9t \u00e9s mostohafi\u00e1t, valamint a Castro csal\u00e1d t\u00f6bb tagj\u00e1t is \u00e9rintett\u00e9k. A c\u00e9lpontok k\u00f6z\u00f6tt volt Alejandro Castro Esp\u00edn, Ra\u00fal Castro fia \u00e9s az \u0151 gyermeke is. Az amerikai p\u00e9nz\u00fcgyminiszt\u00e9rium emellett t\u00f6bb kubai \u00e1llami int\u00e9zm\u00e9nyt, k\u00f6zt\u00fck a forradalmi fegyveres er\u0151k miniszt\u00e9rium\u00e1t is szankci\u00f3s list\u00e1ra tette.<\/p>\n<p>Partnereinkt\u0151l<\/p>\n<p>\u00c1ll\u00edtsd be a Telexet megb\u00edzhat\u00f3 forr\u00e1snak!<\/p>\n<p>K\u00f6vess minket Facebookon is!<\/p>\n","protected":false},"excerpt":{"rendered":"\u00c1ll\u00edtsd be a Telexet megb\u00edzhat\u00f3 forr\u00e1snak! Az Egyes\u00fclt \u00c1llamok \u00fajabb szankci\u00f3kat vezetett be Kuba ellen, \u00edrja a Reuters.&hellip;\n","protected":false},"author":2,"featured_media":231999,"comment_status":"","ping_status":"","sticky":false,"template":"","format":"standard","meta":{"footnotes":"","_share_on_mastodon":"0"},"categories":[8],"tags":[61233,303,42,5330,64,43,34,11312,94,93,92],"class_list":["post-231998","post","type-post","status-publish","format-standard","has-post-thumbnail","category-vilag","tag-castro-csalad","tag-egyesult-allamok","tag-hungarian","tag-kuba","tag-kulfold","tag-magyar","tag-news","tag-raul-castro","tag-vilag","tag-world","tag-world-news"],"share_on_mastodon":{"url":"https:\/\/pubeurope.com\/@hu\/117209669039149414","error":""},"_links":{"self":[{"href":"https:\/\/www.europesays.com\/hu\/wp-json\/wp\/v2\/posts\/231998","targetHints":{"allow":["GET"]}}],"collection":[{"href":"https:\/\/www.europesays.com\/hu\/wp-json\/wp\/v2\/posts"}],"about":[{"href":"https:\/\/www.europesays.com\/hu\/wp-json\/wp\/v2\/types\/post"}],"author":[{"embeddable":true,"href":"https:\/\/www.europesays.com\/hu\/wp-json\/wp\/v2\/users\/2"}],"replies":[{"embeddable":true,"href":"https:\/\/www.europesays.com\/hu\/wp-json\/wp\/v2\/comments?post=231998"}],"version-history":[{"count":0,"href":"https:\/\/www.europesays.com\/hu\/wp-json\/wp\/v2\/posts\/231998\/revisions"}],"wp:featuredmedia":[{"embeddable":true,"href":"https:\/\/www.europesays.com\/hu\/wp-json\/wp\/v2\/media\/231999"}],"wp:attachment":[{"href":"https:\/\/www.europesays.com\/hu\/wp-json\/wp\/v2\/media?parent=231998"}],"wp:term":[{"taxonomy":"category","embeddable":true,"href":"https:\/\/www.europesays.com\/hu\/wp-json\/wp\/v2\/categories?post=231998"},{"taxonomy":"post_tag","embeddable":true,"href":"https:\/\/www.europesays.com\/hu\/wp-json\/wp\/v2\/tags?post=231998"}],"curies":[{"name":"wp","href":"https:\/\/api.w.org\/{rel}","templated":true}]}}