{"id":232000,"date":"2026-09-03T23:19:17","date_gmt":"2026-09-03T23:19:17","guid":{"rendered":"https:\/\/www.europesays.com\/hu\/232000\/"},"modified":"2026-09-03T23:19:17","modified_gmt":"2026-09-03T23:19:17","slug":"o-a-filmreformert-felelos-miniszteri-biztos-itt-van-minden-amit-petranyi-viktoriarol-tudni-kell","status":"publish","type":"post","link":"https:\/\/www.europesays.com\/hu\/232000\/","title":{"rendered":"\u0150 a filmreform\u00e9rt felel\u0151s miniszteri biztos! Itt van minden, amit Petr\u00e1nyi Vikt\u00f3ri\u00e1r\u00f3l tudni kell"},"content":{"rendered":"<p>\n                        Petr\u00e1nyi Vikt\u00f3ria lesz a filmreform\u00e9rt felel\u0151s miniszteri biztos.                     <\/p>\n<p>A h\u00edrt Nagy Ervin, sz\u00edn\u00e9sz, a \u00a0TISZA orsz\u00e1ggy\u0171l\u00e9si k\u00e9pvisel\u0151je \u00e9s kult\u00far\u00e1\u00e9rt felel\u0151s \u00e1llamtitk\u00e1r osztotta meg a k\u00f6z\u00f6ss\u00e9gi oldal\u00e1n.\u00a0<\/p>\n<p>&#13;<br \/>\n\u201e\u00dajra f\u0151szerepben a magyar film! ! Viki k\u00e9t \u00e9vtizede dolgozik filmiparban. A hazai \u00e9s nemzetk\u00f6zi filmgy\u00e1rt\u00e1s egyik meghat\u00e1roz\u00f3 c\u00e9g\u00e9nek t\u00e1rsalap\u00edt\u00f3jak\u00e9nt ismeri a probl\u00e9m\u00e1kat, \u00e9rti a szakma szempontjait, \u00e9s pontosan tudja, hogy val\u00f3di v\u00e1ltoz\u00e1st csak partners\u00e9gben lehet el\u00e9rni\u201d&#13;<\/p>\n<p>\u2013 olvashat\u00f3 Nagy Ervin posztj\u00e1ban.\u00a0<\/p>\n<p>&#13;<br \/>\n\u201eNem a filmesek n\u00e9lk\u00fcl akarjuk megreform\u00e1lni a magyar filmet, hanem vel\u00fck egy\u00fctt. Viki szem\u00e9lye \u00e9s a Filmreform Kerekasztallal val\u00f3 egy\u00fcttm\u0171k\u00f6d\u00e9s garancia arra, hogy a reform m\u00f6g\u00f6tt val\u00f3di filmes tapasztalat, szakmai tud\u00e1s \u00e9s a magyar film ir\u00e1nti elk\u00f6telezetts\u00e9g \u00e1lljon\u201d&#13;<\/p>\n<p>\u2013 tette hozz\u00e1 az \u00e1llamtitk\u00e1r, gondolatait pedig azzal z\u00e1rta, rengeteg munka v\u00e1r m\u00e9g r\u00e1juk, de a c\u00e9l, hogy olyan filmipart \u00e9p\u00edtsenek, amiben \u00fajra a\u00a0tehets\u00e9g, a teljes\u00edtm\u00e9ny \u00e9s a j\u00f3 film ker\u00fcl a k\u00f6z\u00e9ppontba.\u00a0<\/p>\n<p>&#13;<br \/>\n&#13;<br \/>\nNa, de ki is pontosan Petr\u00e1nyi Vikt\u00f3ria?&#13;<\/p>\n<p>Petr\u00e1nyi Vikt\u00f3ria t\u00f6bb mint 25 \u00e9ve a magyar filmszakma egyik legfontosabb szerepl\u0151je, aki els\u0151sorban a Proton Cinema t\u00e1rsalap\u00edt\u00f3jak\u00e9nt \u00e9s vezet\u0151 producerek\u00e9nt v\u00e1lt ismertt\u00e9. Az elm\u00falt k\u00e9t \u00e9vtizedben olyan magyar \u00e9s nemzetk\u00f6zi produkci\u00f3k l\u00e9trej\u00f6tt\u00e9ben m\u0171k\u00f6d\u00f6tt k\u00f6zre, amelyek rendszeresen szerepeltek a vil\u00e1g vezet\u0151 filmfesztiv\u00e1ljain, \u00e9s t\u00f6bb alkalommal Oscar- vagy Eur\u00f3pai Filmd\u00edj-jel\u00f6l\u00e9sekig jutottak.<\/p>\n<p>&#13;<br \/>\nEddigi karrierje&#13;<\/p>\n<p>Petr\u00e1nyi az \u00e9retts\u00e9gi ut\u00e1n, elv\u00e9gezte a magyar-eszt\u00e9tika szakot az ELTE-n, \u00e9s k\u00e9s\u0151bb filmelm\u00e9letet is tanult ugyanitt, mik\u00f6zben h\u00e1rom \u00e9ven \u00e1t dolgozott az MSAT telev\u00edzi\u00f3nak, el\u0151bb filmszerkeszt\u0151 asszisztensk\u00e9nt, majd szerkeszt\u0151i beoszt\u00e1sban. Ut\u00e1na a Sz\u00ednh\u00e1z- \u00e9s Filmm\u0171v\u00e9szeti F\u0151iskola film- \u00e9s telev\u00edzi\u00f3 producer szakos hallgat\u00f3ja lett Schulze \u00c9va \u00e9s Zsombolyai J\u00e1nos oszt\u00e1ly\u00e1ban. Itt ismerkedett meg a rendez\u0151szakon tanul\u00f3 Mundrucz\u00f3 Korn\u00e9llal, akinek \u00e1lland\u00f3 producer\u00e9v\u00e9 v\u00e1lt. Els\u0151 komolyabb elismer\u00e9s\u00fcket a Nincsen nekem v\u00e1gyam semmi (2000) c\u00edm\u0171 vizsgafilmmel \u00e9rt\u00e9k el, amely a 31. Magyar Filmszeml\u00e9n a legjobb els\u0151 film d\u00edj\u00e1t kapta. 2003-ban l\u00e9trehozt\u00e1k a Proton Cinem\u00e1t, amely egyszerre foglalkozik magyar szerz\u0151i filmekkel \u00e9s nagyszab\u00e1s\u00fa nemzetk\u00f6zi koprodukci\u00f3kkal.<\/p>\n<p>&#13;<\/p>\n<p><a href=\"https:\/\/port.hu\/cikk\/magazin\/mostantol-biztonsagban-vagytok-a-magyar-film-politikamentesiteset-igerte-nagy-ervin-a-tisza-kormany-kulturpolitikusa\/article-126252\" rel=\"nofollow noopener\" target=\"_blank\"><img decoding=\"async\" src=\"https:\/\/www.europesays.com\/hu\/wp-content\/uploads\/2026\/09\/770.webp\" width=\"300\"\/><\/a><a href=\"https:\/\/port.hu\/cikk\/magazin\/mostantol-biztonsagban-vagytok-a-magyar-film-politikamentesiteset-igerte-nagy-ervin-a-tisza-kormany-kulturpolitikusa\/article-126252\" rel=\"nofollow noopener\" target=\"_blank\">Mostant\u00f3l biztons\u00e1gban vagytok! \u2013 A magyar film politikamentes\u00edt\u00e9s\u00e9t \u00edg\u00e9rte Nagy Ervin, a Tisza-korm\u00e1ny kult\u00farpolitikusa<\/a><\/p>\n<p>A sz\u00edn\u00e9szb\u0151l lett politikus pontos poz\u00edci\u00f3j\u00e1t a most fel\u00e1ll\u00f3 korm\u00e1nyban egyel\u0151re m\u00e9g nem hat\u00e1roztak meg, az NFI vezet\u0151j\u00e9t t\u00f6bbl\u00e9pcs\u0151s p\u00e1ly\u00e1zattal v\u00e1lasztj\u00e1k ki.<\/p>\n<p><a class=\"article-btn\" href=\"https:\/\/port.hu\/cikk\/magazin\/mostantol-biztonsagban-vagytok-a-magyar-film-politikamentesiteset-igerte-nagy-ervin-a-tisza-kormany-kulturpolitikusa\/article-126252\" rel=\"nofollow noopener\" target=\"_blank\">Tov\u00e1bb<\/a><\/p>\n<p>&#13;<\/p>\n<p>Petr\u00e1nyi legismertebb munk\u00e1i:<\/p>\n<p>&#13;<\/p>\n<p>Delta (2008) \u2013 Arany P\u00e1lma-jel\u00f6l\u00e9s Cannes-ban, FIPRESCI-d\u00edj<br \/>Szel\u00edd teremt\u00e9s \u2013 A Frankenstein-terv (2010) \u2013 Cannes-i versenyprogram; operat\u0151ri \u00e9s rendez\u0151i d\u00edj a Magyar Filmszeml\u00e9n<br \/>Feh\u00e9r isten \u2013 Un Certain Regard f\u0151d\u00edja Cannes-ban.<br \/>Jupiter holdja \u2013 Cannes-i versenyprogram<br \/>Pieces of a Woman \u2013 Velencei versenyprogram; Oscar-jel\u00f6l\u00e9s Vanessa Kirbynek<\/p>\n<p>&#13;<\/p>\n<p>Producerk\u00e9nt sz\u00e1mos tov\u00e1bbi magyar nagyj\u00e1t\u00e9kfilm (Viharsarok, Guerilla, \u0170rpiknik), r\u00f6vidfilm \u00e9s nemzetk\u00f6zi koprodukci\u00f3 kapcsol\u00f3dik a nev\u00e9hez \u2013 \u0151 volt t\u00f6bbek k\u00f6zt Ari Aster horrorj\u00e1nak, a Feh\u00e9r \u00e9jszak\u00e1knak \u00e9s A brutalist\u00e1nak is a magyar koproducere. A Protonnal nagy\u00e9rt\u00e9k\u0171 filmes szervizmunk\u00e1t v\u00e9geznek p\u00e9ld\u00e1ul a Netflixnek, a Disneynek \u00e9s a Skynak. Saj\u00e1t gy\u00e1rt\u00e1s\u00fa sorozatokat is k\u00e9sz\u00edtenek a streamingplatformoknak, ilyen volt p\u00e9ld\u00e1ul A bes\u00fag\u00f3 az HBO-nak, illetve a rom\u00e1niai HBO-nak a Spy\/Master.<\/p>\n<p>&#13;<\/p>\n<p>2023-ban A legbefoly\u00e1sosabb magyar n\u0151k Forbes-list\u00e1j\u00e1n a 9. helyen szerepelt.<\/p>\n<p>&#13;<\/p>\n<p><a href=\"https:\/\/port.hu\/cikk\/magazin\/kulturaert-felelos-allamtitkarra-neveztek-ki-nagy-ervint\/article-126868\" rel=\"nofollow noopener\" target=\"_blank\"><img decoding=\"async\" src=\"https:\/\/www.europesays.com\/hu\/wp-content\/uploads\/2026\/09\/896.jpg\" width=\"300\"\/><\/a><a href=\"https:\/\/port.hu\/cikk\/magazin\/kulturaert-felelos-allamtitkarra-neveztek-ki-nagy-ervint\/article-126868\" rel=\"nofollow noopener\" target=\"_blank\">Kult\u00far\u00e1\u00e9rt felel\u0151s \u00e1llamtitk\u00e1rr\u00e1 nevezt\u00e9k ki Nagy Ervint<\/a><\/p>\n<p>F\u0151n\u00f6ke Tarr Zolt\u00e1n miniszter lesz a most fel\u00e1ll\u00f3 Tisza-korm\u00e1nyban.<\/p>\n<p><a class=\"article-btn\" href=\"https:\/\/port.hu\/cikk\/magazin\/kulturaert-felelos-allamtitkarra-neveztek-ki-nagy-ervint\/article-126868\" rel=\"nofollow noopener\" target=\"_blank\">Tov\u00e1bb<\/a><\/p>\n<p>&#13;<br \/>\n<br \/>\u00cdgy l\u00e1tja j\u00f6v\u0151t&#13;<\/p>\n<p>2026 m\u00e1jus\u00e1ban a Variety a magyar filmipar helyzet\u00e9nek szentelt egy nagyobb \u00f6sszefoglal\u00f3t, amelyben Petr\u00e1nyi is megsz\u00f3lalt. Szerint egy nyitottabb, liber\u00e1lisabb kultur\u00e1lis k\u00f6rnyezet lehet\u0151s\u00e9get teremthet azoknak a filmterveknek a megval\u00f3s\u00edt\u00e1s\u00e1ra, amelyek kor\u00e1bban h\u00e1tt\u00e9rbe szorultak. Ugyanakkor hangs\u00falyozta, hogy nem v\u00e1r gyors fordulatot, mondv\u00e1n:<\/p>\n<p>&#13;<br \/>\nNem fogjuk tudni bep\u00f3tolni az elm\u00falt 16 \u00e9vet.\u201d&#13;<\/p>\n<p>\u00dagy v\u00e9li, a magyar filmszakm\u00e1nak hosszabb id\u0151re lesz sz\u00fcks\u00e9ge ahhoz, hogy \u00fajj\u00e1\u00e9p\u00edtse azokat az \u00e9rt\u00e9keket \u00e9s szakmai kapcsolatokat, amelyek az el\u0151z\u0151 id\u0151szakban meggyeng\u00fcltek. A szakma feladat\u00e1t abban l\u00e1tja, hogy \u00fajradefini\u00e1lja saj\u00e1t m\u0171k\u00f6d\u00e9s\u00e9t, mik\u00f6zben t\u00fcrelemmel alkalmazkodik az \u00faj k\u00f6rnyezethez.<\/p>\n<p>&#13;<\/p>\n<p>Via: <a href=\"https:\/\/www.filmkultura.hu\/regi\/2003\/articles\/profiles\/petranyiv.hu.html\" target=\"_blank\" rel=\"noopener nofollow\">Filmkult\u00fara<\/a> \/ <a href=\"https:\/\/variety.com\/2026\/film\/global\/hungarian-film-industry-new-day-post-orban-era-1236731173\/\" target=\"_blank\" rel=\"noopener nofollow\">Variety<\/a> \/ <a href=\"https:\/\/forbes.hu\/lists\/a-legbefolyasosabb-magyar-nok-2023-kultura\/\" target=\"_blank\" rel=\"noopener nofollow\">Forbes<\/a> \/ <a href=\"https:\/\/archiv.szfe.hu\/oktato\/petranyi-viktoria\/\" target=\"_blank\" rel=\"noopener nofollow\">SZFE<\/a><\/p>\n<p>&#13;<\/p>\n<p>C\u00edmlapfot\u00f3: Proton Sz\u00ednh\u00e1z<\/p>\n<p>                <a href=\"https:\/\/google.com\/preferences\/source?q=https:\/\/port.hu\" target=\"_blank\" class=\"google-pref-banner\" id=\"googlePrefBanner\" rel=\"nofollow noopener\"><br \/>\n                    <img loading=\"lazy\" decoding=\"async\" src=\"https:\/\/port.hu\/img\/svg\/google-logo.svg\" width=\"52\" height=\"52\"\/><br \/>\n                    Itt \u00e1ll\u00edtsa be, hogy a Port az els\u0151k k\u00f6z\u00f6tt legyen a Google-tal\u00e1latokban!<\/p>\n<p>                <\/a><\/p>\n","protected":false},"excerpt":{"rendered":"Petr\u00e1nyi Vikt\u00f3ria lesz a filmreform\u00e9rt felel\u0151s miniszteri biztos. A h\u00edrt Nagy Ervin, sz\u00edn\u00e9sz, a \u00a0TISZA orsz\u00e1ggy\u0171l\u00e9si k\u00e9pvisel\u0151je \u00e9s&hellip;\n","protected":false},"author":2,"featured_media":232001,"comment_status":"","ping_status":"","sticky":false,"template":"","format":"standard","meta":{"footnotes":"","_share_on_mastodon":"0"},"categories":[6],"tags":[61180,26709,942,44,42,40,14510,43,41,166,1809,61234,1993],"class_list":["post-232000","post","type-post","status-publish","format-standard","has-post-thumbnail","category-magyarorszag","tag-filmreformert-felelos-miniszteri-biztos","tag-filmszakma","tag-hir","tag-hu","tag-hungarian","tag-hungary","tag-kinevezes","tag-magyar","tag-magyarorszag","tag-mozi","tag-nagy-ervin","tag-petranyi-viktor","tag-producer"],"share_on_mastodon":{"url":"https:\/\/pubeurope.com\/@hu\/117209672467758041","error":""},"_links":{"self":[{"href":"https:\/\/www.europesays.com\/hu\/wp-json\/wp\/v2\/posts\/232000","targetHints":{"allow":["GET"]}}],"collection":[{"href":"https:\/\/www.europesays.com\/hu\/wp-json\/wp\/v2\/posts"}],"about":[{"href":"https:\/\/www.europesays.com\/hu\/wp-json\/wp\/v2\/types\/post"}],"author":[{"embeddable":true,"href":"https:\/\/www.europesays.com\/hu\/wp-json\/wp\/v2\/users\/2"}],"replies":[{"embeddable":true,"href":"https:\/\/www.europesays.com\/hu\/wp-json\/wp\/v2\/comments?post=232000"}],"version-history":[{"count":0,"href":"https:\/\/www.europesays.com\/hu\/wp-json\/wp\/v2\/posts\/232000\/revisions"}],"wp:featuredmedia":[{"embeddable":true,"href":"https:\/\/www.europesays.com\/hu\/wp-json\/wp\/v2\/media\/232001"}],"wp:attachment":[{"href":"https:\/\/www.europesays.com\/hu\/wp-json\/wp\/v2\/media?parent=232000"}],"wp:term":[{"taxonomy":"category","embeddable":true,"href":"https:\/\/www.europesays.com\/hu\/wp-json\/wp\/v2\/categories?post=232000"},{"taxonomy":"post_tag","embeddable":true,"href":"https:\/\/www.europesays.com\/hu\/wp-json\/wp\/v2\/tags?post=232000"}],"curies":[{"name":"wp","href":"https:\/\/api.w.org\/{rel}","templated":true}]}}