{"id":232002,"date":"2026-09-03T23:20:12","date_gmt":"2026-09-03T23:20:12","guid":{"rendered":"https:\/\/www.europesays.com\/hu\/232002\/"},"modified":"2026-09-03T23:20:12","modified_gmt":"2026-09-03T23:20:12","slug":"index-kulfold-a-vartnal-is-rosszabb-a-helyzet-tovabb-erosodik-az-el-nino","status":"publish","type":"post","link":"https:\/\/www.europesays.com\/hu\/232002\/","title":{"rendered":"Index &#8211; K\u00fclf\u00f6ld &#8211; A v\u00e1rtn\u00e1l is rosszabb a helyzet, tov\u00e1bb er\u0151s\u00f6dik az El Ni\u00f1o"},"content":{"rendered":"<p>Az El Ni\u00f1o id\u0151j\u00e1r\u00e1si jelens\u00e9g az el\u0151rejelz\u00e9sek szerint a k\u00f6vetkez\u0151 h\u00f3napokban tov\u00e1bb er\u0151s\u00f6dik, az \u00e9v v\u00e9g\u00e9re nagyon er\u0151ss\u00e9 v\u00e1lhat, \u00e9s hat\u00e1sai 2027-ben is \u00e9rv\u00e9nyes\u00fclhetnek \u2013 k\u00f6z\u00f6lte cs\u00fct\u00f6rt\u00f6k\u00f6n a Meteorol\u00f3giai Vil\u00e1gszervezet (WMO).\u00a0A WMO glob\u00e1lis el\u0151rejelz\u0151 k\u00f6zpontjainak progn\u00f3zisai szerint k\u00f6zel 100 sz\u00e1zal\u00e9kos annak a val\u00f3sz\u00edn\u0171s\u00e9ge, hogy az El Ni\u00f1o 2027 febru\u00e1rj\u00e1ig fennmarad. A szervezet szerint a rendk\u00edv\u00fcl meleg tr\u00f3pusi csendes-\u00f3ce\u00e1ni vizek kedveznek a jelens\u00e9g tov\u00e1bbi er\u0151s\u00f6d\u00e9s\u00e9nek \u2013 \u00edrta meg az MTI.<\/p>\n<p>A WMO k\u00f6zl\u00e9se szerint a k\u00f6z\u00e9p- \u00e9s kelet-egyenl\u00edt\u0151i Csendes-\u00f3ce\u00e1n t\u00e9rs\u00e9g\u00e9ben a Ni\u00f1o 3.4 index \u2013 amely a tengerfelsz\u00edn h\u0151m\u00e9rs\u00e9kleti elt\u00e9r\u00e9s\u00e9t m\u00e9ri \u2013 m\u00e1jus \u00e9s j\u00falius k\u00f6z\u00f6tt \u00e1tlagosan 1,5 Celsius-fokkal, j\u00faliusban pedig 2,0 Celsius-fokkal haladta meg a szok\u00e1sos \u00e9rt\u00e9ket. J\u00falius v\u00e9ge \u00e9s augusztus k\u00f6zepe k\u00f6z\u00f6tt a heti \u00e9rt\u00e9kek mintegy 2,2\u20132,6 Celsius-fokos pozit\u00edv elt\u00e9r\u00e9st mutattak.\u00a0<\/p>\n<p>A felsz\u00edn alatti \u00f3ce\u00e1ni h\u0151m\u00e9rs\u00e9kletek egyes ter\u00fcleteken j\u00faliusban \u00e9s augusztus elej\u00e9n t\u00f6bb mint 8 Celsius-fokkal voltak magasabbak az \u00e1tlagosn\u00e1l.\u00a0<\/p>\n<p>A WMO szerint a felsz\u00edni \u00e9s a felsz\u00edn alatti h\u0151m\u00e9rs\u00e9kleti viszonyok egyar\u00e1nt a jelens\u00e9g fennmarad\u00e1s\u00e1t \u00e9s tov\u00e1bbi er\u0151s\u00f6d\u00e9s\u00e9t t\u00e1masztj\u00e1k al\u00e1.<\/p>\n<p>A WMO elmond\u00e1sa alapj\u00e1n ez az els\u0151 alkalom, hogy az El Ni\u00f1o\/La Ni\u00f1a helyzet\u00e9rt\u00e9kel\u00e9se ennyire egy\u00e9rtelm\u0171 el\u0151rejelz\u00e9st adott, ami a szervezet kiterjedt el\u0151rejelz\u0151 h\u00e1l\u00f3zat\u00e1n bel\u00fcli er\u0151s egyet\u00e9rt\u00e9st t\u00fckr\u00f6zi.<\/p>\n<p>                        Mi az az El Ni\u00f1o?<\/p>\n<p>Az El Ni\u00f1o a kelet-csendes-\u00f3ce\u00e1ni tengerfelsz\u00edni h\u0151m\u00e9rs\u00e9kletnek a passz\u00e1tszelek gyeng\u00fcl\u00e9s\u00e9vel \u00f6sszef\u00fcgg\u0151, id\u0151szakosan jelentkez\u0151 felmeleged\u00e9se. Term\u00e9szetes \u00e9ghajlati jelens\u00e9g, amely rendszerint 2\u20137 \u00e9vente alakul ki, \u00e9s \u00e1ltal\u00e1ban legfeljebb egy \u00e9vig tart. Jelent\u0151sen m\u00f3dos\u00edthatja a csapad\u00e9k- \u00e9s h\u0151m\u00e9rs\u00e9kleti viszonyokat vil\u00e1gszerte, \u00e9s n\u00f6velheti az \u00e1rvizek, az asz\u00e1ly, a sz\u00e9ls\u0151s\u00e9ges h\u0151s\u00e9g, valamint m\u00e1s sz\u00e9ls\u0151s\u00e9ges id\u0151j\u00e1r\u00e1si esem\u00e9nyek kock\u00e1zat\u00e1t.<\/p>\n<p>Ant\u00f3nio Guterres ENSZ-f\u0151titk\u00e1r szerint az El Ni\u00f1o \u201ea szem\u00fcnk el\u0151tt v\u00e1lik egyre er\u0151teljesebb\u00e9\u201d, \u00e9s a tudom\u00e1nyos eredm\u00e9nyek nem hagynak k\u00e9ts\u00e9get afel\u0151l, hogy<\/p>\n<p>a bolyg\u00f3 ismeretlen vizekre evezett, amelyek egyre melegebbek.<\/p>\n<p>Celeste Saulo, a WMO f\u0151titk\u00e1ra k\u00f6z\u00f6lte, hogy a szervezet a nemzeti meteorol\u00f3giai \u00e9s hidrol\u00f3giai szolg\u00e1latokkal egy\u00fctt fokozza a felk\u00e9sz\u00fcl\u00e9si \u00e9s korai el\u0151rejelz\u00e9si er\u0151fesz\u00edt\u00e9seket a rendk\u00edv\u00fcli esem\u00e9nyre.<\/p>\n<p>Hangs\u00falyozta, hogy az El Ni\u00f1o ereje \u00f6nmag\u00e1ban nem hat\u00e1rozza meg, milyen s\u00falyos k\u00f6vetkezm\u00e9nyekkel j\u00e1r majd egy adott orsz\u00e1gban vagy t\u00e9rs\u00e9gben. Hat\u00e1sai a f\u00f6ldrajzi elhelyezked\u00e9st\u0151l \u00e9s az \u00e9vszakt\u00f3l is f\u00fcggnek, \u00e9s m\u00e1s \u00e9ghajlati t\u00e9nyez\u0151k, k\u00f6zt\u00fck az Indiai- \u00e9s az Atlanti-\u00f3ce\u00e1n \u00e1llapota is m\u00f3dos\u00edthatja \u0151ket.\u00a0A WMO szeptember \u00e9s november k\u00f6z\u00f6tti id\u0151szakra vonatkoz\u00f3 t\u00f6bbmodell\u0171 el\u0151rejelz\u00e9sei szerint szinte valamennyi sz\u00e1razf\u00f6ldi t\u00e9rs\u00e9gben n\u0151 az \u00e1tlagosn\u00e1l magasabb h\u0151m\u00e9rs\u00e9klet val\u00f3sz\u00edn\u0171s\u00e9ge, mik\u00f6zben a csapad\u00e9kviszonyok a Csendes-\u00f3ce\u00e1n felett kialakult er\u0151s El Ni\u00f1\u00f3ra jellemz\u0151 l\u00e9gk\u00f6ri reakci\u00f3t mutathatnak.<\/p>\n<p>\n                          Ha id\u0151j\u00e1r\u00e1s, akkor is Index!\n                        <\/p>\n<p>Meg\u00fajult az Index\u00a0<a href=\"https:\/\/dex.hu\/x.php?id=index_belfold_cikklink&amp;url=https%3A%2F%2Findex.hu%2Fidojaras\" id=\"hyperlink_14f3ee2b722ec1b82eb164a7d8fa76aa\" target=\"_blank\" rel=\"nofollow noopener\">id\u0151j\u00e1r\u00e1s-aloldala<\/a>, amely mostant\u00f3l az Index-applik\u00e1ci\u00f3ban is el\u00e9rhet\u0151. Az Index saj\u00e1t Id\u0151j\u00e1r\u00e1s funkci\u00f3ja megb\u00edzhat\u00f3 el\u0151rejelz\u00e9ssel, radar- \u00e9s m\u0171holdk\u00e9ppel, 24\u201348 \u00f3r\u00e1s riaszt\u00e1si t\u00e9rk\u00e9ppel \u00e9s tov\u00e1bbi b\u0151v\u00edtm\u00e9nyekkel v\u00e1rja az id\u0151j\u00e1r\u00e1sh\u00edrek kedvel\u0151it. T\u00f6ltse le az Index-applik\u00e1ci\u00f3t, \u00e9s iratkozzon fel az id\u0151j\u00e1r\u00e1si riaszt\u00e1sokra, hogy azonnal \u00e9rtes\u00fclj\u00f6n a lakhely\u00e9n zajl\u00f3 meteorol\u00f3giai esem\u00e9nyekr\u0151l!<\/p>\n<p>(Bor\u00edt\u00f3k\u00e9p: K\u00e9p\u00fcnk illusztr\u00e1ci\u00f3! Fot\u00f3: Bojan Bokic \/ Getty Images)<\/p>\n<p><a href=\"https:\/\/dex.hu\/x.php?id=googlepref_desktop&amp;url=https:\/\/google.com\/preferences\/source?q=https:\/\/index.hu\" class=\"google-pref-banner \" id=\"googlePrefBanner\" rel=\"nofollow noopener\" target=\"_blank\"><\/p>\n<p>    Itt \u00e1ll\u00edtsa be, hogy az Index az els\u0151k k\u00f6z\u00f6tt legyen a Google-tal\u00e1latokban!<\/p>\n<p><\/a><\/p>\n<p>    <img decoding=\"async\" src=\"https:\/\/index.hu\/assets\/images\/social-follow\/logo-big.svg\" alt=\"Index.hu logo\"\/><\/p>\n<p>K\u00f6vesse az Indexet Facebookon is!<\/p>\n<p>    <a href=\"https:\/\/facebook.com\/Indexhu\" target=\"_blank\" rel=\"nofollow noopener\"><\/p>\n<p>        K\u00f6vetem!<br \/>\n    <\/a><\/p>\n","protected":false},"excerpt":{"rendered":"Az El Ni\u00f1o id\u0151j\u00e1r\u00e1si jelens\u00e9g az el\u0151rejelz\u00e9sek szerint a k\u00f6vetkez\u0151 h\u00f3napokban tov\u00e1bb er\u0151s\u00f6dik, az \u00e9v v\u00e9g\u00e9re nagyon er\u0151ss\u00e9&hellip;\n","protected":false},"author":2,"featured_media":232003,"comment_status":"","ping_status":"","sticky":false,"template":"","format":"standard","meta":{"footnotes":"","_share_on_mastodon":"0"},"categories":[33],"tags":[152,12702,644,38,35,37,1632,44,42,40,278,64,43,41,1830,34,36,39,29107],"class_list":["post-232002","post","type-post","status-publish","format-standard","has-post-thumbnail","category-hirek","tag-ce-napi","tag-el-nino","tag-elorejelzes","tag-focimek","tag-headlines","tag-hirek","tag-homerseklet","tag-hu","tag-hungarian","tag-hungary","tag-idojaras","tag-kulfold","tag-magyar","tag-magyarorszag","tag-meteorologia","tag-news","tag-top-stories","tag-vezeto-hirek","tag-wmo"],"share_on_mastodon":{"url":"https:\/\/pubeurope.com\/@hu\/117209676374282316","error":""},"_links":{"self":[{"href":"https:\/\/www.europesays.com\/hu\/wp-json\/wp\/v2\/posts\/232002","targetHints":{"allow":["GET"]}}],"collection":[{"href":"https:\/\/www.europesays.com\/hu\/wp-json\/wp\/v2\/posts"}],"about":[{"href":"https:\/\/www.europesays.com\/hu\/wp-json\/wp\/v2\/types\/post"}],"author":[{"embeddable":true,"href":"https:\/\/www.europesays.com\/hu\/wp-json\/wp\/v2\/users\/2"}],"replies":[{"embeddable":true,"href":"https:\/\/www.europesays.com\/hu\/wp-json\/wp\/v2\/comments?post=232002"}],"version-history":[{"count":0,"href":"https:\/\/www.europesays.com\/hu\/wp-json\/wp\/v2\/posts\/232002\/revisions"}],"wp:featuredmedia":[{"embeddable":true,"href":"https:\/\/www.europesays.com\/hu\/wp-json\/wp\/v2\/media\/232003"}],"wp:attachment":[{"href":"https:\/\/www.europesays.com\/hu\/wp-json\/wp\/v2\/media?parent=232002"}],"wp:term":[{"taxonomy":"category","embeddable":true,"href":"https:\/\/www.europesays.com\/hu\/wp-json\/wp\/v2\/categories?post=232002"},{"taxonomy":"post_tag","embeddable":true,"href":"https:\/\/www.europesays.com\/hu\/wp-json\/wp\/v2\/tags?post=232002"}],"curies":[{"name":"wp","href":"https:\/\/api.w.org\/{rel}","templated":true}]}}