{"id":232030,"date":"2026-09-03T23:56:18","date_gmt":"2026-09-03T23:56:18","guid":{"rendered":"https:\/\/www.europesays.com\/hu\/232030\/"},"modified":"2026-09-03T23:56:18","modified_gmt":"2026-09-03T23:56:18","slug":"huzott-egy-varatlant-az-f1-es-vilagbajnok-sajat-csapattal-tamad","status":"publish","type":"post","link":"https:\/\/www.europesays.com\/hu\/232030\/","title":{"rendered":"H\u00fazott egy v\u00e1ratlant az F1-es vil\u00e1gbajnok, saj\u00e1t csapattal t\u00e1mad"},"content":{"rendered":"<p data-alignment=\"left\" class=\"text-left\" data-block-key=\"t6n3h\">Pezseg az \u00e9let mostan\u00e1ban Lando Norris k\u00f6r\u00fcl: a Forma\u20131 tavalyi vil\u00e1gbajnoka <a href=\"https:\/\/totalcar.hu\/video-podcast\/2026\/08\/25\/f1-totalrace-11-norris-mclaren-mercedes-holland-nagydij\/\" target=\"_blank\" rel=\" noopener noreferrer nofollow\">el\u00e9g messzir\u0151l elind\u00edtva a c\u00edmv\u00e9d\u0151 hadj\u00e1rat\u00e1t<\/a> egym\u00e1s ut\u00e1n nyerte meg a Magyar \u00e9s a <a href=\"https:\/\/totalcar.hu\/hirek\/2026\/08\/23\/f1-holland-nagydij-zandvoort-lando-norris-gyozelem-max-verstappen-kieses\/\" target=\"_blank\" rel=\" noopener noreferrer nofollow\">Holland Nagyd\u00edjat<\/a>, a napokban pedig meger\u0151s\u00edtett\u00e9k, hogy a brit <a href=\"https:\/\/totalcar.hu\/hirek\/2026\/08\/29\/norris-mclaren-f1-szerzodes-2030\/\" target=\"_blank\" rel=\" noopener noreferrer nofollow\" data-link-preview=\"true\" data-og-title=\"Der\u00fclt \u00e9gb\u0151l szenz\u00e1ci\u00f3: \u00fajabb Forma\u20131-es nagy\u00e1gy\u00fat betonoztak be \u00e9vekre\" data-og-description=\"Sok-sok \u00e9vig a McLaren sz\u00edneiben fog versenyezni Lando Norris, s\u0151t, ak\u00e1r m\u00e9g azut\u00e1n is maradhat. Aj\u00e1nd\u00e9kot is kapott a Forma\u20131 c\u00edmv\u00e9d\u0151je.\" data-og-image=\"https:\/\/totalcar.hu\/media\/images\/20260726_170555_SDA_2379_001_gh.format-avif.max-600x400.avif\" data-og-image-small=\"https:\/\/totalcar.hu\/media\/images\/20260726_170555_SDA_2379_001_gh.format-avif.max-370x278.avif\" data-og-column=\"H\u00edrek\" data-og-tags=\"[&quot;H\\u00edrek&quot;, &quot;forma-1&quot;, &quot;lando norris&quot;, &quot;mclaren&quot;, &quot;szerz\\u0151d\\u00e9s&quot;]\">eg\u00e9szen 2030 v\u00e9g\u00e9ig<\/a> nem mozdul el a McLaren k\u00f6tel\u00e9k\u00e9b\u0151l.<\/p>\n<p data-alignment=\"left\" class=\"text-left\" data-block-key=\"a0js7\">Tartogatott azonban m\u00e9g egy nagyobb volumen\u0171 bejelent\u00e9st a 26 \u00e9ves versenyz\u0151, aki eg\u00e9szen a h\u00e9tv\u00e9gi Olasz Nagyd\u00edjig kiv\u00e1rt vele. Egy, a monzai versenyp\u00e1ly\u00e1t\u00f3l nem messze megrendezett esem\u00e9nyen t\u00e1rsalap\u00edt\u00f3k\u00e9nt mutatkozott be, ugyanis<\/p>\n<p>  <a rel=\"noopener nofollow\" href=\"https:\/\/indamediasales.hu\/2019\/06\/25\/quality_placement_minosegbiztositasi_tajekoztato_728\" target=\"_blank\"><\/p>\n<p>      <img loading=\"lazy\" decoding=\"async\" src=\"https:\/\/totalcar.hu\/static\/images\/brand\/quality_placement_logo.svg\" alt=\"Quality Placement\" width=\"150\" height=\"15\"\/><\/p>\n<p>  <\/a><\/p>\n<p>\n  hirdet\u00e9s\n<\/p>\n<p data-alignment=\"left\" class=\"text-left\" data-block-key=\"judgs\">\u00fatj\u00e1ra ind\u00edtja saj\u00e1t versenycsapat\u00e1t, az LN4 Fusiont.<\/p>\n<p>          <a href=\"https:\/\/totalcar.hu\/galeria\/2026\/09\/03\/ln4-fusion\/2\/\" data-image-index=\"2\" data-parent-id=\"169701\" class=\"!no-underline\" rel=\"nofollow noopener\" target=\"_blank\"><\/p>\n<p>              <img loading=\"lazy\" decoding=\"async\" alt=\"\" class=\"w-full h-full object-cover rounded-bl-[20px] lg:rounded-bl-none lg:rounded-tr-[20px] border-white border-t border-r lg:border-t-0 lg:border-r-0 lg:border-b lg:border-l aspect-[16\/9]\" height=\"247\"  src=\"https:\/\/www.europesays.com\/hu\/wp-content\/uploads\/2026\/09\/LN4Fusion_2.format-jpeg.max-370x278.jpg\"  width=\"370\"\/><\/p>\n<p>          <\/a><\/p>\n<p>          <a href=\"https:\/\/totalcar.hu\/galeria\/2026\/09\/03\/ln4-fusion\/9\/\" data-image-index=\"9\" data-parent-id=\"169701\" class=\"!no-underline\" rel=\"nofollow noopener\" target=\"_blank\"><\/p>\n<p>              <img loading=\"lazy\" decoding=\"async\" alt=\"\" class=\"w-full h-full object-cover rounded-br-[20px] lg:border-l border-white border-t lg:border-t-0 lg:border-l aspect-[16\/9]\" height=\"246\"  src=\"https:\/\/www.europesays.com\/hu\/wp-content\/uploads\/2026\/09\/LN4Fusion_12.format-jpeg.max-370x278.jpg\"  width=\"370\"\/><\/p>\n<p>          <\/a><\/p>\n<p>        Fot\u00f3: LN4 Fusion<\/p>\n<p data-alignment=\"left\" class=\"text-left\" data-block-key=\"3l3fb\">A tervek szerint az LN4 Fusion 2027-ben rajthoz \u00e1ll az olasz Forma\u20134-ben, a Region\u00e1lis Formula Eur\u00f3pa-kup\u00e1ban (FREC), illetve a Forma\u20133-ban, s\u0151t, az AIX Racing eszk\u00f6zeinek felv\u00e1s\u00e1rl\u00e1s\u00e1val m\u00e9g az is el\u0151fordulhat, hogy a Forma\u20132-es mez\u0151nybe is siker\u00fcl befurakodnia.<\/p>\n<p data-alignment=\"left\" class=\"text-left\" data-block-key=\"anr8j\">Az Egyes\u00fclt Kir\u00e1lys\u00e1gban imm\u00e1ron sikeres F4-es tesztprogramot m\u0171k\u00f6dtet\u0151 \u00e9s a Dan Richards vezette befektet\u0151i csoport \u00e1ltal \u00e9letre keltett alakulat neves szakember-g\u00e1rd\u00e1t vonultat fel. A csapatf\u0151n\u00f6k Ren\u00e9 Rosin lesz, aki kor\u00e1bban hasonl\u00f3 min\u0151s\u00e9gben t\u00f6bb mint 40 bajnoki c\u00edmet szerzett a Prem\u00e1nak a k\u00fcl\u00f6nf\u00e9le nevel\u0151sorozatokban, m\u00edg Dan Hazlewood t\u00f6bb mint 25 \u00e9vnyi motorsport-tapasztalattal \u00e9rkezik meg a fed\u00e9lzetre.<\/p>\n<p data-alignment=\"left\" class=\"text-left\" data-block-key=\"cslhg\">Norris a saj\u00e1t zseb\u00e9b\u0151l fogja finansz\u00edrozni a csapathoz tartoz\u00f3, ugyanakkor a pil\u00f3ta menedzsmentje, az ADD Management \u00e1ltal ir\u00e1ny\u00edtott LN4 Legacy nev\u0171 programot, amelynek keret\u00e9ben fiatal tehets\u00e9geket fog felkarolni.<\/p>\n<p data-alignment=\"left\" class=\"text-left\" data-block-key=\"44gss\">Bemutatt\u00e1k a csapat F4-es \u00e9s F3-as aut\u00f3j\u00e1nak fluoreszk\u00e1l\u00f3 fest\u00e9s\u00e9t is, amelyet Norris \u00e1lmodott meg \u2013 igaz, ezt nem volt neh\u00e9z kital\u00e1lni a sisakj\u00e1n megjelen\u0151, foltos, leop\u00e1rdszer\u0171 mint\u00e1zat alapj\u00e1n.<\/p>\n<p lang=\"en\" dir=\"ltr\">introducing LN4 Fusion. a new multi-championship junior single-seater racing team co-founded by Lando Norris. <\/p>\n<p>coming to the track in 2027. this is just the beginning. <a href=\"https:\/\/t.co\/XPwVS38cWK\" rel=\"nofollow\">pic.twitter.com\/XPwVS38cWK<\/a><\/p>\n<p>\u2014 LN4 Fusion (@ln4fusion) <a href=\"https:\/\/x.com\/ln4fusion\/status\/2095204563795968240?ref_src=twsrc%5Etfw\" rel=\"nofollow\">September 2, 2026<\/a> <\/p>\n<p data-alignment=\"left\" class=\"text-left\" data-block-key=\"t6n3h\">Bor\u00edt\u00f3k\u00e9p: Anni Graf\/Formula 1\/Getty Images<\/p>\n<p><a href=\"https:\/\/google.com\/preferences\/source?q=https%3A\/\/totalcar.hu\" rel=\"noopener nofollow\" referrerpolicy=\"no-referrer-when-downgrade\" class=\"!flex !items-center !gap-5 !py-2 !px-3 w-full !rounded-xl !font-bold cursor-pointer !no-underline relative !bg-white !text-[#202124] !border !border-[#858585] dark:!bg-[#323232] dark:!text-white dark:border-none my-4 \" target=\"_blank\"><br \/>\n  <img decoding=\"async\" src=\"https:\/\/totalcar.hu\/static\/images\/favicons\/google_favicon.svg\" alt=\"Google\" class=\"shrink-0 w-7 h-7\"\/><br \/>\n  \u00c1ll\u00edtsd be, hogy a Totalcar az els\u0151k k\u00f6z\u00f6tt legyen a Google-tal\u00e1latokban!<\/p>\n<p><\/a><\/p>\n<p><script async src=\"https:\/\/platform.twitter.com\/widgets.js\" charset=\"utf-8\"><\/script><\/p>\n","protected":false},"excerpt":{"rendered":"Pezseg az \u00e9let mostan\u00e1ban Lando Norris k\u00f6r\u00fcl: a Forma\u20131 tavalyi vil\u00e1gbajnoka el\u00e9g messzir\u0151l elind\u00edtva a c\u00edmv\u00e9d\u0151 hadj\u00e1rat\u00e1t egym\u00e1s&hellip;\n","protected":false},"author":2,"featured_media":232031,"comment_status":"","ping_status":"","sticky":false,"template":"","format":"standard","meta":{"footnotes":"","_share_on_mastodon":"0"},"categories":[14],"tags":[1326,44,42,40,1309,61247,43,41,45,131,61246],"class_list":["post-232030","post","type-post","status-publish","format-standard","has-post-thumbnail","category-sport","tag-forma-1","tag-hu","tag-hungarian","tag-hungary","tag-lando-norris","tag-ln4-fusion","tag-magyar","tag-magyarorszag","tag-sport","tag-sports","tag-versenycsapat"],"share_on_mastodon":{"url":"https:\/\/pubeurope.com\/@hu\/117209817942731896","error":""},"_links":{"self":[{"href":"https:\/\/www.europesays.com\/hu\/wp-json\/wp\/v2\/posts\/232030","targetHints":{"allow":["GET"]}}],"collection":[{"href":"https:\/\/www.europesays.com\/hu\/wp-json\/wp\/v2\/posts"}],"about":[{"href":"https:\/\/www.europesays.com\/hu\/wp-json\/wp\/v2\/types\/post"}],"author":[{"embeddable":true,"href":"https:\/\/www.europesays.com\/hu\/wp-json\/wp\/v2\/users\/2"}],"replies":[{"embeddable":true,"href":"https:\/\/www.europesays.com\/hu\/wp-json\/wp\/v2\/comments?post=232030"}],"version-history":[{"count":0,"href":"https:\/\/www.europesays.com\/hu\/wp-json\/wp\/v2\/posts\/232030\/revisions"}],"wp:featuredmedia":[{"embeddable":true,"href":"https:\/\/www.europesays.com\/hu\/wp-json\/wp\/v2\/media\/232031"}],"wp:attachment":[{"href":"https:\/\/www.europesays.com\/hu\/wp-json\/wp\/v2\/media?parent=232030"}],"wp:term":[{"taxonomy":"category","embeddable":true,"href":"https:\/\/www.europesays.com\/hu\/wp-json\/wp\/v2\/categories?post=232030"},{"taxonomy":"post_tag","embeddable":true,"href":"https:\/\/www.europesays.com\/hu\/wp-json\/wp\/v2\/tags?post=232030"}],"curies":[{"name":"wp","href":"https:\/\/api.w.org\/{rel}","templated":true}]}}