{"id":232042,"date":"2026-09-04T00:10:12","date_gmt":"2026-09-04T00:10:12","guid":{"rendered":"https:\/\/www.europesays.com\/hu\/232042\/"},"modified":"2026-09-04T00:10:12","modified_gmt":"2026-09-04T00:10:12","slug":"megserult-a-magyar-valogatott-kapusa-mikozben-eldolt-hogy-nem-ved-majd-az-ftc-ellen","status":"publish","type":"post","link":"https:\/\/www.europesays.com\/hu\/232042\/","title":{"rendered":"Megs\u00e9r\u00fclt a magyar v\u00e1logatott kapusa, mik\u00f6zben eld\u0151lt, hogy nem v\u00e9d majd az FTC ellen"},"content":{"rendered":"<p class=\"strong\">A Blackburn vezet\u0151edz\u0151je el\u00e1rulta, mi\u00e9rt maradt ki T\u00f3th Bal\u00e1zs a keretb\u0151l.<\/p>\n<p>T\u00f3th Bal\u00e1zs combprobl\u00e9ma miatt kihagyta a Blackburn Rovers Lincoln City elleni keddi bajnokij\u00e1t, mik\u00f6zben a Celtic m\u00e1sik kapust szerz\u0151dtetett arra a posztra, amelyre kor\u00e1bban a magyar v\u00e1logatott j\u00e1t\u00e9kost is kiszemelte.<\/p>\n<p>Sam Johnstone szem\u00e9ly\u00e9ben n\u00e9gyszeres angol v\u00e1logatott kapussal er\u0151s\u00edtett a sk\u00f3t \u00e9lvonalban szerepl\u0151 Celtic. A 33 \u00e9ves h\u00e1l\u00f3\u0151r a Wolverhampton Wandererst\u0151l a szezon v\u00e9g\u00e9ig k\u00f6lcs\u00f6nbe \u00e9rkezett.<\/p>\n<p>Kor\u00e1bbi sajt\u00f3\u00e9rtes\u00fcl\u00e9sek szerint a sk\u00f3t klub T\u00f3th Bal\u00e1zst is kiszemelte, Johnstone szerz\u0151dtet\u00e9s\u00e9vel azonban eld\u0151lt, hogy nem a magyar kapus v\u00e9d majd a Ferencv\u00e1ros ellen.<\/p>\n<p>A Celtic szeptember 17-\u00e9n, az Eur\u00f3pa-liga alapszakasz\u00e1nak els\u0151 fordul\u00f3j\u00e1ban fogadja a magyar kupagy\u0151ztes Ferencv\u00e1rost.<\/p>\n<p>T\u00f3th Bal\u00e1zs szerz\u0151d\u00e9se 2027-ig \u00e9rv\u00e9nyes a Blackburnn\u00e9l. Jelenleg azonban nagyobb es\u00e9ly mutatkozik arra, hogy az el\u0151z\u0151 id\u00e9nyben a Rovers legjobb j\u00e1t\u00e9kos\u00e1nak v\u00e1lasztott kapus marad, az viszont k\u00e9rd\u00e9ses, milyen szerepet kap majd.<\/p>\n<p>A 28 \u00e9ves magyar v\u00e1logatott h\u00e1l\u00f3\u0151r a Lincoln City elleni keddi bajnokin m\u00e1r a keretben sem szerepelt. Mowbray elmond\u00e1sa szerint T\u00f3th combprobl\u00e9m\u00e1val k\u00fczd, de a Blackburn vezet\u0151edz\u0151je nem sz\u00e1m\u00edt t\u00f6bbhetes kihagy\u00e1sra.<\/p>\n<p>Elj\u00f6tt hozz\u00e1m, \u00e9s biztos\u00edtott r\u00f3la, hogy ennek semmi k\u00f6ze nem volt az \u00e1tigazol\u00e1si hat\u00e1rid\u0151 napj\u00e1hoz. \u00c9rezte a combj\u00e1t, nem akart \u00fagy labd\u00e1ba r\u00fagni, hogy teljesen elszak\u00edtsa, \u00e9s h\u00f3napokra kid\u0151lj\u00f6n, \u00fagyhogy szerintem nagyon \u00e9rett d\u00f6nt\u00e9st hozott\u201d<\/p>\n<p>\u2013 mondta Mowbray.<\/p>\n<p>T\u00f3th hely\u00e9n Aynsley Pears v\u00e9dett, aki a vezet\u0151edz\u0151 szerint ism\u00e9t kiv\u00e1l\u00f3an teljes\u00edtett. Mowbray jelezte, r\u00f6vid t\u00e1von val\u00f3sz\u00edn\u0171leg Pears marad a kapuban, mik\u00f6zben figyelik T\u00f3th \u00e1llapot\u00e1nak alakul\u00e1s\u00e1t.<\/p>\n","protected":false},"excerpt":{"rendered":"A Blackburn vezet\u0151edz\u0151je el\u00e1rulta, mi\u00e9rt maradt ki T\u00f3th Bal\u00e1zs a keretb\u0151l. T\u00f3th Bal\u00e1zs combprobl\u00e9ma miatt kihagyta a Blackburn&hellip;\n","protected":false},"author":2,"featured_media":232043,"comment_status":"","ping_status":"","sticky":false,"template":"","format":"standard","meta":{"footnotes":"","_share_on_mastodon":"0"},"categories":[14],"tags":[6838,1680,34407,46,44,42,40,43,41,45,131,1679],"class_list":["post-232042","post","type-post","status-publish","format-standard","has-post-thumbnail","category-sport","tag-atigazolasi-hirek","tag-blackburn-rovers","tag-celtic-glasgow","tag-ferencvaros","tag-hu","tag-hungarian","tag-hungary","tag-magyar","tag-magyarorszag","tag-sport","tag-sports","tag-toth-balazs"],"share_on_mastodon":{"url":"https:\/\/pubeurope.com\/@hu\/117209872875407939","error":""},"_links":{"self":[{"href":"https:\/\/www.europesays.com\/hu\/wp-json\/wp\/v2\/posts\/232042","targetHints":{"allow":["GET"]}}],"collection":[{"href":"https:\/\/www.europesays.com\/hu\/wp-json\/wp\/v2\/posts"}],"about":[{"href":"https:\/\/www.europesays.com\/hu\/wp-json\/wp\/v2\/types\/post"}],"author":[{"embeddable":true,"href":"https:\/\/www.europesays.com\/hu\/wp-json\/wp\/v2\/users\/2"}],"replies":[{"embeddable":true,"href":"https:\/\/www.europesays.com\/hu\/wp-json\/wp\/v2\/comments?post=232042"}],"version-history":[{"count":0,"href":"https:\/\/www.europesays.com\/hu\/wp-json\/wp\/v2\/posts\/232042\/revisions"}],"wp:featuredmedia":[{"embeddable":true,"href":"https:\/\/www.europesays.com\/hu\/wp-json\/wp\/v2\/media\/232043"}],"wp:attachment":[{"href":"https:\/\/www.europesays.com\/hu\/wp-json\/wp\/v2\/media?parent=232042"}],"wp:term":[{"taxonomy":"category","embeddable":true,"href":"https:\/\/www.europesays.com\/hu\/wp-json\/wp\/v2\/categories?post=232042"},{"taxonomy":"post_tag","embeddable":true,"href":"https:\/\/www.europesays.com\/hu\/wp-json\/wp\/v2\/tags?post=232042"}],"curies":[{"name":"wp","href":"https:\/\/api.w.org\/{rel}","templated":true}]}}