{"id":232056,"date":"2026-09-04T00:29:13","date_gmt":"2026-09-04T00:29:13","guid":{"rendered":"https:\/\/www.europesays.com\/hu\/232056\/"},"modified":"2026-09-04T00:29:13","modified_gmt":"2026-09-04T00:29:13","slug":"elkepeszto-szamokat-kozolt-a-vizugy-a-tiszarol","status":"publish","type":"post","link":"https:\/\/www.europesays.com\/hu\/232056\/","title":{"rendered":"Elk\u00e9peszt\u0151 sz\u00e1mokat k\u00f6z\u00f6lt a v\u00edz\u00fcgy a Tisz\u00e1r\u00f3l"},"content":{"rendered":"<p>        Tov\u00e1bb folytat\u00f3dik a Tisza apad\u00e1sa. M\u00e1r a Maros sem sz\u00e1ll\u00edt bele elegend\u0151 vizet Mak\u00f3 mellett, Szolnokn\u00e1l jelenleg m\u00ednusz 332 centim\u00e9teres a v\u00edz\u00e1ll\u00e1s.<\/p>\n<p class=\"text-left\" data-alignment=\"left\" data-block-key=\"imtmk\">Megd\u00f6bbent\u0151 sz\u00e1mokat k\u00f6z\u00f6lt a K\u00f6z\u00e9p-Tisza V\u00edz\u00fcgyi Igazgat\u00f3s\u00e1ga (K\u00d6TIVIZIG) <a href=\"https:\/\/www.facebook.com\/photo.php?fbid=1399200442396569&amp;set=a.190138779969414&amp;type=3&amp;mibextid=wwXIfr&amp;rdid=XnVqEuS1j3a0sLN1&amp;share_url=https%3A%2F%2Fwww.facebook.com%2Fshare%2F1E3pi3VC6Z%2F%3Fmibextid%3DwwXIfr\" rel=\"noopener noreferrer nofollow\" target=\"_blank\">Facebook-oldal\u00e1n<\/a>: a Tisza jelenlegi v\u00edz\u00e1ll\u00e1sa 13 m\u00e9terrel \u00e9s 73 centim\u00e9terrel marad el az eddig m\u00e9rt legmagasabbt\u00f3l. Igaz, akkor \u00e9ppen \u00e1rv\u00edz volt.<\/p>\n<p class=\"text-left\" data-alignment=\"left\" data-block-key=\"vamo8\">A K\u00d6TIVIZIG szerint r\u00e1ad\u00e1sul <a href=\"https:\/\/femina.hu\/terasz\/dragulhat-a-kenyer-a-hus-es-a-tej-is-sulyos-kovetkezmenyei-lehetnek-az-aszalynak\/\" rel=\"noopener noreferrer nofollow\" target=\"_blank\">az idei augusztus<\/a> kiemelten csapad\u00e9kszeg\u00e9ny volt, a teljes Alf\u00f6ld kisz\u00e1rad\u00e1sa tov\u00e1bb folytat\u00f3dik: mind\u00f6ssze <a href=\"https:\/\/www.facebook.com\/photo?fbid=1397519522564661&amp;set=a.190138786636080\" rel=\"noopener noreferrer nofollow\" target=\"_blank\">15 millim\u00e9ternyi es\u0151<\/a> hullott az elm\u00falt h\u00f3napban a ter\u00fcleten.<\/p>\n<p>      Kev\u00e9s az es\u0151, tov\u00e1bb sz\u00e1rad az Alf\u00f6ld<\/p>\n<p class=\"text-left\" data-alignment=\"left\" data-block-key=\"7f1ev\">A csapad\u00e9k mennyis\u00e9ge 36,2 millim\u00e9terrel kevesebb a sok\u00e9ves 8. havi \u00e1tlagn\u00e1l, \u00edrj\u00e1k. A legt\u00f6bb es\u0151t, 29,8 millim\u00e9tert J\u00e1szkis\u00e9ren, a legkevesebbet pedig, mind\u00f6sszesen 7,4 millim\u00e9tert T\u00f6rtelen regisztr\u00e1lt\u00e1k. Szolnokon 10,6 millim\u00e9ter es\u0151 esett augusztusban.<\/p>\n<p class=\"text-left\" data-alignment=\"left\" data-block-key=\"vamo8\">A K\u00d6TIVIZIG 11 kiemelt csapad\u00e9km\u00e9r\u0151 \u00e1llom\u00e1st m\u0171k\u00f6dtet ter\u00fclet\u00e9n:<\/p>\n<p>J\u00e1szber\u00e9nyben,J\u00e1szkis\u00e9ren,Karcagon,Kisk\u00f6r\u00e9n,Szolnokon,Tiszas\u00fclyben,Kis\u00fajsz\u00e1ll\u00e1son,Kunhegyesen,Mez\u0151t\u00faron,T\u00f6rtelen \u00e9sKunszentm\u00e1rtonban.<\/p>\n<p>      <img decoding=\"async\" alt=\"\u00cdgy v\u00e1laszd ki a D\u00edv\u00e1nyt!\" class=\"w-full h-auto mob-sm-br:w-[41%] mob-sm-br:float-right mob-sm-br:ml-8 mb-4 mob-sm-br:mb-0\" height=\"168\" loading=\"lazy\"  src=\"https:\/\/www.europesays.com\/hu\/wp-content\/uploads\/2026\/09\/1788481752_725_divany-site-pref.format-jpeg.max-300x300.jpg\" width=\"300\"\/><\/p>\n<p>\n        Ne maradj le a D\u00edv\u00e1ny tartalmair\u00f3l!\n      <\/p>\n<p data-alignment=\"left\" class=\"text-left\" data-block-key=\"1z28p\">A Google \u00faj funkci\u00f3ja seg\u00edts\u00e9g\u00e9vel be\u00e1ll\u00edthat\u00f3, hogy milyen oldalak jelenjenek meg a keres\u00e9si eredm\u00e9nyek k\u00f6z\u00f6tt. Ha nem akarsz lemaradni cikkeinkr\u0151l, kattints <a href=\"https:\/\/www.google.com\/preferences\/source?q=https:\/\/divany.hu\" rel=\"nofollow noopener\" target=\"_blank\">erre a linkre<\/a>. Ut\u00e1na csak annyi a dolgod, hogy bepip\u00e1ld a D\u00edv\u00e1ny neve mellett megjelen\u0151 kis n\u00e9gyzetet \u2013 ahogy a k\u00e9pen l\u00e1tod.\u00a0\u00a0<br \/>Ha mindent j\u00f3l csin\u00e1lt\u00e1l, a \u201eSaj\u00e1t forr\u00e1sok\u201d felirat mellett l\u00e1that\u00f3 leny\u00edl\u00f3 list\u00e1ban l\u00e1tnod kell a D\u00edv\u00e1nyt. Ezzel k\u00e9sz is vagy.\u00a0<\/p>\n<p class=\"text-left\" data-alignment=\"left\" data-block-key=\"vamo8\">A m\u00e9r\u0151\u00e1llom\u00e1sok \u00f6sszes\u00edtett adatai alapj\u00e1n az igazgat\u00f3s\u00e1g ter\u00fclet\u00e9re az idei \u00e9v els\u0151 8 h\u00f3napj\u00e1ban ter\u00fcleti \u00e1tlagban \u00f6sszesen 194,6 millim\u00e9ternyi csapad\u00e9k hullott 2026 sor\u00e1n, ez a kor\u00e1bbi \u00e9vek els\u0151 nyolc havi \u00e1tlag\u00e1t\u00f3l 161,1 millim\u00e9terrel marad el.<\/p>\n<p class=\"text-left\" data-alignment=\"left\" data-block-key=\"vamo8\">\u00c1prilis elseje \u00e9s m\u00e1jus 30-a k\u00f6z\u00f6tt, a veget\u00e1ci\u00f3s id\u0151szakban a csapad\u00e9k mennyis\u00e9g\u00e9nek a k\u00e9tharmada hi\u00e1nyzott. Mindezt a Tisza is megs\u00ednylette, r\u00e1ad\u00e1sul mell\u00e9kfoly\u00f3i v\u00edzgy\u0171jt\u0151 ter\u00fclet\u00e9n is nagy a sz\u00e1razs\u00e1g. A Maros k\u00f6rny\u00e9ke \u00e9s <a href=\"https:\/\/divany.hu\/eletem\/2026\/08\/22\/viz-meder-folyo-kiszaradas-tarna\/?utm_source=divany&amp;utm_medium=cikklink&amp;utm_campaign=cikklink_belso\" rel=\"noopener noreferrer nofollow\" target=\"_blank\">a Tarna<\/a>, valamint <a href=\"https:\/\/divany.hu\/mindennapi\/2026\/08\/06\/zagyva-folyo-kiszaradas-dramai-helyzet\/?utm_source=divany&amp;utm_medium=cikklink&amp;utm_campaign=cikklink_belso\" rel=\"noopener noreferrer nofollow\" target=\"_blank\">a Zagyva<\/a> is v\u00edzhi\u00e1nyt\u00f3l szenved.<\/p>\n<p class=\"text-left\" data-alignment=\"left\" data-block-key=\"vamo8\">A rom\u00e1n v\u00edz\u00fcgy t\u00f6bb telep\u00fcl\u00e9sen le\u00e1ll\u00edtotta az \u00e9jszakai v\u00edzszolg\u00e1ltat\u00e1st a Maros ment\u00e9n annak \u00e9rdek\u00e9ben, hogy a v\u00edzgy\u0171jt\u0151knek a sz\u00fcnet alatt legyen es\u00e9ly\u00fck annyira feltelni, hogy a napk\u00f6zbeni v\u00edzell\u00e1t\u00e1st biztos\u00edtani tudj\u00e1k.<\/p>\n<p class=\"text-left\" data-alignment=\"left\" data-block-key=\"vamo8\">Kapcsol\u00f3d\u00f3: <a data-link-preview=\"true\" data-og-column=\"Vil\u00e1gom\" data-og-description=\"A Maros mell\u00e9kfoly\u00f3i kiv\u00e9tel n\u00e9lk\u00fcl mind kisz\u00e1radtak Arad megy\u00e9ben. A rom\u00e1niai v\u00edz\u00fcgy m\u00e1r t\u00f6bb helyen r\u00e9szlegesen le\u00e1ll\u00edtotta az iv\u00f3v\u00edz-ell\u00e1t\u00e1st.\" data-og-image=\"https:\/\/divany.hu\/neon\/media\/images\/20260816_151946.format-avif.max-600x400.avif\" data-og-image-small=\"https:\/\/divany.hu\/neon\/media\/images\/20260816_151946.format-avif.max-370x278.avif\" data-og-tags=\"[\" vil=\"\" data-og-title=\"Kritikus a v\u00edz\u00e1ll\u00e1s a Maroson\" href=\"https:\/\/divany.hu\/vilagom\/2026\/09\/03\/vizallas-maros-romania-16-telepules-ejszaka-vizellatas-szunetel\/?utm_source=divany&amp;utm_medium=cikklink&amp;utm_campaign=cikklink_belso\" rel=\"noopener noreferrer nofollow\" target=\"_blank\">Kritikus a v\u00edz\u00e1ll\u00e1s a Maroson, le\u00e1ll\u00edtj\u00e1k az iv\u00f3v\u00edz-ell\u00e1t\u00e1st 16 telep\u00fcl\u00e9sen \u00e9jszak\u00e1ra Rom\u00e1ni\u00e1ban<\/a><\/p>\n<p><a href=\"https:\/\/google.com\/preferences\/source?q=https%3A\/\/divany.hu\" rel=\"noopener nofollow\" referrerpolicy=\"no-referrer-when-downgrade\" class=\"!flex !items-center !gap-5 !py-2 !px-3 w-full !rounded-xl !font-bold cursor-pointer !no-underline relative !bg-white !text-[#202124] !border !border-[#858585] dark:!bg-[#323232] dark:!text-white dark:border-none my-4 \" target=\"_blank\"><br \/>\n  <img decoding=\"async\" src=\"https:\/\/divany.hu\/neon\/static\/images\/favicons\/google_favicon.svg\" alt=\"Google\" class=\"shrink-0 w-7 h-7\"\/><br \/>\n  \u00c1ll\u00edtsd be, hogy a D\u00edv\u00e1ny az els\u0151k k\u00f6z\u00f6tt legyen a Google-tal\u00e1latokban!<\/p>\n<p><\/a><\/p>\n","protected":false},"excerpt":{"rendered":"Tov\u00e1bb folytat\u00f3dik a Tisza apad\u00e1sa. M\u00e1r a Maros sem sz\u00e1ll\u00edt bele elegend\u0151 vizet Mak\u00f3 mellett, Szolnokn\u00e1l jelenleg m\u00ednusz&hellip;\n","protected":false},"author":2,"featured_media":232057,"comment_status":"","ping_status":"","sticky":false,"template":"","format":"standard","meta":{"footnotes":"","_share_on_mastodon":"0"},"categories":[6],"tags":[3060,11920,44,42,40,43,41,2670,5787],"class_list":["post-232056","post","type-post","status-publish","format-standard","has-post-thumbnail","category-magyarorszag","tag-arviz","tag-aszaly","tag-hu","tag-hungarian","tag-hungary","tag-magyar","tag-magyarorszag","tag-tisza","tag-vizallas"],"share_on_mastodon":{"url":"https:\/\/pubeurope.com\/@hu\/117209947695892222","error":""},"_links":{"self":[{"href":"https:\/\/www.europesays.com\/hu\/wp-json\/wp\/v2\/posts\/232056","targetHints":{"allow":["GET"]}}],"collection":[{"href":"https:\/\/www.europesays.com\/hu\/wp-json\/wp\/v2\/posts"}],"about":[{"href":"https:\/\/www.europesays.com\/hu\/wp-json\/wp\/v2\/types\/post"}],"author":[{"embeddable":true,"href":"https:\/\/www.europesays.com\/hu\/wp-json\/wp\/v2\/users\/2"}],"replies":[{"embeddable":true,"href":"https:\/\/www.europesays.com\/hu\/wp-json\/wp\/v2\/comments?post=232056"}],"version-history":[{"count":0,"href":"https:\/\/www.europesays.com\/hu\/wp-json\/wp\/v2\/posts\/232056\/revisions"}],"wp:featuredmedia":[{"embeddable":true,"href":"https:\/\/www.europesays.com\/hu\/wp-json\/wp\/v2\/media\/232057"}],"wp:attachment":[{"href":"https:\/\/www.europesays.com\/hu\/wp-json\/wp\/v2\/media?parent=232056"}],"wp:term":[{"taxonomy":"category","embeddable":true,"href":"https:\/\/www.europesays.com\/hu\/wp-json\/wp\/v2\/categories?post=232056"},{"taxonomy":"post_tag","embeddable":true,"href":"https:\/\/www.europesays.com\/hu\/wp-json\/wp\/v2\/tags?post=232056"}],"curies":[{"name":"wp","href":"https:\/\/api.w.org\/{rel}","templated":true}]}}