{"id":232082,"date":"2026-09-04T01:06:13","date_gmt":"2026-09-04T01:06:13","guid":{"rendered":"https:\/\/www.europesays.com\/hu\/232082\/"},"modified":"2026-09-04T01:06:13","modified_gmt":"2026-09-04T01:06:13","slug":"nem-engedik-vissza-az-autoba-a-red-bull-pilotat","status":"publish","type":"post","link":"https:\/\/www.europesays.com\/hu\/232082\/","title":{"rendered":"Nem engedik vissza az aut\u00f3ba a Red Bull-pil\u00f3t\u00e1t"},"content":{"rendered":"<p class=\"main-pic -mainPct&#10;&#9;&#9;&#9;&#9;responsive-img-container\" style=\"padding-bottom: 66.714285714286%\">\n\t\t\t\t\t<img decoding=\"async\" class=\"img-blur\" src=\"https:\/\/www.europesays.com\/hu\/wp-content\/uploads\/2026\/09\/gettyimages-2291269534-700x467.jpg\" alt=\"Nem engedik vissza az aut\u00f3ba a Red Bull-pil\u00f3t\u00e1t\"\/>\n\t\t\t\t<\/p>\n<p>Ugyan <a href=\"https:\/\/www.vezess.hu\/forma-1\/2026\/08\/17\/kinos-dolog-kerul-az-f1-es-sisakra-a-hetvegen\/\" target=\"_blank\" rel=\"noopener nofollow\">alkalmi sisakfest\u00e9ssel is k\u00e9sz\u00fclt<\/a>, a Red Bull-os Isack Hadjar v\u00e9g\u00fcl nem vett r\u00e9szt a Forma-1-es Holland Nagyd\u00edjon, mert a ny\u00e1ri sz\u00fcnetben <a href=\"https:\/\/www.vezess.hu\/forma-1\/2026\/08\/19\/kiderult-mitol-serult-le-a-red-bull-f1-es-pilotaja\/\" target=\"_blank\" rel=\"noopener nofollow\">bokszedz\u00e9s k\u00f6zben csukl\u00f3t\u00f6r\u00e9st szenvedett<\/a>.<\/p>\n<p>Zandvoortra az energiaital-gy\u00e1rt\u00f3n\u00e1l <a href=\"https:\/\/www.vezess.hu\/forma-1\/2026\/08\/19\/azonnali-pilotacsere-johet-a-forma-1-ben\/\" target=\"_blank\" rel=\"noopener nofollow\">\u201ekevertek\u201d egy kicsit<\/a>: Hadjar hely\u00e9re a Racing Bullst\u00f3l l\u00e9ptett\u00e9k fel Liam Lawsont Max Verstappen mell\u00e9, m\u00edg a kisebbik csapatn\u00e1l a tavaly f\u00e9lre\u00e1ll\u00edtott, id\u00e9n csak tartal\u00e9kosk\u00e9nt alkalmazott Cunoda Juki lett az \u00fajonc Arvid Lindblad ideiglenes t\u00e1rsa.<\/p>\n<p>A hollandiai h\u00e9tv\u00e9g\u00e9n Lawson \u00e9s Cunoda is helyt\u00e1llt, az \u00faj-z\u00e9landi egy 7. helyet hozott a nagycsapatnak, a jap\u00e1n pedig annak ellen\u00e9re, hogy els\u0151 \u00edzben vezetett \u00e9lesben 2026-os, a kor\u00e1bbiakt\u00f3l nagyon elt\u00e9r\u0151 aut\u00f3t, <a href=\"https:\/\/www.vezess.hu\/forma-1\/2026\/08\/23\/2026-forma-1-holland-nagydij\/\" target=\"_blank\" rel=\"noopener nofollow\">a nagyd\u00edjon<\/a> pedig Lindblad el\u0151tt, a pontszerz\u00e9sr\u0151l \u00e9pp csak lemaradva a 11. lett.<\/p>\n<p>Az \u00e1tmeneti megold\u00e1s teh\u00e1t bev\u00e1lt, a nagy k\u00e9rd\u00e9s azonban az volt, marad-e <a href=\"https:\/\/www.vezess.hu\/cimke\/forma-1-olasz-nagydij\/\" target=\"_blank\" rel=\"noopener nofollow\">az Olasz Nagyd\u00edj<\/a>ra is a zandvoorti fel\u00e1ll\u00e1s, vagy Hadjar visszat\u00e9r\u00e9s\u00e9vel minden visszat\u00e9r a r\u00e9gi ker\u00e9kv\u00e1g\u00e1sba.<\/p>\n<p>A szerdai orvosi vizsg\u00e1ltok ut\u00e1n a csapatn\u00e1l arra jutottak, hogy Hadjar ugyan \u201ebiztat\u00f3an gy\u00f3gyul\u201d, de nem v\u00e1llalnak felesleges kock\u00e1zatot, ez\u00e9r marad a hollandiai pil\u00f3tabeoszt\u00e1s, m\u00edg a franci\u00e1nak tov\u00e1bbi jobbul\u00e1st k\u00edv\u00e1ntak. Arr\u00f3l egyel\u0151re nem nyilatkozak, hogy mi lesz\u00a0 j\u00f6v\u0151 h\u00e9tv\u00e9gi Spanyol Nagyd\u00edjon.<\/p>\n<p><a class=\"mobilbanner\" href=\"https:\/\/www.tixa.hu\/zsts-garage-supercarfest-20261006-vezesshu\" rel=\"nofollow noopener\" target=\"_blank\"><img decoding=\"async\" src=\"https:\/\/www.europesays.com\/hu\/wp-content\/uploads\/2026\/09\/1788483972_908_300x250-supercarfest.jpg\" alt=\"\"\/><\/a>&#13;<br \/>\n<a class=\"desktopbanner\" href=\"https:\/\/www.tixa.hu\/zsts-garage-supercarfest-20261006-vezesshu\" rel=\"nofollow noopener\" target=\"_blank\"><img decoding=\"async\" src=\"https:\/\/www.europesays.com\/hu\/wp-content\/uploads\/2026\/09\/1788483973_475_970x250-copy.jpg\" alt=\"\"\/><\/a>&#13;<\/p>\n<p>\n\t\t\t\t\tK\u00e9p(ek) forr\u00e1sa: Kym Illman\/Getty Images\t\t\t\t<\/p>\n","protected":false},"excerpt":{"rendered":"Ugyan alkalmi sisakfest\u00e9ssel is k\u00e9sz\u00fclt, a Red Bull-os Isack Hadjar v\u00e9g\u00fcl nem vett r\u00e9szt a Forma-1-es Holland Nagyd\u00edjon,&hellip;\n","protected":false},"author":2,"featured_media":232083,"comment_status":"","ping_status":"","sticky":false,"template":"","format":"standard","meta":{"footnotes":"","_share_on_mastodon":"0"},"categories":[14],"tags":[3759,1326,58411,44,42,40,9554,11115,43,41,58390,29358,3056,45,131],"class_list":["post-232082","post","type-post","status-publish","format-standard","has-post-thumbnail","category-sport","tag-cunoda-juki","tag-forma-1","tag-forma-1-olasz-nagydij","tag-hu","tag-hungarian","tag-hungary","tag-isack-hadjar","tag-liam-lawson","tag-magyar","tag-magyarorszag","tag-monza","tag-racing-bulls","tag-red-bull","tag-sport","tag-sports"],"share_on_mastodon":{"url":"https:\/\/pubeurope.com\/@hu\/117210093367321221","error":""},"_links":{"self":[{"href":"https:\/\/www.europesays.com\/hu\/wp-json\/wp\/v2\/posts\/232082","targetHints":{"allow":["GET"]}}],"collection":[{"href":"https:\/\/www.europesays.com\/hu\/wp-json\/wp\/v2\/posts"}],"about":[{"href":"https:\/\/www.europesays.com\/hu\/wp-json\/wp\/v2\/types\/post"}],"author":[{"embeddable":true,"href":"https:\/\/www.europesays.com\/hu\/wp-json\/wp\/v2\/users\/2"}],"replies":[{"embeddable":true,"href":"https:\/\/www.europesays.com\/hu\/wp-json\/wp\/v2\/comments?post=232082"}],"version-history":[{"count":0,"href":"https:\/\/www.europesays.com\/hu\/wp-json\/wp\/v2\/posts\/232082\/revisions"}],"wp:featuredmedia":[{"embeddable":true,"href":"https:\/\/www.europesays.com\/hu\/wp-json\/wp\/v2\/media\/232083"}],"wp:attachment":[{"href":"https:\/\/www.europesays.com\/hu\/wp-json\/wp\/v2\/media?parent=232082"}],"wp:term":[{"taxonomy":"category","embeddable":true,"href":"https:\/\/www.europesays.com\/hu\/wp-json\/wp\/v2\/categories?post=232082"},{"taxonomy":"post_tag","embeddable":true,"href":"https:\/\/www.europesays.com\/hu\/wp-json\/wp\/v2\/tags?post=232082"}],"curies":[{"name":"wp","href":"https:\/\/api.w.org\/{rel}","templated":true}]}}