{"id":232088,"date":"2026-09-04T01:12:09","date_gmt":"2026-09-04T01:12:09","guid":{"rendered":"https:\/\/www.europesays.com\/hu\/232088\/"},"modified":"2026-09-04T01:12:09","modified_gmt":"2026-09-04T01:12:09","slug":"vilag-bezarjak-a-nemet-goethe-intezet-oroszorszagi-kirendeltsegeit","status":"publish","type":"post","link":"https:\/\/www.europesays.com\/hu\/232088\/","title":{"rendered":"Vil\u00e1g: Bez\u00e1rj\u00e1k a n\u00e9met Goethe Int\u00e9zet oroszorsz\u00e1gi kirendelts\u00e9geit"},"content":{"rendered":"<p>Bez\u00e1rj\u00e1k a Goethe Int\u00e9zet moszkvai, szentp\u00e9terv\u00e1ri \u00e9s jekatyerinburgi kirendelts\u00e9g\u00e9t, miut\u00e1n a n\u00e9met hat\u00f3s\u00e1gok \u00fagy d\u00f6nt\u00f6ttek, hogy <a href=\"https:\/\/hvg.hu\/vilag\/20260902_oroszorszag-reagalt-a-lipcsei-drontamadas-utani-vadakra-drontamadas-repter-ukrajna-szankciok-terrorizmus\" target=\"_self\" rel=\"nofollow noopener\">megsz\u00fcntetik<\/a> a berlini \u201eOrosz H\u00e1z\u201d m\u0171k\u00f6d\u00e9s\u00e9t \u2013 jelentette ki Szergej Lavrov orosz k\u00fcl\u00fcgyminiszter cs\u00fct\u00f6rt\u00f6k\u00f6n a vlagyivosztoki Keleti Gazdas\u00e1gi F\u00f3rumon az MTI szerint.<\/p>\n<p>\u201eTerm\u00e9szetesen bez\u00e1rj\u00e1k \u0151ket, miut\u00e1n onnan (Berlinb\u0151l) el\u00fcld\u00f6zt\u00e9k a kultur\u00e1lis k\u00f6zpontunkat, k\u00fcl\u00f6nben nem lenne \u00f6nbecs\u00fcl\u00e9s\u00fcnk\u201d \u2013 mondta. A berlini belv\u00e1rosban tal\u00e1lhat\u00f3, kiterjedt kultur\u00e1lis \u00e9s tudom\u00e1nyos int\u00e9zm\u00e9ny, az \u201eOrosz H\u00e1z\u201d egy\u00e9bk\u00e9nt nemzetk\u00f6zi <a href=\"https:\/\/www.theguardian.com\/world\/2026\/sep\/01\/germany-blames-russia-drone-attack-leipzig-airport\" target=\"_blank\" rel=\"nofollow noopener\">sajt\u00f3besz\u00e1mol\u00f3k<\/a> szerint \u00e1ll\u00edt\u00f3lag az elm\u00falt \u00e9vekben N\u00e9metorsz\u00e1gban v\u00e9grehajtott sz\u00e1mos orosz hibrid t\u00e1mad\u00e1s kiindul\u00f3pontjak\u00e9nt szolg\u00e1lt.<\/p>\n<p>\u201eEur\u00f3pa \u00fagy gondolta, hogy az elm\u00falt \u00e9vekbeli egy\u00fcttm\u0171k\u00f6d\u00e9s\u00fcnk annyira fontos volt az Oroszorsz\u00e1gi F\u00f6der\u00e1ci\u00f3 sz\u00e1m\u00e1ra, hogy szaladg\u00e1lni \u00e9s k\u00f6ny\u00f6r\u00f6gni fogunk: bocs\u00e1ssatok m\u00e1r meg nek\u00fcnk, felejts\u00e9tek el, ami t\u00f6rt\u00e9nt, t\u00e9rj\u00fcnk vissza a r\u00e9gi ker\u00e9kv\u00e1g\u00e1sba, sz\u00fcntess\u00e9tek meg a szankci\u00f3kat. Ilyesmi nem fog megt\u00f6rt\u00e9nni, ez egy\u00e1ltal\u00e1n nincs benne n\u00e9p\u00fcnk g\u00e9njeiben. Megvan nek\u00fcnk, ha \u00fagy tetszik, a saj\u00e1t b\u00fcszkes\u00e9g\u00fcnk\u201d \u2013 hangoztatta Lavrov.<\/p>\n<p>Az Eur\u00f3pai Uni\u00f3 \u00e9s a NATO nem enged Oroszorsz\u00e1g megf\u00e9leml\u00edt\u00e9s\u00e9nek, s\u0151t fokozza a nyom\u00e1st Moszkv\u00e1ra \u2013 <a href=\"https:\/\/hvg.hu\/eurologus\/20260902_ursula-von-der-leyen-mark-rutte-europai-bizottsag-nato\" target=\"_self\" rel=\"nofollow noopener\">jelentette ki<\/a> Ursula von der Leyen, az Eur\u00f3pai Bizotts\u00e1g eln\u00f6ke szerd\u00e1n, miel\u0151tt Mark Rutte NATO-f\u0151titk\u00e1rral t\u00e1rgyalt. Von der Leyen szerint a lipcsei rep\u00fcl\u0151t\u00e9r elleni, Oroszorsz\u00e1gnak tulajdon\u00edtott t\u00e1mad\u00e1si k\u00eds\u00e9rlet az eur\u00f3pai biztons\u00e1gi helyzet \u00fajabb s\u00falyos eszkal\u00e1ci\u00f3j\u00e1t jelenti.<\/p>\n<p>Mint arr\u00f3l besz\u00e1moltunk, a n\u00e9met hat\u00f3s\u00e1gok szerint Oroszorsz\u00e1g \u00e1llt egy olyan k\u00eds\u00e9rlet m\u00f6g\u00f6tt, amelyben katonai eszk\u00f6z\u00f6kkel pr\u00f3b\u00e1ltak t\u00e1mad\u00e1st v\u00e9grehajtani a lipcsei\/hallei rep\u00fcl\u0151t\u00e9ren.<\/p>\n<p> <a href=\"https:\/\/hvg.hu\/vilag\/20260901_oroszorszag-lipcsei-dronincidens-nemetorszag\" target=\"_self\" rel=\"nofollow noopener\"> <\/p>\n<p>https:\/\/hvg.hu\/vilag\/20260901_oroszorszag-lipcsei-dronincidens-nemetorszag<\/p>\n<p>Nyit\u00f3k\u00e9p: A Goethe Int\u00e9zet moszkvai kirendelts\u00e9g\u00e9nek \u00e9p\u00fclete 2026. szeptember 2-\u00e1n. Fot\u00f3: Igor Ivanko \/ AFP<\/p>\n","protected":false},"excerpt":{"rendered":"Bez\u00e1rj\u00e1k a Goethe Int\u00e9zet moszkvai, szentp\u00e9terv\u00e1ri \u00e9s jekatyerinburgi kirendelts\u00e9g\u00e9t, miut\u00e1n a n\u00e9met hat\u00f3s\u00e1gok \u00fagy d\u00f6nt\u00f6ttek, hogy megsz\u00fcntetik a&hellip;\n","protected":false},"author":2,"featured_media":232089,"comment_status":"","ping_status":"","sticky":false,"template":"","format":"standard","meta":{"footnotes":"","_share_on_mastodon":"0"},"categories":[33],"tags":[38,60306,35,37,44,42,40,43,41,271,34,102,99,36,39],"class_list":["post-232088","post","type-post","status-publish","format-standard","has-post-thumbnail","category-hirek","tag-focimek","tag-goethe-intezet","tag-headlines","tag-hirek","tag-hu","tag-hungarian","tag-hungary","tag-magyar","tag-magyarorszag","tag-nemetorszag","tag-news","tag-oroszorszag","tag-politika","tag-top-stories","tag-vezeto-hirek"],"share_on_mastodon":{"url":"https:\/\/pubeurope.com\/@hu\/117210116831715534","error":""},"_links":{"self":[{"href":"https:\/\/www.europesays.com\/hu\/wp-json\/wp\/v2\/posts\/232088","targetHints":{"allow":["GET"]}}],"collection":[{"href":"https:\/\/www.europesays.com\/hu\/wp-json\/wp\/v2\/posts"}],"about":[{"href":"https:\/\/www.europesays.com\/hu\/wp-json\/wp\/v2\/types\/post"}],"author":[{"embeddable":true,"href":"https:\/\/www.europesays.com\/hu\/wp-json\/wp\/v2\/users\/2"}],"replies":[{"embeddable":true,"href":"https:\/\/www.europesays.com\/hu\/wp-json\/wp\/v2\/comments?post=232088"}],"version-history":[{"count":0,"href":"https:\/\/www.europesays.com\/hu\/wp-json\/wp\/v2\/posts\/232088\/revisions"}],"wp:featuredmedia":[{"embeddable":true,"href":"https:\/\/www.europesays.com\/hu\/wp-json\/wp\/v2\/media\/232089"}],"wp:attachment":[{"href":"https:\/\/www.europesays.com\/hu\/wp-json\/wp\/v2\/media?parent=232088"}],"wp:term":[{"taxonomy":"category","embeddable":true,"href":"https:\/\/www.europesays.com\/hu\/wp-json\/wp\/v2\/categories?post=232088"},{"taxonomy":"post_tag","embeddable":true,"href":"https:\/\/www.europesays.com\/hu\/wp-json\/wp\/v2\/tags?post=232088"}],"curies":[{"name":"wp","href":"https:\/\/api.w.org\/{rel}","templated":true}]}}