{"id":232094,"date":"2026-09-04T01:25:12","date_gmt":"2026-09-04T01:25:12","guid":{"rendered":"https:\/\/www.europesays.com\/hu\/232094\/"},"modified":"2026-09-04T01:25:12","modified_gmt":"2026-09-04T01:25:12","slug":"60-ezer-lesz-kiloja-egy-husnak-a-lidlben-ennek-ellenere-elkapkodhatjak","status":"publish","type":"post","link":"https:\/\/www.europesays.com\/hu\/232094\/","title":{"rendered":"60 ezer lesz kil\u00f3ja egy h\u00fasnak a Lidlben \u2013 ennek ellen\u00e9re elkapkodhatj\u00e1k"},"content":{"rendered":"<p>\t\t\t\t\t\t\t<a class=\"m-article__categoryLink\" href=\"https:\/\/www.startlap.hu\/vasarlas\/trending\/\" rel=\"nofollow noopener\" target=\"_blank\">Trending<\/a><\/p>\n<p>\t\t\t\t\t\t\t\t2026. szeptember 03.\t\t\t\t\t\t\t<\/p>\n<p>\t\t\t\t\t\t\t\t<a class=\"m-article__categoryLink\" href=\"https:\/\/www.startlap.hu\/vasarlas\/trending\/\" rel=\"nofollow noopener\" target=\"_blank\">Trending<\/a><\/p>\n<p>\t\t\t\t\t\t\t\t\t 2026. szeptember 03.\t\t\t\t\t\t\t\t<\/p>\n<p>\n\t\t\t\t\t\t\t\tK\u00f6zel 60 ezer forintba ker\u00fcl majd egy k\u00fcl\u00f6nleges h\u00fas kil\u00f3ja a Lidlben. A borsos \u00e1r ellen\u00e9re k\u00f6nnyen lehet, hogy gyorsan elkapkodj\u00e1k az \u00fczletekb\u0151l.\t\t\t\t\t\t\t<\/p>\n<p>Nem mindennapi term\u00e9kekkel b\u0151v\u00fcl a Lidl h\u00fask\u00edn\u00e1lata: az \u00e1ruh\u00e1zl\u00e1nc szeptember 3-t\u00f3l Wagyu marhah\u00e1tsz\u00ednt \u00e9s marharost\u00e9lyost kezd <a href=\"https:\/\/www.startlap.hu\/vasarlas\/megkezdtek-a-kacsarobot-arusitasat-120-ezer-forint-es-gorkorizik-is\/\" target=\"_blank\" rel=\"noopener nofollow\">\u00e1rus\u00edtani<\/a>. A <a href=\"https:\/\/www.startlap.hu\/vasarlas\/rantott-hus-panir-ropogos\/\" target=\"_blank\" rel=\"noopener nofollow\">h\u00fasok<\/a> kilogrammonk\u00e9nt 59 990 forintba ker\u00fclnek, \u00edgy \u00e1ruk egy diszkontl\u00e1nc h\u0171t\u0151pultj\u00e1ban k\u00fcl\u00f6n\u00f6sen felt\u0171n\u0151nek sz\u00e1m\u00edt \u2013 \u00edrja a <a href=\"https:\/\/www.hirstart.hu\/site\/relocate.php?rssid=33&amp;rsspid=3&amp;ctype=rss&amp;id=47977028&amp;chk=3138969687a8f32ae6c0f2d2fada564b&amp;url=https%3A%2F%2Fwww.penzcentrum.hu%2Fvasarlas%2F20260903%2Fnem-mindennapi-hus-erkezik-a-lidl-be-melyen-a-zsebebe-kell-nyulnia-aki-ebbol-akar-vacsorazni-1204842\" target=\"_blank\" rel=\"noopener nofollow\">P\u00e9nzcentrum<\/a>.<\/p>\n<p>A Wagyu vil\u00e1gszerte a legismertebb pr\u00e9mium h\u00fasfajt\u00e1k k\u00f6z\u00e9 tartozik, a k\u00f6zel 60 ezer <a href=\"https:\/\/www.startlap.hu\/vasarlas\/nav-sms-csalas-adathalasz\/\" target=\"_blank\" rel=\"noopener nofollow\">forintos<\/a> kil\u00f3nk\u00e9nti \u00e1r m\u00e9gis sok v\u00e1s\u00e1rl\u00f3t meglephet. A Faluv\u00e9gi H\u00fas marhah\u00e1tsz\u00edn\u00e9t \u00e9s marharost\u00e9lyos\u00e1t szeptember 3-t\u00f3l 6-ig lehet megv\u00e1s\u00e1rolni, v\u00e1ltoz\u00f3 kiszerel\u00e9sekben. A Lidl mindk\u00e9t term\u00e9ket \u201eSzuper \u00e1r\u201d megjel\u00f6l\u00e9ssel hirdeti.<\/p>\n<p>Olcs\u00f3bb Wagyu-term\u00e9kek is \u00e9rkeznek<\/p>\n<p>A kiemelt marhah\u00e1tsz\u00edn \u00e9s marharost\u00e9lyos mellett t\u00f6bb, l\u00e9nyegesen alacsonyabb kilogrammonk\u00e9nti \u00e1ron k\u00edn\u00e1lt Wagyu-term\u00e9k is megjelenik az \u00fczletekben.<\/p>\n<p>A 220 grammos Wagyu marhanyaksteak 4599 forintba ker\u00fcl, ami kilogrammonk\u00e9nt 20 905 forintos \u00e1rat jelent. A szint\u00e9n 220 grammos marhacombsteak\u00e9rt 3599 forintot k\u00e9rnek, ennek kil\u00f3ja \u00edgy 16 360 forintra j\u00f6n ki.<\/p>\n<p>A legkedvez\u0151bb \u00e1r\u00fa term\u00e9k a marhahamburgerh\u00fas: a csomagban k\u00e9t, egyenk\u00e9nt 125 grammos h\u00faspog\u00e1csa tal\u00e1lhat\u00f3 2299 forint\u00e9rt. Kilogrammra \u00e1tsz\u00e1m\u00edtva ez\u00e9rt a v\u00e1ltozat\u00e9rt 9196 forintot kell fizetni.<\/p>\n<p>Megosztotta a v\u00e1s\u00e1rl\u00f3kat az 59 990 forintos \u00e1r<\/p>\n<p>A csaknem 60 ezer forintos kil\u00f3s \u00e1r a k\u00f6z\u00f6ss\u00e9gi m\u00e9di\u00e1ban is gyorsan felkeltette a figyelmet. A <a href=\"https:\/\/www.reddit.com\/r\/lidlaldihun\/comments\/1w62rjw\/lidl_wagyu_akci%C3%B3\/\" target=\"_blank\" rel=\"noopener nofollow\">Redditen<\/a> k\u00fcl\u00f6n bejegyz\u00e9s sz\u00fcletett az aj\u00e1nlatr\u00f3l, amely alatt t\u00f6bben azt k\u00e9rdezt\u00e9k, mik\u00e9nt ker\u00fclhetett az 59 990 forintos term\u00e9k mell\u00e9 a \u201eSzuper \u00e1r\u201d megjel\u00f6l\u00e9s.<\/p>\n<p>A hozz\u00e1sz\u00f3l\u00f3k egy r\u00e9sze azt is sz\u00f3v\u00e1 tette, hogy az <a href=\"https:\/\/akcios-ujsag.hu\/akcios-ujsagok\/lidl-akcios-ujsag-2026-09-03-09-09\/#4\" target=\"_blank\" rel=\"noopener nofollow\">akci\u00f3s \u00fajs\u00e1g<\/a> ugyanazon oldal\u00e1n kilogrammonk\u00e9nt 1199 forintos sert\u00e9skaraj szerepel, \u00edgy a k\u00e9t term\u00e9k \u00e1ra k\u00f6z\u00f6tt k\u00fcl\u00f6n\u00f6sen l\u00e1tv\u00e1nyos a k\u00fcl\u00f6nbs\u00e9g. M\u00e1sok azonban arra eml\u00e9keztettek, hogy a Wagyu eleve rendk\u00edv\u00fcl dr\u00e1ga, fels\u0151 kateg\u00f3ri\u00e1s h\u00fasfajta.<\/p>\n<p>Mit\u0151l k\u00fcl\u00f6nleges a Wagyu marhah\u00fas?<\/p>\n<p>A Faluv\u00e9gi H\u00fas t\u00e1j\u00e9koztat\u00e1sa szerint a Wagyu min\u0151s\u00e9g\u00e9t t\u00f6bb t\u00e9nyez\u0151 egy\u00fcttesen hat\u00e1rozza meg. Szerepet j\u00e1tszanak benne a szarvasmarh\u00e1k genetikai adotts\u00e1gai, speci\u00e1lis tart\u00e1si k\u00f6r\u00fclm\u00e9nyei, valamint a fajta ig\u00e9nyeihez igaz\u00edtott takarm\u00e1nyoz\u00e1s.<\/p>\n<p><img title=\"wagyuhus Startlap V\u00e1s\u00e1rl\u00e1s\" loading=\"lazy\" decoding=\"async\" class=\"size-article-size-large-image wp-image-2286108\" src=\"https:\/\/www.europesays.com\/hu\/wp-content\/uploads\/2026\/09\/wagyu_hus_-755x503.jpg\" alt=\"K\u00e9t nyers wagyu steak v\u00e1g\u00f3deszk\u00e1n\" width=\"755\" height=\"503\"  \/>Fot\u00f3: Getty Images<\/p>\n<p>A Wagyu egyik legfontosabb ismertet\u0151jegye az er\u0151s \u00e9s egyenletes m\u00e1rv\u00e1nyozotts\u00e1g. Ez azt jelenti, hogy a zs\u00edr nemcsak a h\u00fas felsz\u00edn\u00e9n, hanem az izomrostok k\u00f6z\u00f6tt is megtal\u00e1lhat\u00f3. S\u00fct\u00e9s k\u00f6zben ennek k\u00f6sz\u00f6nhet\u0151en alakulhat ki a k\u00fcl\u00f6n\u00f6sen puha \u00e9s porhany\u00f3s \u00e1llag.<\/p>\n<p>A v\u00e1llalkoz\u00e1s k\u00f6zl\u00e9se alapj\u00e1n a Wagyu ak\u00e1r 30 sz\u00e1zal\u00e9kkal t\u00f6bb egyszeresen tel\u00edtetlen zs\u00edrsavat tartalmazhat, mint a legjobb min\u0151s\u00e9g\u0171 eur\u00f3pai szarvasmarhafajt\u00e1k h\u00fasa. Zs\u00edrtartalma r\u00e1ad\u00e1sul m\u00e1r megk\u00f6zel\u00edt\u0151leg 7 Celsius-fokon olvad\u00e1snak indulhat.<\/p>\n<p>Hortob\u00e1gyi teny\u00e9szetb\u0151l ker\u00fcl a Lidlbe<\/p>\n<p>A Lidlben megjelen\u0151 h\u00fas hazai gazdas\u00e1gb\u00f3l sz\u00e1rmazik. A Faluv\u00e9gi H\u00fas teny\u00e9szete a Hortob\u00e1gyon tal\u00e1lhat\u00f3, ahol t\u00f6bb mint 350 hekt\u00e1ron, GMO-mentes \u00e9s term\u00e9szetk\u00f6zeli k\u00f6r\u00fclm\u00e9nyek k\u00f6z\u00f6tt nevelik az \u00e1llatokat.<\/p>\n<p>A teny\u00e9szet jelenleg 150 anya\u00e1llattal rendelkezik. Ezt a sz\u00e1mot a k\u00f6vetkez\u0151 \u00e9vekben 250-re szeretn\u00e9k n\u00f6velni, \u00edgy a szaporulattal egy\u00fctt k\u00e9s\u0151bb megk\u00f6zel\u00edt\u0151leg 400 egyedb\u0151l \u00e1llhat a hortob\u00e1gyi \u00e1llom\u00e1ny.<\/p>\n<p>Magyarorsz\u00e1gon is keresik a luxush\u00fasokat<\/p>\n<p>A k\u00fcl\u00f6nleges \u00e9s pr\u00e9mium h\u00fasok jelenl\u00e9te nem sz\u00e1m\u00edt teljesen \u00faj jelens\u00e9gnek Magyarorsz\u00e1gon. A Wagyu mellett m\u00e1s olyan egzotikus h\u00fasf\u00e9l\u00e9k is beszerezhet\u0151k itthon, amelyekkel egy \u00e1tlagos \u00e9lelmiszerbolt h\u00faspultj\u00e1ban csak ritk\u00e1n lehet tal\u00e1lkozni.<\/p>\n<p>Ezeknek az alapanyagoknak a legfontosabb v\u00e1s\u00e1rl\u00f3i jellemz\u0151en a fels\u0151 kateg\u00f3ri\u00e1s \u00e9ttermek \u00e9s a pr\u00e9mium vend\u00e9gl\u00e1t\u00f3helyek, de a lakoss\u00e1g r\u00e9sz\u00e9r\u0151l is l\u00e9tezik ir\u00e1ntuk kereslet.<\/p>\n<p>A pr\u00e9mium fog\u00e1sok magas \u00e1r\u00e1t ugyanakkor nem kiz\u00e1r\u00f3lag az alapanyag beszerz\u00e9si k\u00f6lts\u00e9ge hat\u00e1rozza meg. Andrejszki Rich\u00e1rd, a Chef Market tulajdonosa kor\u00e1bban arra mutatott r\u00e1, hogy a magyar vend\u00e9gl\u00e1t\u00e1s k\u00f6lts\u00e9gszerkezete, a munkaer\u0151 \u00e9s az alapanyagok \u00e1ra, valamint a pr\u00e9mium gasztron\u00f3mia hazai saj\u00e1toss\u00e1gai egyar\u00e1nt befoly\u00e1solj\u00e1k az \u00e9ttermi \u00e1rakat.<\/p>\n<p>Ezek a t\u00e9nyez\u0151k ahhoz is hozz\u00e1j\u00e1rulhatnak, hogy Magyarorsz\u00e1gon egy pr\u00e9mium vend\u00e9gl\u00e1t\u00f3helyen ugyanaz vagy egy hasonl\u00f3 term\u00e9k ak\u00e1r j\u00f3val t\u00f6bbe <a href=\"https:\/\/www.startlap.hu\/vasarlas\/magyarorszag-tortaja-2026-arak\/\" target=\"_blank\" rel=\"noopener nofollow\">ker\u00fclj\u00f6n<\/a>, mint Nyugat-Eur\u00f3p\u00e1ban.<\/p>\n","protected":false},"excerpt":{"rendered":"Trending 2026. szeptember 03. Trending 2026. szeptember 03. K\u00f6zel 60 ezer forintba ker\u00fcl majd egy k\u00fcl\u00f6nleges h\u00fas kil\u00f3ja&hellip;\n","protected":false},"author":2,"featured_media":232095,"comment_status":"","ping_status":"","sticky":false,"template":"","format":"standard","meta":{"footnotes":"","_share_on_mastodon":"0"},"categories":[6],"tags":[44,42,40,3019,43,41,61254,40067,1100],"class_list":["post-232094","post","type-post","status-publish","format-standard","has-post-thumbnail","category-magyarorszag","tag-hu","tag-hungarian","tag-hungary","tag-lidl","tag-magyar","tag-magyarorszag","tag-marhahus","tag-steak","tag-trending"],"share_on_mastodon":{"url":"https:\/\/pubeurope.com\/@hu\/117210167874631716","error":""},"_links":{"self":[{"href":"https:\/\/www.europesays.com\/hu\/wp-json\/wp\/v2\/posts\/232094","targetHints":{"allow":["GET"]}}],"collection":[{"href":"https:\/\/www.europesays.com\/hu\/wp-json\/wp\/v2\/posts"}],"about":[{"href":"https:\/\/www.europesays.com\/hu\/wp-json\/wp\/v2\/types\/post"}],"author":[{"embeddable":true,"href":"https:\/\/www.europesays.com\/hu\/wp-json\/wp\/v2\/users\/2"}],"replies":[{"embeddable":true,"href":"https:\/\/www.europesays.com\/hu\/wp-json\/wp\/v2\/comments?post=232094"}],"version-history":[{"count":0,"href":"https:\/\/www.europesays.com\/hu\/wp-json\/wp\/v2\/posts\/232094\/revisions"}],"wp:featuredmedia":[{"embeddable":true,"href":"https:\/\/www.europesays.com\/hu\/wp-json\/wp\/v2\/media\/232095"}],"wp:attachment":[{"href":"https:\/\/www.europesays.com\/hu\/wp-json\/wp\/v2\/media?parent=232094"}],"wp:term":[{"taxonomy":"category","embeddable":true,"href":"https:\/\/www.europesays.com\/hu\/wp-json\/wp\/v2\/categories?post=232094"},{"taxonomy":"post_tag","embeddable":true,"href":"https:\/\/www.europesays.com\/hu\/wp-json\/wp\/v2\/tags?post=232094"}],"curies":[{"name":"wp","href":"https:\/\/api.w.org\/{rel}","templated":true}]}}