{"id":232139,"date":"2026-09-04T02:49:11","date_gmt":"2026-09-04T02:49:11","guid":{"rendered":"https:\/\/www.europesays.com\/hu\/232139\/"},"modified":"2026-09-04T02:49:11","modified_gmt":"2026-09-04T02:49:11","slug":"hiaba-a-tiltakozas-megjelentek-a-munkagepek-a-balaton-parton-epul-a-99-lakasos-luxuslakopark","status":"publish","type":"post","link":"https:\/\/www.europesays.com\/hu\/232139\/","title":{"rendered":"Hi\u00e1ba a tiltakoz\u00e1s: megjelentek a munkag\u00e9pek a Balaton-parton, \u00e9p\u00fcl a 99 lak\u00e1sos luxuslak\u00f3park"},"content":{"rendered":"<p>2026. szeptember 3. 09:45<\/p>\n<p>Meg\u00e9rkeztek a munkag\u00e9pek, \u00e9s szeptember 1-j\u00e9n hivatalosan is elkezd\u0151d\u00f6tt a Cordia fony\u00f3di beruh\u00e1z\u00e1s\u00e1nak kivitelez\u00e9se. A 99 lak\u00e1sos The View k\u00f6zvetlen\u00fcl a Balaton partj\u00e1n \u00e9p\u00fcl, a projekt azonban kor\u00e1bban komoly helyi \u00e9s civil ellen\u00e1ll\u00e1st v\u00e1ltott ki.<\/p>\n<p>Szeptember 1-j\u00e9n megkezd\u0151d\u00f6tt a The View by Cordia nev\u0171, 99 lak\u00e1sos pr\u00e9mium lak\u00f3park kivitelez\u00e9se Fony\u00f3don. A ter\u00fcletet elker\u00edtett\u00e9k, a helysz\u00ednre pedig felvonultak a munkag\u00e9pek \u2013 sz\u00e1molt be a friss fejlem\u00e9nyr\u0151l a <a href=\"https:\/\/www.hirbalaton.hu\/elindult-a-cordia-vitatott-luxusberuhazasa-fonyodon-megkezdodtek-a-munkalatok-a-kozvetlen-vizparton\/\" target=\"_blank\" rel=\"noopener nofollow\">HirBalaton.<\/a><\/p>\n<p>\t\t\t\t<a href=\"https:\/\/www.penzcentrum.hu\/frisshirek\" rel=\"nofollow noopener\" target=\"_blank\">A legfrissebb h\u00edrek, id\u0151rendben ITT!<\/a><\/p>\n<p>\t\t\t\t<a href=\"https:\/\/news.google.com\/publications\/CAAiECtCpL84n14N1lGAd73KUFMqFAgKIhArQqS_OJ9eDdZRgHe9ylBT?hl=hu&amp;gl=HU&amp;ceid=HU%3Ahu\" rel=\"nofollow noopener\" target=\"_blank\">K\u00f6vess minket a Google H\u00edrek-ben is!<\/a><\/p>\n<p>\t\t\t&#13;<\/p>\n<p>Ahogy kor\u00e1bban a <a href=\"https:\/\/www.penzcentrum.hu\/hellovidek\/20251120\/erik-a-botrany-a-balatonnal-99-lakasos-vizparti-oriasprojekt-keszul-fonyodon-a-helyiek-tiltakoznak-1188999\" target=\"_blank\" rel=\"noopener nofollow\">HelloVid\u00e9k is<\/a> \u00edrt r\u00f3la, a fejleszt\u00e9s k\u00f6zvetlen\u00fcl a Balaton partj\u00e1n, a fony\u00f3di kik\u00f6t\u0151 k\u00f6zel\u00e9ben val\u00f3sul meg.\u00a0 A tervek szerint az 1\u20134 szob\u00e1s lak\u00e1sok mindegyik\u00e9hez erk\u00e9ly vagy terasz tartozik, a legt\u00f6bb ingatlanb\u00f3l pedig a Balatonra \u00e9s a Badacsonyra ny\u00edlik panor\u00e1ma. A beruh\u00e1z\u00f3 kor\u00e1bbi t\u00e1j\u00e9koztat\u00e1sa szerint a lak\u00f3parkhoz k\u00f6z\u00f6ss\u00e9gi terek \u00e9s parkos\u00edtott bels\u0151 kert is k\u00e9sz\u00fcl.<\/p>\n<p>&#13;<br \/>\nA projekt ugyanakkor nem el\u0151zm\u00e9nyek n\u00e9lk\u00fcli vit\u00e1k mellett indult el&#13;<\/p>\n<p>A beruh\u00e1z\u00e1s helysz\u00edne kor\u00e1bban a helyiek \u00e1ltal szabadstrandk\u00e9nt \u00e9s z\u00f6ldter\u00fcletk\u00e9nt haszn\u00e1lt partszakasz volt, ez\u00e9rt civilek \u00e9s helyi lakosok tiltakoztak a be\u00e9p\u00edt\u00e9s ellen. Pet\u00edci\u00f3 \u00e9s demonstr\u00e1ci\u00f3 is indult a projekt miatt, mik\u00f6zben a beruh\u00e1z\u00f3 a projekt jogszer\u0171s\u00e9g\u00e9t hangs\u00falyozta. Fony\u00f3d polg\u00e1rmestere, Erdei Barnab\u00e1s kor\u00e1bban a HirBalatonnak \u00fagy nyilatkozott, hogy a rendelkez\u00e9sre \u00e1ll\u00f3 enged\u00e9lyek miatt a beruh\u00e1z\u00e1st m\u00e1r neh\u00e9z lenne megakad\u00e1lyozni. A Cordia szerint a fejleszt\u00e9s gazdas\u00e1gi \u00e9s infrastruktur\u00e1lis el\u0151ny\u00f6ket is hozhat a telep\u00fcl\u00e9snek.<\/p>\n<p>&#13;<\/p>\n<p>A beruh\u00e1z\u00e1s most teh\u00e1t a tiltakoz\u00e1sok ellen\u00e9re kivitelez\u00e9si szakaszba l\u00e9pett. A projekt a tervek szerint a balatoni ingatlanpiac pr\u00e9mium szegmens\u00e9t c\u00e9lozza: a <a href=\"https:\/\/novekedes.hu\/ingatlan\/luxusarakkal-erkezik-the-view-fonyodra-2-3-millio-lesz-egy-negyzetmeter\" target=\"_blank\" rel=\"noopener nofollow\">N\u00f6veked\u00e9s.hu<\/a> friss inform\u00e1ci\u00f3i szerint a lak\u00e1sok v\u00e1rhat\u00f3 n\u00e9gyzetm\u00e9ter\u00e1ra 2\u20133 milli\u00f3 forint k\u00f6r\u00fcl alakulhat.<\/p>\n","protected":false},"excerpt":{"rendered":"2026. szeptember 3. 09:45 Meg\u00e9rkeztek a munkag\u00e9pek, \u00e9s szeptember 1-j\u00e9n hivatalosan is elkezd\u0151d\u00f6tt a Cordia fony\u00f3di beruh\u00e1z\u00e1s\u00e1nak kivitelez\u00e9se.&hellip;\n","protected":false},"author":2,"featured_media":232140,"comment_status":"","ping_status":"","sticky":false,"template":"","format":"standard","meta":{"footnotes":"","_share_on_mastodon":"0"},"categories":[6],"tags":[393,44,42,40,672,43,41,669,671,670,674,111,673],"class_list":["post-232139","post","type-post","status-publish","format-standard","has-post-thumbnail","category-magyarorszag","tag-biztositas","tag-hu","tag-hungarian","tag-hungary","tag-karrier","tag-magyar","tag-magyarorszag","tag-megtakaritas","tag-nyugdij","tag-otthon","tag-utazas","tag-vallalkozas","tag-vasarlas"],"share_on_mastodon":{"url":"https:\/\/pubeurope.com\/@hu\/117210497815656759","error":""},"_links":{"self":[{"href":"https:\/\/www.europesays.com\/hu\/wp-json\/wp\/v2\/posts\/232139","targetHints":{"allow":["GET"]}}],"collection":[{"href":"https:\/\/www.europesays.com\/hu\/wp-json\/wp\/v2\/posts"}],"about":[{"href":"https:\/\/www.europesays.com\/hu\/wp-json\/wp\/v2\/types\/post"}],"author":[{"embeddable":true,"href":"https:\/\/www.europesays.com\/hu\/wp-json\/wp\/v2\/users\/2"}],"replies":[{"embeddable":true,"href":"https:\/\/www.europesays.com\/hu\/wp-json\/wp\/v2\/comments?post=232139"}],"version-history":[{"count":0,"href":"https:\/\/www.europesays.com\/hu\/wp-json\/wp\/v2\/posts\/232139\/revisions"}],"wp:featuredmedia":[{"embeddable":true,"href":"https:\/\/www.europesays.com\/hu\/wp-json\/wp\/v2\/media\/232140"}],"wp:attachment":[{"href":"https:\/\/www.europesays.com\/hu\/wp-json\/wp\/v2\/media?parent=232139"}],"wp:term":[{"taxonomy":"category","embeddable":true,"href":"https:\/\/www.europesays.com\/hu\/wp-json\/wp\/v2\/categories?post=232139"},{"taxonomy":"post_tag","embeddable":true,"href":"https:\/\/www.europesays.com\/hu\/wp-json\/wp\/v2\/tags?post=232139"}],"curies":[{"name":"wp","href":"https:\/\/api.w.org\/{rel}","templated":true}]}}