{"id":232150,"date":"2026-09-04T03:05:15","date_gmt":"2026-09-04T03:05:15","guid":{"rendered":"https:\/\/www.europesays.com\/hu\/232150\/"},"modified":"2026-09-04T03:05:15","modified_gmt":"2026-09-04T03:05:15","slug":"budapest-kozbiztonsaga-kell-a-tobb-rendor-az-utcan-de-ez-csak-tuneti-kezeles","status":"publish","type":"post","link":"https:\/\/www.europesays.com\/hu\/232150\/","title":{"rendered":"Budapest k\u00f6zbiztons\u00e1ga: kell a t\u00f6bb rend\u0151r az utc\u00e1n, de ez csak \u201et\u00fcneti kezel\u00e9s\u201d"},"content":{"rendered":"<p>A korm\u00e1ny elfogadta a f\u0151v\u00e1rosi ker\u00fcletek polg\u00e1rmestereinek kezdem\u00e9nyez\u00e9seit, \u00edgy j\u00falius k\u00f6zep\u00e9n egy 30 napos fokozott rend\u0151ri ellen\u0151rz\u00e9s kezd\u0151d\u00f6tt, de tov\u00e1bbi l\u00e9p\u00e9sek is v\u00e1rhat\u00f3k a Bel\u00fcgyminiszt\u00e9riumt\u00f3l. Kiss Ambrus, a F\u0151polg\u00e1rmesteri Hivatal f\u0151igazgat\u00f3ja is r\u00e9szt vett a szakminiszter \u00e9s az \u00f6nkorm\u00e1nyzat egyeztet\u00e9sein.<\/p>\n<p>\u201eEz egy r\u00e9sze a megold\u00e1snak, de a t\u00f6bb rend\u0151r, illetve a rendp\u00e1rti megk\u00f6zel\u00edt\u00e9s csak t\u00fcneti kezel\u00e9se a szoci\u00e1lis kr\u00edzisnek,<\/p>\n<p>hiszen az elm\u00falt 16 \u00e9v eredm\u00e9nye nem csak az, hogy kevesebb rend\u0151r van az utc\u00e1kon, hanem az is, hogy le\u00e9p\u00fclt a szoci\u00e1lis ell\u00e1t\u00f3rendszer, a szeg\u00e9nyek m\u00e9g szeg\u00e9nyebbekk\u00e9 v\u00e1ltak \u00e9s er\u0151s\u00f6d\u00f6tt a t\u00e1rsadalmi egyenl\u0151tlens\u00e9g \u2013 fogalmazott az InfoR\u00e1di\u00f3ban.<\/p>\n<p>Az eg\u00e9szs\u00e9g\u00fcgyi rendszerben az aditol\u00f3gia, pszichi\u00e1triai ell\u00e1t\u00e1s szint\u00e9n le\u00e9p\u00fclt, el\u00e9rhetetlenn\u00e9 v\u00e1lt, \u00e9s ezek jelennek meg egyszerre a k\u00f6zter\u00fcleteken. Nyilv\u00e1n erre r\u00e1rak\u00f3dik a palackoz\u00e1s probl\u00e9m\u00e1ja, ami val\u00f3j\u00e1ban egy p\u00e9nzkereseti lehet\u0151s\u00e9g \u00e9s nem az ok maga, hiszen nem az\u00e9rt szerhaszn\u00e1l\u00f3 valaki, mert palackozik, hanem az\u00e9rt palackozik, hogy a szer haszn\u00e1lat\u00e1hoz, j\u00f6vedelemhez jusson \u2013 mondta Kiss Ambrus, hozz\u00e1t\u00e9ve: \u201ede jelzem,<\/p>\n<p>ha a palackoz\u00e1s nem lenne, akkor m\u00e1s m\u00f3don pr\u00f3b\u00e1ln\u00e1nak az \u00e9rintettek j\u00f6vedelemhez jutni, \u00e9s az lehet, hogy ugyan\u00fagy probl\u00e9m\u00e1t okozna a k\u00f6zbiztons\u00e1g szempontj\u00e1b\u00f3l\u201d.<\/p>\n<p>A F\u0151polg\u00e1rmesteri Hivatal f\u0151igazgat\u00f3ja szerint a l\u00e9p\u00e9sek, amiket a korm\u00e1ny most megfogalmazott, j\u00f3 ir\u00e1nyt jelentenek, de a gy\u00f6kereit nem oldj\u00e1k meg a probl\u00e9m\u00e1nak, amit persze a korm\u00e1ny is tud. Kiss Ambrus hangs\u00falyozta: fontos, hogy a szoci\u00e1lis k\u00e9rd\u00e9sekben is legyen megold\u00e1s.<\/p>\n<p>A Bel\u00fcgyminiszt\u00e9rium els\u0151sorban a rend\u0151rs\u00e9g seg\u00edts\u00e9g\u00e9vel tudja n\u00f6velni a f\u0151v\u00e1rosban \u00e9l\u0151k biztons\u00e1g\u00e9rzet\u00e9t, de a probl\u00e9ma gy\u00f6ker\u00e9t hasonl\u00f3an \u00e9rt\u00e9kelik, mint az \u00f6nkorm\u00e1nyzatok. Hajdu M\u00e1rton, a bel\u00fcgyi t\u00e1rca sajt\u00f3f\u0151n\u00f6ke elmondta: mag\u00e1ban az a tev\u00e9kenys\u00e9g, hogy valaki palackokat gy\u0171jt \u00f6ssze \u00e9s v\u00e1lt vissza p\u00e9nz\u00e9rt, nem kriminaliz\u00e1land\u00f3, hiszen ez a tev\u00e9kenys\u00e9g b\u00e1rhol v\u00e9gezhet\u0151. \u201eNem gondolom, hogy ha valaki olyan \u00e9lethelyzetbe ker\u00fcl, hogy palackoz\u00e1sb\u00f3l tud p\u00e9nzt szerezni, \u00e9s ezt a visszav\u00e1lt\u00f3 tev\u00e9kenys\u00e9get v\u00e9gzi, hogy ez egy rend\u00e9szeti t\u00e1rgy\u00fa k\u00e9rd\u00e9s lenne\u201d \u2013 fogalmazott, hozz\u00e1t\u00e9ve: persze vannak olyan k\u00f6r\u00fclm\u00e9nyek, amikor m\u00e1r nem csup\u00e1n arr\u00f3l van sz\u00f3, hogy valaki \u00f6sszegy\u0171jti a hullad\u00e9kot \u00e9s visszav\u00e1ltja. Ilyen esetekben term\u00e9szetesen lehet \u00e9s van is sz\u00fcks\u00e9g arra, hogy er\u0151s\u00edts\u00e9k a lakoss\u00e1g szubjekt\u00edv k\u00f6zbiztons\u00e1g\u00e9rzet\u00e9t.<\/p>\n<p>Mint mondta, az elm\u00falt id\u0151szakban Budapesten volt egy 30 napos kiemelt akci\u00f3, \u00e9s az\u00f3ta a budapesti k\u00f6zter\u00fcleteken a rend\u0151r\u00f6k megn\u00f6velt l\u00e9tsz\u00e1mmal \u00e9s kiemelt f\u00f3kusszal vannak jelen.<\/p>\n<p>Ezek nem csak fix pontokat jelentenek, hanem folyamatosan v\u00e1ltoz\u00f3 mobil pontokat is, hogy ne lehessen \u00e1ttolni az egyik helyr\u0151l a m\u00e1sikra azokat a cselekm\u00e9nyeket, ami miatt a rend\u0151r\u00f6k ott vannak, ez\u00e9rt<\/p>\n<p>folyamatosan \u00e9s rugalmasan v\u00e1ltoztatj\u00e1k a j\u00e1r\u0151r\u00f6z\u00e9si helysz\u00edneket a budapesti rend\u0151r\u00f6k<\/p>\n<p>\u2013 mondta Hajdu M\u00e1rton, a bel\u00fcgyi t\u00e1rca sajt\u00f3f\u0151n\u00f6ke.<\/p>\n<p>A Bel\u00fcgyminiszt\u00e9rium azt is javasolni fogja, hogy terjessz\u00e9k ki a F\u0151v\u00e1rosi \u00d6nkorm\u00e1nyzati Rend\u00e9szeti Igazgat\u00f3s\u00e1g \u00e9s a ker\u00fcleti \u00f6nkorm\u00e1nyzati k\u00f6zter\u00fclet-fel\u00fcgyeletek \u00e9s rend\u00e9szetek hat\u00e1sk\u00f6reit.<\/p>\n<p>A cikk alapj\u00e1ul szolg\u00e1l\u00f3 hanganyagot V\u00e1rkonyi Gyula k\u00e9sz\u00edtette.<\/p>\n","protected":false},"excerpt":{"rendered":"A korm\u00e1ny elfogadta a f\u0151v\u00e1rosi ker\u00fcletek polg\u00e1rmestereinek kezdem\u00e9nyez\u00e9seit, \u00edgy j\u00falius k\u00f6zep\u00e9n egy 30 napos fokozott rend\u0151ri ellen\u0151rz\u00e9s kezd\u0151d\u00f6tt,&hellip;\n","protected":false},"author":2,"featured_media":232151,"comment_status":"","ping_status":"","sticky":false,"template":"","format":"standard","meta":{"footnotes":"","_share_on_mastodon":"0"},"categories":[22],"tags":[73,22898,44,42,40,1523,27563,43,41,269],"class_list":["post-232150","post","type-post","status-publish","format-standard","has-post-thumbnail","category-budapest","tag-budapest","tag-hajdu-marton","tag-hu","tag-hungarian","tag-hungary","tag-kiss-ambrus","tag-kozbiztonsag","tag-magyar","tag-magyarorszag","tag-rendorseg"],"share_on_mastodon":{"url":"https:\/\/pubeurope.com\/@hu\/117210560762625540","error":""},"_links":{"self":[{"href":"https:\/\/www.europesays.com\/hu\/wp-json\/wp\/v2\/posts\/232150","targetHints":{"allow":["GET"]}}],"collection":[{"href":"https:\/\/www.europesays.com\/hu\/wp-json\/wp\/v2\/posts"}],"about":[{"href":"https:\/\/www.europesays.com\/hu\/wp-json\/wp\/v2\/types\/post"}],"author":[{"embeddable":true,"href":"https:\/\/www.europesays.com\/hu\/wp-json\/wp\/v2\/users\/2"}],"replies":[{"embeddable":true,"href":"https:\/\/www.europesays.com\/hu\/wp-json\/wp\/v2\/comments?post=232150"}],"version-history":[{"count":0,"href":"https:\/\/www.europesays.com\/hu\/wp-json\/wp\/v2\/posts\/232150\/revisions"}],"wp:featuredmedia":[{"embeddable":true,"href":"https:\/\/www.europesays.com\/hu\/wp-json\/wp\/v2\/media\/232151"}],"wp:attachment":[{"href":"https:\/\/www.europesays.com\/hu\/wp-json\/wp\/v2\/media?parent=232150"}],"wp:term":[{"taxonomy":"category","embeddable":true,"href":"https:\/\/www.europesays.com\/hu\/wp-json\/wp\/v2\/categories?post=232150"},{"taxonomy":"post_tag","embeddable":true,"href":"https:\/\/www.europesays.com\/hu\/wp-json\/wp\/v2\/tags?post=232150"}],"curies":[{"name":"wp","href":"https:\/\/api.w.org\/{rel}","templated":true}]}}