{"id":232156,"date":"2026-09-04T03:17:10","date_gmt":"2026-09-04T03:17:10","guid":{"rendered":"https:\/\/www.europesays.com\/hu\/232156\/"},"modified":"2026-09-04T03:17:10","modified_gmt":"2026-09-04T03:17:10","slug":"itthon-az-ukranok-szerint-magyarorszag-alaptalanul-gatolja-a-csatlakozasi-targyalasukat","status":"publish","type":"post","link":"https:\/\/www.europesays.com\/hu\/232156\/","title":{"rendered":"Itthon: Az ukr\u00e1nok szerint Magyarorsz\u00e1g alaptalanul g\u00e1tolja a csatlakoz\u00e1si t\u00e1rgyal\u00e1sukat"},"content":{"rendered":"<p>Volodimir Zelenszkij ukr\u00e1n eln\u00f6k els\u0151rend\u0171 feladatnak tartja a Magyarorsz\u00e1ghoz f\u0171z\u0151d\u0151, az Orb\u00e1n-korm\u00e1ny 16 \u00e9ve alatt m\u00e9lypontra zuhant kapcsolatok helyre\u00e1ll\u00edt\u00e1s\u00e1t. Kijev mindezt pozit\u00edv \u00e9rtelemben gondolja, nem \u00fagy tekint Magyarorsz\u00e1gra, mint probl\u00e9maforr\u00e1sra \u2013 mondt\u00e1k a HVG-nek ukr\u00e1n diplom\u00e1ciai forr\u00e1saink. <\/p>\n<p>\u201eNem csup\u00e1n arr\u00f3l van sz\u00f3, hogy Ukrajn\u00e1nak fontos az EU-csatlakoz\u00e1s, \u00e9s azt is el akarja \u00e9rni, hogy szabadon haladhasson Magyarorsz\u00e1gon kereszt\u00fcl az ukr\u00e1n mez\u0151gazdas\u00e1gi export. Az ukr\u00e1n vezet\u00e9s c\u00e9lja az, hogy strat\u00e9giai egy\u00fcttm\u0171k\u00f6d\u00e9st alak\u00edtson ki valamennyi szomsz\u00e9dos \u00e1llammal\u201d \u2013 fogalmazott egy ukr\u00e1n illet\u00e9kes.<\/p>\n<p>Kijevi v\u00e9lem\u00e9nyek szerint Magyar P\u00e9ter val\u00f3ban t\u00f6bbet \u00e9rt el h\u00e1rom h\u00e9t alatt a kisebbs\u00e9gi jogok \u00fcgy\u00e9ben, mint Orb\u00e1n 16 \u00e9v alatt. Ugyancsak eredm\u00e9nynek tartj\u00e1k, hogy Magyarorsz\u00e1g nem blokkolta tov\u00e1bb az Ukrajn\u00e1nak sz\u00e1nt 90 milli\u00e1rdos EU-s csomagot, \u00e9s az \u00faj vezet\u00e9s megszavazta az \u00fajabb k\u00e9t szankci\u00f3s csomagot Oroszorsz\u00e1g ellen. \u201eMegoldottuk az aranykonvoj \u00fcgy\u00e9t is, ami igencsak m\u00e9rgezte a k\u00e9toldal\u00fa kapcsolatokat. Sz\u00e1z nap alatt normaliz\u00e1ltuk a viszonyt, annak ellen\u00e9re, hogy az orsz\u00e1g k\u00e9t vezet\u0151je nem tartott cs\u00facstal\u00e1lkoz\u00f3t. Viszont a k\u00e9t k\u00fcl\u00fcgyminiszt\u00e9rium azonnal a v\u00e1laszt\u00e1sok ut\u00e1n felvette a kapcsolatot, m\u00e9g azel\u0151tt, hogy kinevezt\u00e9k volna Orb\u00e1n Anit\u00e1t\u201d \u2013 mondj\u00e1k Kijevben, hangs\u00falyozva, hogy a felek megegyeztek a j\u00f6v\u0151beli tal\u00e1lkoz\u00f3 form\u00e1tum\u00e1r\u00f3l. <\/p>\n<p class=\"highlighted\">V\u00e1rhat\u00f3an szeptemberben ker\u00fcl r\u00e1 sor, helysz\u00edne Budapest vagy Kijev lesz, Magyar P\u00e9ter \u00e9s Volodimir Zelenszkij ezt k\u00f6vet\u0151en l\u00e1togat el Beregsz\u00e1szba.<\/p>\n<p>A kapcsolatokat ugyanakkor be\u00e1rny\u00e9kolja, hogy az EU-csatlakoz\u00e1si t\u00e1rgyal\u00e1sokon Budapest a hatb\u00f3l csak k\u00e9t klaszter megnyit\u00e1s\u00e1hoz j\u00e1rult hozz\u00e1, \u00e9s az ut\u00f3bbi hetekben m\u00e1r h\u00e1romszor is megakad\u00e1lyozta az el\u0151rel\u00e9p\u00e9st.<\/p>\n<p> <a href=\"https:\/\/hvg.hu\/eurologus\/20260902_unios-bovites-ukrajna-veto\" target=\"_self\" rel=\"nofollow noopener\"> <\/p>\n<p>https:\/\/hvg.hu\/eurologus\/20260902_unios-bovites-ukrajna-veto<\/p>\n<p>Kijev az EU vezet\u0151ivel egy\u00fctt \u00fagy v\u00e9li, hogy Ukrajna eleget tett az\u00e9rt, hogy valamennyi klasztert megnyithass\u00e1k \u2013\u00a0mondj\u00e1k forr\u00e1saink, hozz\u00e1t\u00e9ve, hogy az ukr\u00e1n korm\u00e1ny azt a rendeletet is elfogadta, amely akkor is lehet\u0151v\u00e9 teszi egy magyar nyelv\u0171 iskolai oszt\u00e1ly elind\u00edt\u00e1s\u00e1t, ha csup\u00e1n egy di\u00e1k van a csoportban.<\/p>\n<p>Ukrajna sz\u00e1m\u00e1ra az EU-klaszterek megnyit\u00e1sa a legfontosabb, hiszen az orsz\u00e1gnak l\u00e9tk\u00e9rd\u00e9s az uni\u00f3s tags\u00e1g megszerz\u00e9se. \u201e\u00c9rz\u0151dik m\u00e9g az orb\u00e1ni propaganda maradv\u00e1nya, miszerint valamennyi klaszter megnyit\u00e1sa a gyors\u00edtott EU-csatlakoz\u00e1st jelenti. Ez nem igaz. Ukrajna valamennyi k\u00f6vetelm\u00e9nynek megfelelt. A klaszterek megnyit\u00e1sa Magyarorsz\u00e1g \u00e9rdeke is, mert akkor lehet elkezdeni t\u00e1rgyalni \u00e9s megvitatni azokat a k\u00e9rd\u00e9seket, amelyek fontosak Budapest sz\u00e1m\u00e1ra is. Ha valaki val\u00f3ban azt akarja, hogy a csatlakoz\u00e1si felt\u00e9telek jobban megfeleljenek Magyarorsz\u00e1g \u00e9rdekeinek, akkor erre a t\u00e1rgyal\u00e1s a legjobb \u00fat\u201d \u2013 v\u00e9lik Ukrajn\u00e1ban. <\/p>\n<p>\u201eHa f\u00e9lretessz\u00fck a klasztereket, akkor sz\u00e1z sz\u00e1zal\u00e9kig, ha figyelembe vessz\u00fck a klasztereket is, akkor hatb\u00f3l kett\u0151, azaz 33 sz\u00e1zal\u00e9kig\u201d \u2013 v\u00e1laszolt\u00e1k arra a k\u00e9rd\u00e9sre, hogy Kijev mennyire el\u00e9gedett a jelenlegi magyar korm\u00e1ny tev\u00e9kenys\u00e9g\u00e9vel. <\/p>\n<p>Klaszterek \u00e9s blokkol\u00e1sok<\/p>\n<p>Az eur\u00f3pai uni\u00f3s csatlakoz\u00e1si t\u00e1rgyal\u00e1sok sor\u00e1n a szakpolitikai ter\u00fcleteket 35 fejezetre osztj\u00e1k, \u00e9s ezeket hat klaszterbe csoportos\u00edtj\u00e1k. A hat klaszterb\u0151l Ukrajna eset\u00e9ben Magyarorsz\u00e1g kett\u0151 \u2013 az els\u0151 \u00e9s a hatodik\u00a0\u2013 megnyit\u00e1s\u00e1hoz j\u00e1rult hozz\u00e1, \u00e9s a legut\u00f3bbi tal\u00e1lkoz\u00f3kon a m\u00e1sodik \u00e9s a harmadik megnyit\u00e1s\u00e1t blokkolta.<\/p>\n<p>A hat klaszter a k\u00f6vetkez\u0151:<br \/>1. Alapvet\u0151 k\u00e9rd\u00e9sek: jog\u00e1llamis\u00e1g, alapvet\u0151 jogok, igazs\u00e1gszolg\u00e1ltat\u00e1s, k\u00f6zbeszerz\u00e9s, statisztika, p\u00e9nz\u00fcgyi ellen\u0151rz\u00e9s.<br \/>2. Bels\u0151 piac: \u00e1ruk, szem\u00e9lyek, szolg\u00e1ltat\u00e1sok \u00e9s t\u0151ke szabad \u00e1raml\u00e1sa, versenyjog, szellemi tulajdon.<br \/>3. Versenyk\u00e9pess\u00e9g \u00e9s n\u00f6veked\u00e9s: digit\u00e1lis \u00e1t\u00e1ll\u00e1s, gazdas\u00e1gpolitika, szoci\u00e1lpolitika, oktat\u00e1s, ipar.<br \/>4. Z\u00f6ld menetrend \u00e9s fenntarthat\u00f3 \u00f6sszek\u00f6ttet\u00e9s: k\u00f6rnyezetv\u00e9delem, k\u00f6zleked\u00e9s, energia, transzeur\u00f3pai h\u00e1l\u00f3zatok.<br \/>5. Er\u0151forr\u00e1sok, mez\u0151gazdas\u00e1g \u00e9s koh\u00e9zi\u00f3: \u00e9lelmiszer-biztons\u00e1g, hal\u00e1szat, region\u00e1lis politika, k\u00f6lts\u00e9gvet\u00e9si rendelkez\u00e9sek.<br \/>6. K\u00fcls\u0151 kapcsolatok: k\u00fclkapcsolatok, valamint a k\u00f6z\u00f6s k\u00fcl-, biztons\u00e1g- \u00e9s v\u00e9delempolitika<\/p>\n<p>Szerint\u00fck a Magyar-korm\u00e1ny val\u00f3sz\u00edn\u0171leg az\u00e9rt nem j\u00e1rult hozz\u00e1 valamennyi t\u00e1rgyal\u00e1si fejezet megnyit\u00e1s\u00e1hoz, mert t\u00fal\u00e9rt\u00e9keli az el\u0151z\u0151 korm\u00e1nyzat propagand\u00e1j\u00e1nak hat\u00e1s\u00e1t, \u00e9s tart a k\u00f6zv\u00e9lem\u00e9ny reakci\u00f3j\u00e1t\u00f3l. Emellett nem akar mun\u00edci\u00f3t adni az ellenz\u00e9knek a korm\u00e1ny t\u00e1mad\u00e1s\u00e1ra, \u00e9s az is elk\u00e9pzelhet\u0151, hogy Budapest a Magyarorsz\u00e1gnak j\u00e1r\u00f3 EU-s p\u00e9nzek kifizet\u00e9s\u00e9t akarja biztos\u00edtani ezzel a politik\u00e1val \u2013 tett\u00e9k hozz\u00e1.<\/p>\n<p>Kijev szerint Ukrajna t\u00f6bb gesztust is tett az ut\u00f3bbi id\u0151ben \u2013 a jelenlegi nagyk\u00f6vet kinevez\u00e9s\u00e9vel, vagy azzal, hogy a k\u00f6vets\u00e9g diplomat\u00e1i \u00e9vek \u00f3ta szorgalmazz\u00e1k a k\u00e9toldal\u00fa kapcsolatok rendez\u00e9s\u00e9t \u2013 s most Ukrajn\u00e1ban arra v\u00e1rnak, kit nevez ki a korm\u00e1ny kijevi magyar nagyk\u00f6vetnek. \u201eEz egy teszt lesz, a t\u00f6bbi szomsz\u00e9dos \u00e1llam nyugatias be\u00e1ll\u00edtotts\u00e1g\u00fa. EU-p\u00e1rti diplomat\u00e1kat k\u00fcld\u00f6tt\u201d \u2013 magyar\u00e1zt\u00e1k. Ukrajna azt szeretn\u00e9 el\u00e9rni, hogy szomsz\u00e9djai saj\u00e1t ter\u00fck r\u00e9sz\u00e9nek tekints\u00e9k az orsz\u00e1got, s ez\u00e9rt Kijev \u00fajabb kezdem\u00e9nyez\u00e9sekkel \u00e1ll el\u0151: \u00e1tveszi a soros eln\u00f6ki tisztet a k\u00f6z\u00e9p-eur\u00f3pai Kezdem\u00e9nyez\u00e9s (KEK) csoportban, \u00e9s hamarosan meghirdeti a maga K\u00e1rp\u00e1t-medencei Kezdem\u00e9nyez\u00e9s nev\u0171 projektj\u00e9t is.<\/p>\n<p>K\u00f6zben az is igaz, hogy a magyar korm\u00e1ny valamennyi szinten megv\u00e1ltoztatta kommunik\u00e1ci\u00f3j\u00e1t. \u201eNem azt halljuk, hogy valaki, de nem tudjuk, ki, megt\u00e1madta az Ukrajna nev\u0171 ter\u00fcletet, a senki f\u00f6ldj\u00e9t. A propaganda le\u00e1ll\u00edt\u00e1sa persze nek\u00fcnk is nagyon fontos, mert nem akarunk hazugs\u00e1gokat olvasni magunkr\u00f3l, de ez a magyarok \u00e9rdek\u00e9ben is \u00e1ll, mert visszat\u00e9rt\u00fcnk a realit\u00e1sokhoz, azaz ahhoz, hogy nem vagyunk egym\u00e1s ellens\u00e9gei, \u00e9s nem jelent\u00fcnk vesz\u00e9lyt a m\u00e1sik orsz\u00e1gra\u201d \u2013\u00a0magyar\u00e1zt\u00e1k a kijevi illet\u00e9kesek.<\/p>\n<p>Magyarorsz\u00e1g sohasem blokkolta az ukr\u00e1n mez\u0151gazdas\u00e1gi tranzitsz\u00e1ll\u00edt\u00e1sokat, s ukr\u00e1n forr\u00e1sok szerint az \u00faj korm\u00e1ny hivatalba l\u00e9p\u00e9se \u00f3ta komoly egyeztet\u00e9sek zajlanak arr\u00f3l, hogyan lehetne n\u00f6velni a kapacit\u00e1sokat p\u00e9ld\u00e1ul a vas\u00fati infrastrukt\u00fara fejleszt\u00e9s\u00e9vel. \u201eEz Magyarorsz\u00e1g\u00e1nak is \u00e9rdeke, hiszen j\u00f6vedelmet hoz, mik\u00f6zben javul a keleti orsz\u00e1gr\u00e9sz infrastrukt\u00far\u00e1ja. Ezt ism\u00e9telgetj\u00fck: az Ukrajn\u00e1val val\u00f3 egy\u00fcttm\u0171k\u00f6d\u00e9s nemcsak j\u00f3t\u00e9konykod\u00e1s, mi azt akarjuk, hogy ez Magyarorsz\u00e1gnak is meg\u00e9rje. Lengyelorsz\u00e1g is sokat profit\u00e1l nemcsak abb\u00f3l, hogy az ukr\u00e1n menek\u00fcltek t\u00f6bb ad\u00f3t fizetnek be, mint amennyit a lengyel \u00e1llam k\u00f6lt a menek\u00fcltekre, hanem abb\u00f3l is, hogy a dolgoz\u00f3 ukr\u00e1nok hozz\u00e1j\u00e1rulnak a GDP-n\u00f6veked\u00e9s\u00e9hez\u201d \u2013 magyar\u00e1zt\u00e1k.<\/p>\n<p>Nyit\u00f3k\u00e9p: Volodomir Zelenszkij ukr\u00e1n eln\u00f6k. Fot\u00f3: AFP<\/p>\n","protected":false},"excerpt":{"rendered":"Volodimir Zelenszkij ukr\u00e1n eln\u00f6k els\u0151rend\u0171 feladatnak tartja a Magyarorsz\u00e1ghoz f\u0171z\u0151d\u0151, az Orb\u00e1n-korm\u00e1ny 16 \u00e9ve alatt m\u00e9lypontra zuhant kapcsolatok&hellip;\n","protected":false},"author":2,"featured_media":232157,"comment_status":"","ping_status":"","sticky":false,"template":"","format":"standard","meta":{"footnotes":"","_share_on_mastodon":"0"},"categories":[6],"tags":[3587,429,44,42,40,1336,43,41,12660,58,9800],"class_list":["post-232156","post","type-post","status-publish","format-standard","has-post-thumbnail","category-magyarorszag","tag-eu-csatlakozas","tag-europai-unio","tag-hu","tag-hungarian","tag-hungary","tag-kulpolitika","tag-magyar","tag-magyarorszag","tag-szomszedok-es-v4","tag-ukrajna","tag-ukran-magyar-viszony"],"share_on_mastodon":{"url":"https:\/\/pubeurope.com\/@hu\/117210609100764421","error":""},"_links":{"self":[{"href":"https:\/\/www.europesays.com\/hu\/wp-json\/wp\/v2\/posts\/232156","targetHints":{"allow":["GET"]}}],"collection":[{"href":"https:\/\/www.europesays.com\/hu\/wp-json\/wp\/v2\/posts"}],"about":[{"href":"https:\/\/www.europesays.com\/hu\/wp-json\/wp\/v2\/types\/post"}],"author":[{"embeddable":true,"href":"https:\/\/www.europesays.com\/hu\/wp-json\/wp\/v2\/users\/2"}],"replies":[{"embeddable":true,"href":"https:\/\/www.europesays.com\/hu\/wp-json\/wp\/v2\/comments?post=232156"}],"version-history":[{"count":0,"href":"https:\/\/www.europesays.com\/hu\/wp-json\/wp\/v2\/posts\/232156\/revisions"}],"wp:featuredmedia":[{"embeddable":true,"href":"https:\/\/www.europesays.com\/hu\/wp-json\/wp\/v2\/media\/232157"}],"wp:attachment":[{"href":"https:\/\/www.europesays.com\/hu\/wp-json\/wp\/v2\/media?parent=232156"}],"wp:term":[{"taxonomy":"category","embeddable":true,"href":"https:\/\/www.europesays.com\/hu\/wp-json\/wp\/v2\/categories?post=232156"},{"taxonomy":"post_tag","embeddable":true,"href":"https:\/\/www.europesays.com\/hu\/wp-json\/wp\/v2\/tags?post=232156"}],"curies":[{"name":"wp","href":"https:\/\/api.w.org\/{rel}","templated":true}]}}