{"id":232160,"date":"2026-09-04T03:30:13","date_gmt":"2026-09-04T03:30:13","guid":{"rendered":"https:\/\/www.europesays.com\/hu\/232160\/"},"modified":"2026-09-04T03:30:13","modified_gmt":"2026-09-04T03:30:13","slug":"kiderult-hogy-a-bank-of-america-menedzseret-szurta-agyon-a-times-square-en-keselo-orult","status":"publish","type":"post","link":"https:\/\/www.europesays.com\/hu\/232160\/","title":{"rendered":"Kider\u00fclt, hogy a Bank of America menedzser\u00e9t sz\u00farta agyon a Times Square-en k\u00e9sel\u0151 \u0151r\u00fclt"},"content":{"rendered":"<p>    <a href=\"https:\/\/www.europesays.com\/hu\/wp-content\/uploads\/2026\/09\/8O094tRXZrHmLuDWs.png\" class=\"uwwrama _1chu0ywg _8b6bx65\" rel=\"nofollow\"><\/p>\n<p>  <img decoding=\"async\" loading=\"lazy\" src=\"https:\/\/www.europesays.com\/hu\/wp-content\/uploads\/2026\/09\/8O094tRXZrHmLuDWs.png\"   class=\"_672m2jd _1chu0ywo ta3a4c1ey ta3a4c1aa he2knv4 ta3a4c1ey ta3a4czs\" style=\"--_672m2j6:1.62;--_672m2j5:1358px 838px\" alt=\"\"\/><\/p>\n<p>      <\/a><\/p>\n<p>\n              Az \u00e1ldozat \u00e9s gyilkosa\n            <\/p>\n<p class=\"\">\n    Kider\u00fclt, hogy a m\u00e1sodik legnagyobb USA-beli p\u00e9nzint\u00e9zet, a Bank of America egyik aleln\u00f6ke volt az a 32 \u00e9ves j\u00e1r\u00f3kel\u0151, akit egy ment\u00e1lis probl\u00e9m\u00e1kkal k\u00fczd\u0151 n\u0151 h\u00e9tf\u0151n f\u00e9nyes nappal hal\u00e1lra k\u00e9selt Manhattan legforgalmasabb keresztez\u0151d\u00e9s\u00e9ben. (Update: az aleln\u00f6k, vagyis a vice president az amerikai bankrendszerben \u00e9s a BoA-n\u00e1l is, k\u00f6z\u00e9pszint\u0171 poz\u00edci\u00f3, nem pedig a cs\u00facsvezet\u00e9s tagja. Ellent\u00e9ben b\u00e1rmely m\u00e1s t\u00edpus\u00fa c\u00e9ggel, ahol ez topmenedzseri szintet jelent.)\n  <\/p>\n<p class=\"\">\n    A t\u00e1mad\u00e1s a rend\u0151rs\u00e9g szerint teljesen v\u00e9letlenszer\u0171 \u00e9s ki nem provok\u00e1lt volt. A tettes, a 49 \u00e9ves Pamela Cisneros k\u00e9t nagy k\u00e9ssel a kez\u00e9ben t\u00e1madt neki a j\u00e1r\u00f3kel\u0151knek a Times Square-en, majd k\u00e9t ember lesz\u00far\u00e1sa ut\u00e1n nekiment a ki\u00e9rkez\u0151 rend\u0151r\u00f6knek is, akik agyonl\u0151tt\u00e9k.\n  <\/p>\n<p class=\"\">\n    Most kider\u00fclt, hogy az \u00e1ldozat egy 32 \u00e9ves n\u0151, Erin Piacenti, a BoA egyik aleln\u00f6ke &#8211; <a href=\"https:\/\/www.reuters.com\/world\/bank-america-vice-president-killed-times-square-stabbing-bloomberg-news-reports-2026-09-01\/\" target=\"_blank\" rel=\"nofollow noopener\">jelenti a Reuters.<\/a> Ezt a nagybank egy bels\u0151 k\u00f6rlevel\u00e9ben is meger\u0151s\u00edtette. A p\u00e9nzint\u00e9zet manhattani irod\u00e1ja a Times Square egyik sark\u00e1n \u00e1ll\u00f3 felh\u0151karcol\u00f3ban tal\u00e1lhat\u00f3. A t\u00e1mad\u00e1sban egy\u00e9bk\u00e9nt egy 68 \u00e9ves f\u00e9rfi is megs\u00e9r\u00fclt, de \u0151 m\u00e1r j\u00f3l van.\n  <\/p>\n","protected":false},"excerpt":{"rendered":"Az \u00e1ldozat \u00e9s gyilkosa Kider\u00fclt, hogy a m\u00e1sodik legnagyobb USA-beli p\u00e9nzint\u00e9zet, a Bank of America egyik aleln\u00f6ke volt&hellip;\n","protected":false},"author":2,"featured_media":232161,"comment_status":"","ping_status":"","sticky":false,"template":"","format":"standard","meta":{"footnotes":"","_share_on_mastodon":"0"},"categories":[8],"tags":[60870,1078,61265,42,3589,43,13970,34,61266,45849,94,93,92],"class_list":["post-232160","post","type-post","status-publish","format-standard","has-post-thumbnail","category-vilag","tag-bank-of-america","tag-bunugy","tag-erin-piacenti","tag-hungarian","tag-keseles","tag-magyar","tag-manhattan","tag-news","tag-pamela-cisneros","tag-times-square","tag-vilag","tag-world","tag-world-news"],"share_on_mastodon":{"url":"https:\/\/pubeurope.com\/@hu\/117210660144943548","error":""},"_links":{"self":[{"href":"https:\/\/www.europesays.com\/hu\/wp-json\/wp\/v2\/posts\/232160","targetHints":{"allow":["GET"]}}],"collection":[{"href":"https:\/\/www.europesays.com\/hu\/wp-json\/wp\/v2\/posts"}],"about":[{"href":"https:\/\/www.europesays.com\/hu\/wp-json\/wp\/v2\/types\/post"}],"author":[{"embeddable":true,"href":"https:\/\/www.europesays.com\/hu\/wp-json\/wp\/v2\/users\/2"}],"replies":[{"embeddable":true,"href":"https:\/\/www.europesays.com\/hu\/wp-json\/wp\/v2\/comments?post=232160"}],"version-history":[{"count":0,"href":"https:\/\/www.europesays.com\/hu\/wp-json\/wp\/v2\/posts\/232160\/revisions"}],"wp:featuredmedia":[{"embeddable":true,"href":"https:\/\/www.europesays.com\/hu\/wp-json\/wp\/v2\/media\/232161"}],"wp:attachment":[{"href":"https:\/\/www.europesays.com\/hu\/wp-json\/wp\/v2\/media?parent=232160"}],"wp:term":[{"taxonomy":"category","embeddable":true,"href":"https:\/\/www.europesays.com\/hu\/wp-json\/wp\/v2\/categories?post=232160"},{"taxonomy":"post_tag","embeddable":true,"href":"https:\/\/www.europesays.com\/hu\/wp-json\/wp\/v2\/tags?post=232160"}],"curies":[{"name":"wp","href":"https:\/\/api.w.org\/{rel}","templated":true}]}}