{"id":232192,"date":"2026-09-04T04:26:10","date_gmt":"2026-09-04T04:26:10","guid":{"rendered":"https:\/\/www.europesays.com\/hu\/232192\/"},"modified":"2026-09-04T04:26:10","modified_gmt":"2026-09-04T04:26:10","slug":"telex-50-ezer-dolgozojat-kuldi-el-a-volkswagen","status":"publish","type":"post","link":"https:\/\/www.europesays.com\/hu\/232192\/","title":{"rendered":"Telex: 50 ezer dolgoz\u00f3j\u00e1t k\u00fcldi el a Volkswagen"},"content":{"rendered":"<p><a href=\"https:\/\/telex.hu\/szerzo\/mizsur-andras\" class=\"author__avatar\" rel=\"nofollow noopener\" target=\"_blank\"><img decoding=\"async\" src=\"https:\/\/www.europesays.com\/hu\/wp-content\/uploads\/2026\/09\/1788495970_466__JO_2834_avatar@4x.jpg\" alt=\"Mizsur Andr\u00e1s\" class=\"avatar\" loading=\"lazy\"\/><\/a><\/p>\n<p>\u00c1ll\u00edtsd be a Telexet megb\u00edzhat\u00f3 forr\u00e1snak!<\/p>\n<p>Az er\u0151s\u00f6d\u0151 k\u00ednai verseny \u00e9s az amerikai v\u00e1mok miatt k\u00fcszk\u00f6d\u0151 Volkswagen-csoport cs\u00fct\u00f6rt\u00f6k este jelentette be, hogy megsz\u00fcntetnek 50 ezer munkahelyet, a j\u00e1rm\u0171v\u00e1laszt\u00e9kukat pedig a fel\u00e9re v\u00e1gj\u00e1k vissza, \u00edrja a <a href=\"https:\/\/edition.cnn.com\/2026\/09\/03\/business\/volkswagen-jobs-cuts\" target=\"_blank\" rel=\"nofollow noopener\">CNN<\/a>. Konkr\u00e9t l\u00e9tsz\u00e1mle\u00e9p\u00edt\u00e9seket vagy gy\u00e1rbez\u00e1r\u00e1sokat nem k\u00f6z\u00f6ltek, csup\u00e1n annyit kommunik\u00e1ltak, hogy a n\u00e9metorsz\u00e1gi gy\u00e1raiknak 500 ezer j\u00e1rm\u0171re vonatkoz\u00f3an vannak t\u00f6bbletkapacit\u00e1saik.<\/p>\n<p>A n\u00e9met aut\u00f3gy\u00e1rt\u00f3 az elm\u00falt \u00e9vekben t\u00f6bb ezer n\u00e9metorsz\u00e1gi dolgoz\u00f3j\u00e1t k\u00fcldte el: a legfrissebb p\u00e9nz\u00fcgyi jelent\u00e9se szerint id\u00e9n j\u00faliusban 254 ezer n\u00e9metorsz\u00e1gi alkalmazottjuk volt, ez a sz\u00e1m h\u00e1rom \u00e9ve m\u00e9g 275 ezer volt. A j\u00e1rm\u0171v\u00e1laszt\u00e9k cs\u00f6kkent\u00e9s\u00e9t\u0151l azt v\u00e1rj\u00e1k, hogy a l\u00e9p\u00e9s \u201emodellenk\u00e9nt nagyobb darabsz\u00e1mot, alacsonyabb k\u00f6lts\u00e9geket \u00e9s er\u0151sebb m\u00e9retgazdas\u00e1goss\u00e1got\u201d eredm\u00e9nyez majd.<\/p>\n<p>A Volkswagen 2030-ig <a href=\"https:\/\/telex.hu\/gazdasag\/2026\/07\/10\/volkswagen-koltsegcsokkentes-leepites-megszoritas\" class=\"\" rel=\"nofollow noopener\" target=\"_blank\">100 ezer f\u0151s le\u00e9p\u00edt\u00e9st akart v\u00e9grehajtani<\/a>, \u00e9s n\u00e9gy n\u00e9metorsz\u00e1gi gy\u00e1r bez\u00e1r\u00e1sa is felmer\u00fclt, ami komoly tiltakoz\u00e1st v\u00e1ltott ki a szakszervezetek r\u00e9sz\u00e9r\u0151l. A Volkswagen csoport 10 m\u00e1rk\u00e1ja N\u00e9metorsz\u00e1gban 650 ezer, vil\u00e1gszerte pedig 3 milli\u00f3 embert foglalkoztat. A <a href=\"https:\/\/telex.hu\/g7\/vallalat\/2026\/06\/18\/nemet-autoipar-bmw-mercedes-volkswagen-profitcsokkenes-elbocsatasok\" class=\"\" rel=\"nofollow noopener\" target=\"_blank\">Volkswagen mellett a BMW, a Mercedes-Benz is neh\u00e9z helyzetben van<\/a> \u00e9s cs\u00f6kkentette a 2026-os profitv\u00e1rakoz\u00e1sait.<\/p>\n<p>Partnereinkt\u0151l<\/p>\n<p>\u00c1ll\u00edtsd be a Telexet megb\u00edzhat\u00f3 forr\u00e1snak!<\/p>\n<p>K\u00f6vess minket Facebookon is!<\/p>\n<p> Tov\u00e1bbi \u00e9l\u0151 \u00e1rfolyamok! <\/p>\n","protected":false},"excerpt":{"rendered":"\u00c1ll\u00edtsd be a Telexet megb\u00edzhat\u00f3 forr\u00e1snak! Az er\u0151s\u00f6d\u0151 k\u00ednai verseny \u00e9s az amerikai v\u00e1mok miatt k\u00fcszk\u00f6d\u0151 Volkswagen-csoport cs\u00fct\u00f6rt\u00f6k&hellip;\n","protected":false},"author":2,"featured_media":232193,"comment_status":"","ping_status":"","sticky":false,"template":"","format":"standard","meta":{"footnotes":"","_share_on_mastodon":"0"},"categories":[8],"tags":[63,42,104,264,43,271,34,1278,94,2159,2689,93,92],"class_list":["post-232192","post","type-post","status-publish","format-standard","has-post-thumbnail","category-vilag","tag-gazdasag","tag-hungarian","tag-kina","tag-leepites","tag-magyar","tag-nemetorszag","tag-news","tag-vamok","tag-vilag","tag-volkswagen","tag-volkswagen-konszern","tag-world","tag-world-news"],"share_on_mastodon":{"url":"https:\/\/pubeurope.com\/@hu\/117210879799941991","error":""},"_links":{"self":[{"href":"https:\/\/www.europesays.com\/hu\/wp-json\/wp\/v2\/posts\/232192","targetHints":{"allow":["GET"]}}],"collection":[{"href":"https:\/\/www.europesays.com\/hu\/wp-json\/wp\/v2\/posts"}],"about":[{"href":"https:\/\/www.europesays.com\/hu\/wp-json\/wp\/v2\/types\/post"}],"author":[{"embeddable":true,"href":"https:\/\/www.europesays.com\/hu\/wp-json\/wp\/v2\/users\/2"}],"replies":[{"embeddable":true,"href":"https:\/\/www.europesays.com\/hu\/wp-json\/wp\/v2\/comments?post=232192"}],"version-history":[{"count":0,"href":"https:\/\/www.europesays.com\/hu\/wp-json\/wp\/v2\/posts\/232192\/revisions"}],"wp:featuredmedia":[{"embeddable":true,"href":"https:\/\/www.europesays.com\/hu\/wp-json\/wp\/v2\/media\/232193"}],"wp:attachment":[{"href":"https:\/\/www.europesays.com\/hu\/wp-json\/wp\/v2\/media?parent=232192"}],"wp:term":[{"taxonomy":"category","embeddable":true,"href":"https:\/\/www.europesays.com\/hu\/wp-json\/wp\/v2\/categories?post=232192"},{"taxonomy":"post_tag","embeddable":true,"href":"https:\/\/www.europesays.com\/hu\/wp-json\/wp\/v2\/tags?post=232192"}],"curies":[{"name":"wp","href":"https:\/\/api.w.org\/{rel}","templated":true}]}}