{"id":232200,"date":"2026-09-04T04:40:13","date_gmt":"2026-09-04T04:40:13","guid":{"rendered":"https:\/\/www.europesays.com\/hu\/232200\/"},"modified":"2026-09-04T04:40:13","modified_gmt":"2026-09-04T04:40:13","slug":"index-kulfold-magyarorszag-beallt-a-nyugati-fosodorba-de-meg-kerdes-mit-nyer-vele","status":"publish","type":"post","link":"https:\/\/www.europesays.com\/hu\/232200\/","title":{"rendered":"Index &#8211; K\u00fclf\u00f6ld &#8211; Magyarorsz\u00e1g be\u00e1llt a nyugati f\u0151sodorba, de m\u00e9g k\u00e9rd\u00e9s, mit nyer vele"},"content":{"rendered":"<p>Ez az Index Vil\u00e1gj\u00e1tszma c\u00edm\u0171 geopolitikai rovata, amelyben rendszeresen elemz\u00e9sekkel jelentkez\u00fcnk a nemzetk\u00f6zi politika \u00e9s a konfliktusok legfontosabb fejlem\u00e9nyeir\u0151l. Elemz\u0151k seg\u00edtenek \u00e9rtelmezni a glob\u00e1lis folyamatokat, a nagyhatalmi \u00e9rdekeket \u00e9s azok vil\u00e1gpolitik\u00e1ra gyakorolt hat\u00e1sait.<\/p>\n<p>                        <img decoding=\"async\" id=\"kep_szerkfoto_image_71381009\" src=\"https:\/\/www.europesays.com\/hu\/wp-content\/uploads\/2026\/09\/71381009_3d9a048c82c04cbe26ba8b5d4309edad_wm.jpg\" loading=\"lazy\" alt=\"Magyar P\u00e9ter \u00e9s Manfred Weber\" data-image_width=\"727\" data-image_height=\"485\"\/>Magyar P\u00e9ter \u00e9s Manfred Weber<\/p>\n<p>Fot\u00f3: Magyar P\u00e9ter \/ Facebook<\/p>\n<p>Kosztur Andr\u00e1s geopolitikai elemz\u0151t arr\u00f3l k\u00e9rdezt\u00fck, hogy vannak-e m\u00e1r k\u00e9zzelfoghat\u00f3 eredm\u00e9nyei az \u00faj korm\u00e1ny k\u00fclpolitik\u00e1j\u00e1nak, \u00e9s mik\u00e9nt v\u00e1ltozott Magyarorsz\u00e1g nemzetk\u00f6zi \u00e9rdek\u00e9rv\u00e9nyes\u00edt\u0151 k\u00e9pess\u00e9ge. Arr\u00f3l is sz\u00f3 volt, hogy a hat\u00e1rozottabb nyugati orient\u00e1ci\u00f3 sz\u0171k\u00edtheti-e az orsz\u00e1g k\u00fclpolitikai mozg\u00e1ster\u00e9t, mik\u00e9nt egyeztethet\u0151 \u00f6ssze az euroatlanti igazod\u00e1s a k\u00ednai gazdas\u00e1gi kapcsolatok meg\u0151rz\u00e9s\u00e9vel, valamint milyen lehet\u0151s\u00e9gei maradnak Magyarorsz\u00e1gnak Oroszorsz\u00e1g \u00e9s t\u00e1gabban a Kelet fel\u00e9.<\/p>\n<p>                        A j\u00f3tanul\u00f3s\u00e1gnak \u00e1ra van, vizsg\u00e1zik a magyar k\u00fclpolitika<\/p>\n<p>A Tisza-korm\u00e1ny egyik legfontosabb k\u00fclpolitikai c\u00e9ljak\u00e9nt fogalmazta meg, hogy Magyarorsz\u00e1got \u201evisszaintegr\u00e1lja\u201d az Eur\u00f3pai Uni\u00f3 \u00e9s a NATO f\u0151sodr\u00e1ba. Orb\u00e1n Anita minisztereln\u00f6k-helyettes \u00e9s k\u00fcl\u00fcgyminiszter kor\u00e1bban \u00fagy is fogalmazott, hogy vissza\u00e9p\u00edtik Magyarorsz\u00e1g tekint\u00e9ly\u00e9t a nyugati sz\u00f6vets\u00e9gi rendszerekben. Nemr\u00e9giben pedig az ATV Egyenes besz\u00e9d c\u00edm\u0171 m\u0171sor\u00e1ban <a href=\"https:\/\/index.hu\/belfold\/2026\/08\/24\/orban-anita-kulugyminiszterium-atvilagitas-diplomatautlevel-visszahivas\/\" id=\"hyperlink_094c12871610e600e02e857540d67628\" target=\"_blank\" title=\"Durva \u00e1tvil\u00e1g\u00edt\u00e1s a K\u00fcl\u00fcgyminiszt\u00e9riumban, 1400 diplomata-\u00fatlevelet vontak vissza\" data-recommendation=\"bekezdes_utan\" data-recommendation-preview=\"{&quot;og:title&quot;:&quot;Durva \u00e1tvil\u00e1g\u00edt\u00e1s a K\u00fcl\u00fcgyminiszt\u00e9riumban, 1400 diplomata-\u00fatlevelet vontak vissza&quot;,&quot;og:description&quot;:&quot;Orb\u00e1n Anita szerint Szijj\u00e1rt\u00f3 P\u00e9ter kapcsolata a BYD-val nemzetbiztons\u00e1gi probl\u00e9ma.&quot;,&quot;og:image&quot;:&quot;\\\/\\\/kep.cdn.indexvas.hu\\\/1\\\/0\\\/7049\\\/70499\\\/704998\\\/70499885_5200763_3d778bd70fdbc054bc2c40eee5d816c2_wm.jpg&quot;}\" data-recommendation-id=\"6267271\" rel=\"nofollow noopener\">kijelentette<\/a>, hogy \u201eMagyarorsz\u00e1g \u00fajra visszat\u00e9rt a sz\u00f6vets\u00e9gi rendszer\u00e9be\u201d.<\/p>\n<p>Magyarorsz\u00e1g szervezeti tags\u00e1ga eddig is fenn\u00e1llt az Eur\u00f3pai Uni\u00f3ban \u00e9s a NATO-ban, ez\u00e9rt Kosztur Andr\u00e1s szerint a visszaintegr\u00e1l\u00e1s, a vissza\u00e9p\u00edt\u00e9s \u00e9s a visszat\u00e9r\u00e9s kifejez\u00e9seket legink\u00e1bb \u00fagy lehet \u00e9rtelmezni, hogy az \u00faj k\u00fclpolitikai szeml\u00e9let abb\u00f3l indul ki, hogy l\u00e9tezik egy, a tag\u00e1llamokon k\u00edv\u00fcl \u00e1ll\u00f3 k\u00f6z\u00f6s eur\u00f3pai \u00e1ll\u00e1spont, amelyhez igazodni kell. A r\u00e9sz\u00e9rdekek \u00f6sszeegyeztet\u00e9s\u00e9re pedig legfeljebb ezen bel\u00fcl ny\u00edlhat lehet\u0151s\u00e9g.<\/p>\n<p>Ez a k\u00fclpolitikai felfog\u00e1s arra \u00e9p\u00fcl, hogy Magyarorsz\u00e1g kis szerepl\u0151 a sz\u00f6vets\u00e9gi rendszerein, vagyis az Eur\u00f3pai Uni\u00f3n \u00e9s a NATO-n bel\u00fcl. Ennek elfogad\u00e1s\u00e1val azonban j\u00f3tanul\u00f3k\u00e9nt el\u0151ny\u00f6kh\u00f6z juthat mindk\u00e9t szervezetben<\/p>\n<p>\u2013 fogalmazott az elemz\u0151.<\/p>\n<p>\u00dagy v\u00e9li, az uni\u00f3s forr\u00e1sok hazahozatala lehet ennek az \u00faj szeml\u00e9letnek az els\u0151 pr\u00f3bak\u00f6ve. Ha ez megval\u00f3sulna, a magyar t\u00e1rsadalom jelent\u0151s r\u00e9sze sz\u00e1m\u00e1ra pillanatnyilag igazolhatn\u00e1 a felfog\u00e1s l\u00e9tjogosults\u00e1g\u00e1t. Kosztur Andr\u00e1s hozz\u00e1tette, hossz\u00fa t\u00e1von ugyanakkor k\u00e9rd\u00e9ses, hov\u00e1 vezet ez a politika, \u00e9s mi t\u00f6rt\u00e9nik akkor, ha az \u00f6sszeur\u00f3pai f\u0151sodor \u00e9s a magyar \u00e9rdek \u00e9lesen \u00fctk\u00f6zik, mint p\u00e9ld\u00e1ul az orosz energiahordoz\u00f3k j\u00f6v\u0151 \u00e9vi kivezet\u00e9se eset\u00e9ben.<\/p>\n<p>Az elemz\u0151 szerint, ha az eur\u00f3pai f\u0151sodorhoz val\u00f3 igazod\u00e1st \u00e9s az ez\u00e9rt begy\u0171jt\u00f6tt v\u00e1llvereget\u00e9seket \u00f6nmag\u00e1ban nem tekintj\u00fck eredm\u00e9nynek, akkor k\u00e9t k\u00fclpolitikai sikerr\u0151l besz\u00e9lt eddig az \u00faj korm\u00e1ny. \u201eK\u00f6zelebbr\u0151l megvizsg\u00e1lva azonban mindkett\u0151 meglehet\u0151sen k\u00e9rd\u0151jelesnek t\u0171nik\u201d \u2013 jegyezte meg.<\/p>\n<p>Az egyik az uni\u00f3s p\u00e9nzek hazahozatala, amelyekkel kapcsolatban elvi meg\u00e1llapod\u00e1s sz\u00fcletett, a magyar parlament ennek megfelel\u0151en t\u00f6rv\u00e9nyeket is alkotott, ugyanakkor gyakorlati eredm\u00e9nyek legkor\u00e1bban \u0151szt\u0151l v\u00e1rhat\u00f3k.<\/p>\n<p>A m\u00e1sik a k\u00e1rp\u00e1taljai magyars\u00e1g jogaival kapcsolatos meg\u00e1llapod\u00e1s, aminek konkr\u00e9t tartalma azonban nem ismert, \u00e9s Ukrajn\u00e1ban eddig nem sz\u00fcletett ezzel kapcsolatos t\u00f6rv\u00e9nym\u00f3dos\u00edt\u00e1s vagy rendelkez\u00e9s. \u201eTeh\u00e1t j\u00f3 es\u00e9llyel itt is egy elvi meg\u00e1llapod\u00e1sr\u00f3l lehet sz\u00f3, amelyet Ukrajna a csatlakoz\u00e1si t\u00e1rgyal\u00e1sok sor\u00e1n, annak halad\u00e1sa f\u00fcggv\u00e9ny\u00e9ben tervez v\u00e9grehajtani, m\u00e1r ha sz\u00e1mon k\u00e9rik rajtuk\u201d \u2013 v\u00e9lekedett Kosztur Andr\u00e1s.<\/p>\n<p>Kedden a Kyiv Post <a href=\"https:\/\/index.hu\/kulfold\/2026\/09\/02\/ukjrana-europai-unio-csatlakozas-magyarorszag-veto-blokkolas\/\" id=\"hyperlink_5799b5800d2c31201057e6ff59ea3f83\" target=\"_blank\" title=\"\u00dajabb v\u00e9t\u00f3 Br\u00fcsszelben, Magyarorsz\u00e1g harmadszor is meg\u00e1ll\u00edtotta Ukrajna EU-csatlakoz\u00e1s\u00e1t\" rel=\"nofollow noopener\">arr\u00f3l sz\u00e1molt be<\/a>, hogy Magyarorsz\u00e1g imm\u00e1r harmadszor is megakad\u00e1lyozta Ukrajna EU-csatlakoz\u00e1si folyamat\u00e1t, \u00e9s csak akkor hajland\u00f3 visszavonni kifog\u00e1s\u00e1t, ha Kijev el\u0151rel\u00e9p\u00e9st mutat az orsz\u00e1g magyar kisebbs\u00e9ge jogainak v\u00e9delme ter\u00e9n. Az Ukrajinszka Pravda szint\u00e9n err\u0151l \u00edrt.<\/p>\n<p>Cs\u00fct\u00f6rt\u00f6k\u00f6n a Kultur\u00e1lis Diplom\u00e1ciai \u00c9rtekezleten Orb\u00e1n Anita <a href=\"https:\/\/index.hu\/belfold\/2026\/09\/03\/orban-anita-ukrajna-eu-csatlakozas-targyalas-veto-magyar-kisebbsegi-jogok\/\" id=\"hyperlink_504283049a88b2bb65938a3cf5678847\" target=\"_blank\" title=\"Orb\u00e1n Anita elmondta, mit v\u00e1rnak el Ukrajn\u00e1t\u00f3l, hogy a korm\u00e1ny el\u00e1lljon a v\u00e9t\u00f3j\u00e1t\u00f3l\" rel=\"nofollow noopener\">azt mondta<\/a>, a korm\u00e1ny azt v\u00e1rja Kijevt\u0151l, hogy hajtsa v\u00e9gre a j\u00faniusban kit\u00e1rgyalt kisebbs\u00e9gi meg\u00e1llapod\u00e1sokat, amelyek a magyar nemzetis\u00e9g oktat\u00e1si, kultur\u00e1lis \u00e9s politikai k\u00e9pviseleti jogait biztos\u00edtj\u00e1k. A k\u00fcl\u00fcgyminiszter hozz\u00e1tette, hogy inform\u00e1ci\u00f3ik szerint az ukr\u00e1n korm\u00e1ny m\u00e1r kidolgozta a sz\u00fcks\u00e9ges t\u00f6rv\u00e9nytervezetet.<\/p>\n<p>                        A mosolydiplom\u00e1cia m\u00e1r nem el\u00e9g<\/p>\n<p>\u201eDiplom\u00e1ciai nagy\u00fczem\u201d \u2013 k\u00f6z\u00f6lte Magyar P\u00e9ter minisztereln\u00f6k a Facebook-oldal\u00e1n, miut\u00e1n Ant\u00f3nio Cost\u00e1t, az Eur\u00f3pai Tan\u00e1cs eln\u00f6k\u00e9t <a href=\"https:\/\/index.hu\/belfold\/2026\/09\/02\/magyar-peter-antonio-costa-talalkozo-europai-unio-koltsegvetes-buntetes-migracio-ceuta-bovites-hozzaallas\/\" id=\"hyperlink_64f3b8b394c9b65db2f049323c3b6ebb\" target=\"_blank\" title=\"Magyar P\u00e9ter t\u00e1rgyalt az Eur\u00f3pai Tan\u00e1cs eln\u00f6k\u00e9vel, a napi egymilli\u00f3 eur\u00f3s b\u00fcntet\u00e9s is t\u00e9ma volt\" rel=\"nofollow noopener\">fogadta<\/a> Budapesten. A h\u00e9ten Manfred Weber, az Eur\u00f3pai N\u00e9pp\u00e1rt eln\u00f6ke is Magyarorsz\u00e1gra <a href=\"https:\/\/index.hu\/belfold\/2026\/09\/02\/magyar-peter-manfred-weber-europai-neppart-budapest\/\" id=\"hyperlink_c001b647d935ad9c8ee06ccd1bd1d40f\" target=\"_blank\" title=\"Manfred Weber el\u00e1rulta Magyar P\u00e9ternek, hogy nehezen \u00e9lte meg az Orb\u00e1n Viktor s\u00e9rtetts\u00e9g\u00e9b\u0151l fakad\u00f3 lej\u00e1rat\u00e1sokat\" rel=\"nofollow noopener\">l\u00e1togatott<\/a>. A korm\u00e1nyf\u0151 t\u00e1j\u00e9koztat\u00e1sa szerint mindk\u00e9t tal\u00e1lkoz\u00f3n t\u00e9ma volt, hogy v\u00e9gre siker\u00fclj\u00f6n megold\u00e1st tal\u00e1lni arra, hogy Magyarorsz\u00e1gnak ne kelljen napi egymilli\u00f3 eur\u00f3s b\u00edrs\u00e1got fizetnie az eur\u00f3pai k\u00fcls\u0151 hat\u00e1rok v\u00e9delmekor alkalmazott menek\u00fclt\u00fcgyi szab\u00e1lyok miatt. A Tisza-korm\u00e1ny a tov\u00e1bbiakban is megv\u00e9den\u00e9 az Eur\u00f3pai Uni\u00f3 k\u00f6z\u00f6s hat\u00e1rait, \u00e9s az eddig kiszabott b\u00edrs\u00e1g j\u00f3v\u00e1\u00edr\u00e1s\u00e1t fogja k\u00e9rni az \u00faj uni\u00f3s k\u00f6lts\u00e9gvet\u00e9s t\u00e1rgyal\u00e1sakor. Magyar P\u00e9ter az Eur\u00f3pai Tan\u00e1cs eln\u00f6k\u00e9nek azt is lesz\u00f6gezte, hogy Magyarorsz\u00e1g egyik tagjel\u00f6lt orsz\u00e1g eset\u00e9ben sem t\u00e1mogatja a gyors\u00edtott csatlakoz\u00e1si elj\u00e1r\u00e1st.<\/p>\n<p>Kov\u00e1cs J\u00e1nos politikai elemz\u0151, Az elemz\u0151 szem\u00e9vel Facebook-oldal szerz\u0151je szerint most, hogy Magyar P\u00e9ter \u2013 egyes kritikusainak \u00e1ll\u00edt\u00e1s\u00e1ra r\u00e1c\u00e1folva \u2013 \u201ediplom\u00e1ciai nagy\u00fczembe\u201d kezdett, m\u00e9g nagyobb v\u00e1laszt\u00f3i elv\u00e1r\u00e1sok \u00f6vezhetik a tal\u00e1lkoz\u00f3k \u00e9rdemi eredm\u00e9nyeit. \u201eA mosolydiplom\u00e1ci\u00e1\u00e9rt j\u00e1r\u00f3 szimbolikus v\u00e1llvereget\u00e9s nyilv\u00e1nval\u00f3an m\u00e1r nem elegend\u0151; a hangs\u00faly nem a megfelel\u00e9sen, az \u00bb\u00e9ltanul\u00f3\u00ab szerep felv\u00e9tel\u00e9n vagy \u00e9pp a \u00bbh\u00e1zi feladatok\u00ab teljes\u00edt\u00e9s\u00e9n van, hanem azon, hogy mindez p\u00e9nzben, fejl\u0151d\u00e9sben m\u00e9rhet\u0151en mennyire \u00e9ri meg az orsz\u00e1gnak; mennyiben ny\u00fajt m\u00e1st, t\u00f6bbet, mint az orb\u00e1ni k\u00fcl\u00f6nutass\u00e1g\u201d \u2013 fogalmazott <a href=\"https:\/\/www.facebook.com\/azelemzoszemevel\/posts\/pfbid0ZRZ8Ex2gdquqRDZrDV4HB5LKT7bbZdVqUT2YkouAmZBXFunfjSYjNWoYTrDn7QCXl\" id=\"hyperlink_b0b057fd51c4af56e33359505bc6fffa\" rel=\"nofollow noopener\" target=\"_blank\">r\u00f6vid elemz\u00e9s\u00e9ben<\/a> Kov\u00e1cs J\u00e1nos.<\/p>\n<p>                        Magyarorsz\u00e1g K\u00edna \u00fcgy\u00e9ben is be\u00e1llhat a sorba<\/p>\n<p>Az Orb\u00e1n-korm\u00e1ny k\u00fclpolitik\u00e1j\u00e1nak egyik alapvet\u00e9se volt, hogy Magyarorsz\u00e1g egyszerre pr\u00f3b\u00e1ljon j\u00f3 kapcsolatokat fenntartani Washingtonnal, Moszkv\u00e1val \u00e9s Pekinggel, mik\u00f6zben a <a href=\"https:\/\/index.hu\/belfold\/2023\/12\/13\/orban-balazs-huszarvagas-magyarorszag-strategia-orban-viktor-kormany-geopolitika-kulpolitika\/\" id=\"hyperlink_bf709ddbac86997c4c8fd108c6b1e9e7\" target=\"_blank\" title=\"Husz\u00e1rv\u00e1g\u00e1s a magyar strat\u00e9gia, J\u00e1nos vit\u00e9z p\u00e9ld\u00e1t mutat\" rel=\"nofollow noopener\">konnektivit\u00e1s<\/a> jegy\u00e9ben keleten is partnereket keresett \u00e9s gazdas\u00e1gi kapcsolatokat \u00e9p\u00edtett. A Tisza-korm\u00e1ny ett\u0151l elt\u00e9r\u0151 k\u00fclpolitikai ir\u00e1nyvonalat k\u00f6vet. Kosztur Andr\u00e1s \u00fagy l\u00e1tja, hogy<\/p>\n<p>az \u00faj kabinet l\u00e9nyeg\u00e9ben kiszervezi a glob\u00e1lis er\u0151k\u00f6zpontokkal val\u00f3 kapcsolattart\u00e1st az uni\u00f3s int\u00e9zm\u00e9nyeknek, \u00e9s az Eur\u00f3pai Uni\u00f3ra b\u00edzza az ezekhez f\u0171z\u0151d\u0151 viszony alak\u00edt\u00e1s\u00e1t is.<\/p>\n<p>Az elemz\u0151 arra is r\u00e1mutatott, hogy Br\u00fcsszel t\u00f6bb\u00e9-kev\u00e9sb\u00e9 konfliktusos viszonyban \u00e1ll Washingtonnal, m\u00e9g ink\u00e1bb Pekinggel, legf\u0151k\u00e9ppen pedig Moszkv\u00e1val.<\/p>\n<p>Kosztur Andr\u00e1s ugyanakkor nem gondolja, hogy a magyar korm\u00e1ny a j\u00f6v\u0151ben egy\u00e1ltal\u00e1n ne tartana fenn k\u00e9toldal\u00fa kapcsolatokat ezekkel az orsz\u00e1gokkal, bizonyos k\u00e9rd\u00e9sekben ugyanis a k\u00f6zvetlen t\u00e1rgyal\u00e1sok tov\u00e1bbra is elengedhetetlenek lesznek. \u00dagy l\u00e1tja azonban, hogy ezeknek a kapcsolatoknak a kereteit imm\u00e1r alapvet\u0151en az hat\u00e1rozza meg, milyen viszonyt \u00e1pol az Eur\u00f3pai Uni\u00f3 az \u00e9rintett orsz\u00e1gokkal.<\/p>\n<p>\u00c9rt\u00e9kel\u00e9se alapj\u00e1n szuverenista n\u00e9z\u0151pontb\u00f3l egy\u00e9rtelm\u0171en sz\u0171k\u00fcl a magyar mozg\u00e1st\u00e9r, m\u00edg a f\u00f6deralista megk\u00f6zel\u00edt\u00e9s abb\u00f3l indul ki, hogy Magyarorsz\u00e1g a j\u00f3val nagyobb \u00e9rdek\u00e9rv\u00e9nyes\u00edt\u00e9si er\u0151vel rendelkez\u0151 Eur\u00f3pai Uni\u00f3 \u00e1ltal el\u00e9rt eredm\u00e9nyek haszon\u00e9lvez\u0151je lehet.<\/p>\n<p>\u201eEz a szeml\u00e9let b\u00e9keid\u0151ben gyakorlati el\u0151ny\u00f6kkel is j\u00e1rhatott, az Eur\u00f3pai Uni\u00f3 nemzetk\u00f6zi s\u00faly\u00e1nak cs\u00f6kken\u00e9se \u00e9s a glob\u00e1lis konfront\u00e1ci\u00f3k er\u0151s\u00f6d\u00e9se azonban ahhoz vezethet, hogy Magyarorsz\u00e1g is olyan konfliktusokba sodr\u00f3dik, amelyek ellent\u00e9tesek az \u00e9rdekeivel\u201d \u2013 figyelmeztetett az elemz\u0151.<\/p>\n<p>K\u00edna az elm\u00falt m\u00e1sf\u00e9l \u00e9vtizedben Magyarorsz\u00e1g egyik legfontosabb Eur\u00f3p\u00e1n k\u00edv\u00fcli gazdas\u00e1gi partner\u00e9v\u00e9 v\u00e1lt, \u00e9s a k\u00ednai beruh\u00e1z\u00e1sok s\u00falya az elm\u00falt \u00e9vekben tov\u00e1bb n\u00f6vekedett. A Tisza-korm\u00e1ny eddigi l\u00e9p\u00e9sei az \u00e1zsiai k\u00fclpolitika hangs\u00falyainak \u00e1trendez\u00e9s\u00e9re utalnak, mik\u00f6zben Jap\u00e1n szerepe is fel\u00e9rt\u00e9kel\u0151dni l\u00e1tszik. Orb\u00e1n Anita a napokban egyeztetett <a href=\"https:\/\/index.hu\/belfold\/2026\/09\/01\/orban-anita-japan-kulugyminiszter-talalkozo-motegi-tosimicu-megbeszeles\/\" id=\"hyperlink_98ada07e3157f9467390f1fbe914f4d9\" target=\"_blank\" title=\"Tizenh\u00e1rom \u00e9ve nem t\u00f6rt\u00e9nt ilyen, t\u00f6rt\u00e9nelmi l\u00e9p\u00e9sre sz\u00e1nta el mag\u00e1t Magyarorsz\u00e1g \u00e9s Jap\u00e1n\" data-recommendation=\"bekezdes_utan\" data-recommendation-preview=\"{&quot;og:title&quot;:&quot;Tizenh\u00e1rom \u00e9ve nem t\u00f6rt\u00e9nt ilyen, t\u00f6rt\u00e9nelmi l\u00e9p\u00e9sre sz\u00e1nta el mag\u00e1t Magyarorsz\u00e1g \u00e9s Jap\u00e1n&quot;,&quot;og:description&quot;:&quot;Jap\u00e1n k\u00fcl\u00fcgyminiszter\u00e9vel tal\u00e1lkozott Orb\u00e1n Anita.&quot;,&quot;og:image&quot;:&quot;\\\/\\\/kep.cdn.indexvas.hu\\\/1\\\/0\\\/7136\\\/71367\\\/713677\\\/71367715_5262685_26741058c88add714af484bc90f61082_wm.jpg&quot;}\" data-recommendation-id=\"6271095\" rel=\"nofollow noopener\">Motegi Tosimicu<\/a> jap\u00e1n k\u00fcl\u00fcgyminiszterrel a pozsonyi V4+Jap\u00e1n tal\u00e1lkoz\u00f3 alkalm\u00e1val. A magyar k\u00fcl\u00fcgyminiszter a megbesz\u00e9l\u00e9st k\u00f6vet\u0151en arr\u00f3l sz\u00e1molt be, hogy meg\u00e1llapodtak: a technol\u00f3gia, az innov\u00e1ci\u00f3 \u00e9s a mesters\u00e9ges intelligencia ter\u00fclet\u00e9n \u00faj egy\u00fcttm\u0171k\u00f6d\u00e9si lehet\u0151s\u00e9geket azonos\u00edtanak.<\/p>\n<p>A magyar\u2013k\u00ednai kapcsolatokra kit\u00e9rve Kosztur Andr\u00e1s r\u00e1mutatott, hogy K\u00edna gazdas\u00e1gi t\u00e9rnyer\u00e9se \u00f6sszeur\u00f3pai jelens\u00e9g, amelyet a magyar korm\u00e1ny \u00f6nmag\u00e1ban val\u00f3sz\u00edn\u0171leg sem \u00f6szt\u00f6n\u00f6zni, sem korl\u00e1tozni nem tud.<\/p>\n<p>Itt is az a f\u0151 k\u00e9rd\u00e9s, hogy mi t\u00f6rt\u00e9nik uni\u00f3s szinten. Ha a most m\u00e9g csak sz\u00f3rv\u00e1nyos k\u00f6lcs\u00f6n\u00f6s szankci\u00f3kat teljes \u00e1gazatokra is kiterjesztik, akkor ahhoz v\u00e9lhet\u0151en Budapest is alkalmazkodni fog. K\u00f6nnyen lehet azonban, hogy erre nem ker\u00fcl sor, ez ugyanis m\u00e9g jobban f\u00e1jna az EU-nak, mint az Oroszorsz\u00e1ggal szembeni szankci\u00f3k. Igaz, mindk\u00e9t esetben sz\u00e1molni kell az amerikai \u00e1ll\u00e1sponttal is, amely m\u00e9g mindig sok tekintetben meghat\u00e1rozza, hogy milyen l\u00e9p\u00e9seket tesznek az eur\u00f3pai vezet\u0151k. A l\u00e9nyeg, hogy Magyarorsz\u00e1g val\u00f3sz\u00edn\u0171leg nem k\u00e9pvisel majd k\u00fcl\u00f6nv\u00e9lem\u00e9nyt ezen a t\u00e9ren, hanem sodr\u00f3dik a t\u00f6bbiekkel<\/p>\n<p>\u2013 fejtette ki az elemz\u0151.<\/p>\n<p>                        Mi lesz az orosz olajjal \u00e9s g\u00e1zzal?<\/p>\n<p>A Tisza-korm\u00e1ny az el\u0151z\u0151 kabinethez k\u00e9pest \u00faj alapokra helyezn\u00e9 az Oroszorsz\u00e1ghoz f\u0171z\u0151d\u0151 viszonyt. Orb\u00e1n Anita \u00fagy fogalmazott, hogy Magyarorsz\u00e1g \u201epragmatikus kapcsolat\u201d kialak\u00edt\u00e1s\u00e1ra t\u00f6rekszik Oroszorsz\u00e1ggal, mik\u00f6zben az \u00faj korm\u00e1ny az orosz energiaf\u00fcgg\u0151s\u00e9g m\u00e9rs\u00e9kl\u00e9s\u00e9t \u00e9s a NATO k\u00f6z\u00f6s \u00e1ll\u00e1spontj\u00e1hoz val\u00f3 szorosabb igazod\u00e1st t\u0171zte ki c\u00e9lul. Egyel\u0151re azonban nem vil\u00e1gos, hogy ez a megk\u00f6zel\u00edt\u00e9s pontosan mit jelent a gyakorlatban, \u00e9s milyen konkr\u00e9t diplom\u00e1ciai, illetve gazdas\u00e1gpolitikai l\u00e9p\u00e9sek t\u00f6rt\u00e9ntek ennek \u00e9rdek\u00e9ben.<\/p>\n<p>Kosztur Andr\u00e1s \u00fagy v\u00e9li, hogy a k\u00f6vetkez\u0151 id\u0151szakban az Oroszorsz\u00e1ggal fenntartott kapcsolatok tov\u00e1bbi roml\u00e1s\u00e1ra, illetve minim\u00e1lis szintre cs\u00f6kken\u00e9s\u00e9re lehet sz\u00e1m\u00edtani. Nagy k\u00e9rd\u00e9snek tartja, hogy fennmaradhatnak-e a k\u0151olaj- \u00e9s f\u00f6ldg\u00e1zsz\u00e1ll\u00edt\u00e1sok, \u00e9s ha igen, meddig. Arra sz\u00e1m\u00edt, hogy Magyarorsz\u00e1g valamilyen felment\u00e9st kaphat a j\u00f6v\u0151re esed\u00e9kes tilalmak al\u00f3l, ezzel p\u00e1rhuzamosan azonban folyamatosan cs\u00f6kkenti majd az orosz energiahordoz\u00f3k ar\u00e1ny\u00e1t.<\/p>\n<p>A keleti nyit\u00e1s lehet\u0151s\u00e9ge az \u00faj korm\u00e1ny el\u0151tt is adott maradhat. Kosztur Andr\u00e1s \u00fagy l\u00e1tja, hogy a T\u00f6r\u00f6korsz\u00e1ggal \u00e9s a k\u00f6z\u00e9p-\u00e1zsiai \u00e1llamokkal kialak\u00edtott viszony minden k\u00fcl\u00f6n\u00f6sebb akad\u00e1ly n\u00e9lk\u00fcl fenntarthat\u00f3, Magyarorsz\u00e1g pedig ak\u00e1r az Eur\u00f3pai Uni\u00f3 k\u00f6zvet\u00edt\u0151jek\u00e9nt is kamatoztathatn\u00e1 az elm\u00falt \u00e9vekben ki\u00e9p\u00edtett kapcsolatrendszer\u00e9t a t\u00e9rs\u00e9gben.<\/p>\n<p>Az elemz\u0151 arra is felh\u00edvta a figyelmet, hogy a magyar sajt\u00f3 \u00e9s a k\u00f6z\u00f6ss\u00e9gi m\u00e9dia egyes szegmenseiben megjelen\u0151 \u201ek\u00f6z\u00e9p-\u00e1zsiai dikt\u00e1toroz\u00e1s\u201d \u00e9s \u201eiszt\u00e1noz\u00e1s\u201d elfedi a r\u00e9gi\u00f3 n\u00f6vekv\u0151 jelent\u0151s\u00e9g\u00e9t. Ezek az orsz\u00e1gok ugyanis komoly gazdas\u00e1gi lehet\u0151s\u00e9geket k\u00edn\u00e1lnak, \u00e9s egyre nagyobb figyelmet kapnak a vil\u00e1g meghat\u00e1roz\u00f3 gazdas\u00e1gi, illetve hatalmi k\u00f6zpontjait\u00f3l, k\u00f6zt\u00fck az Eur\u00f3pai Uni\u00f3t\u00f3l is.<\/p>\n<p>Tavaly \u00e1prilisban rendezt\u00e9k meg az els\u0151 EU\u2013K\u00f6z\u00e9p-\u00c1zsia-cs\u00facstal\u00e1lkoz\u00f3t az \u00fczbegiszt\u00e1ni Szamarkandban \u00e9s h\u00e1rom alkalommal megrendezt\u00e9k m\u00e1r az EU\u2013K\u00f6z\u00e9p-\u00c1zsia Gazdas\u00e1gi F\u00f3rumot is.<\/p>\n<p>K\u00f6z\u00e9p-\u00c1zsia \u00e9s a kauk\u00e1zusi orsz\u00e1gok jelent\u0151s\u00e9ge az ukrajnai h\u00e1bor\u00fa miatt kereskedelmi folyos\u00f3k\u00e9nt \u00e9s energetikai besz\u00e1ll\u00edt\u00f3k\u00e9nt is megn\u0151tt. A k\u00f6z\u00e9p-\u00e1zsiai \u00e9s kauk\u00e1zusi kapcsolataink alakul\u00e1sa j\u00f3l mutatja majd, hogy a magyar k\u00fclpolitika csak a sz\u00f6vets\u00e9geseinkkel val\u00f3 konfliktusok elcsendes\u00edt\u00e9s\u00e9t c\u00e9lozza, vagy t\u00e9nyleg minden fontos k\u00e9rd\u00e9sben \u00e1tadja a d\u00f6nt\u00e9si \u00e9s kapcsolat\u00e9p\u00edt\u00e9si lehet\u0151s\u00e9get a nagyoknak<\/p>\n<p>\u2013 fogalmazott Kosztur Andr\u00e1s.<\/p>\n<p>                        A d\u00e9li folyos\u00f3k jelenthetik Magyarorsz\u00e1g lehet\u0151s\u00e9g\u00e9t<\/p>\n<p>Kor\u00e1bban k\u00e9tr\u00e9szes Vil\u00e1gj\u00e1tszma-cikk\u00fcnkben (<a href=\"https:\/\/index.hu\/kulfold\/vilagjatszma\/2026\/07\/15\/vilagjatszma-magyarorszag-europa-nato-geopolitika-kulpolitika-strategia-diplomacia-kormany-oroszorszag-europai-unio\/\" id=\"hyperlink_f4cfdef7a12db603c631976e777a8276\" target=\"_blank\" title=\"A magyar korm\u00e1nyv\u00e1lt\u00e1s felgyors\u00edthat egy t\u00f6rt\u00e9nelmi geopolitikai \u00e1trendez\u0151d\u00e9st\" rel=\"nofollow noopener\">itt<\/a> \u00e9s <a href=\"https:\/\/index.hu\/kulfold\/vilagjatszma\/2026\/08\/15\/vilagjatszma-geopolitika-europa-nato-usa-oroszorszag-magyarorszag-uj-europai-iv-egyuttmukodes-integracio-gazdasag\/\" id=\"hyperlink_f6bb4d1660c5358088dcd24b928009c1\" target=\"_blank\" title=\"Olyan \u00e1trendez\u0151d\u00e9s indult el, amely Magyarorsz\u00e1g helyzet\u00e9t is megv\u00e1ltoztathatja\" rel=\"nofollow noopener\">itt<\/a>) foglalkoztunk Byrappa Ramachandra t\u00f6rt\u00e9n\u00e9sz, az ELTE B\u00f6lcs\u00e9szettudom\u00e1nyi Kar\u00e1nak adjunktusa elk\u00e9pzel\u00e9s\u00e9vel, amely szerint az \u00e9szak-eur\u00f3pai t\u00e9rs\u00e9gt\u0151l a Fekete-tengerig h\u00faz\u00f3d\u00f3, \u00e1ltala \u00daj Eur\u00f3pai \u00cdvnek nevezett geopolitikai egy\u00fcttm\u0171k\u00f6d\u00e9s k\u00f6rvonalaz\u00f3dik. Megl\u00e1t\u00e1sa szerint ez alapjaiban rajzolhatja \u00e1t a kontinens strat\u00e9giai er\u0151viszonyait. Az Indexnek \u00fagy fogalmazott, hogy K\u00f6z\u00e9p- \u00e9s Kelet-Eur\u00f3pa a kontinens \u00faj strat\u00e9giai s\u00falypontj\u00e1v\u00e1 v\u00e1lhat, Magyarorsz\u00e1g pedig a korm\u00e1nyv\u00e1lt\u00e1st k\u00f6vet\u0151en kedvez\u0151 poz\u00edci\u00f3b\u00f3l kapcsol\u00f3dhat be a form\u00e1l\u00f3d\u00f3 region\u00e1lis egy\u00fcttm\u0171k\u00f6d\u00e9sbe.<\/p>\n<p>Kosztur Andr\u00e1s szerint az \u201e\u00daj Eur\u00f3pai \u00cdv\u201d gondolata val\u00f3j\u00e1ban nem teljesen \u00faj. P\u00e1rhuzamba \u00e1ll\u00edthat\u00f3 az els\u0151 vil\u00e1gh\u00e1bor\u00fa ut\u00e1n kialak\u00edtott, Szovjet-Oroszorsz\u00e1g eur\u00f3pai befoly\u00e1s\u00e1t korl\u00e1tozni hivatott cordon sanitaire-rel, valamint a Balti-tenger \u00e9s a Fekete-tenger k\u00f6z\u00f6tti t\u00e9rs\u00e9get \u00f6sszekapcsolni k\u00edv\u00e1n\u00f3 lengyel Intermarium-koncepci\u00f3val.<\/p>\n<p>Egy ilyen \u00bb\u00edv\u00ab alapvet\u0151en oroszellenes, kor\u00e1bban pedig r\u00e9szben n\u00e9metellenes \u00e9l\u0171 volt. C\u00e9lja a n\u00e9met\u2013orosz k\u00f6zeled\u00e9s megakad\u00e1lyoz\u00e1sa volt, egyr\u00e9szt a helyi kis- \u00e9s k\u00f6zepes \u00e1llamok, m\u00e1sr\u00e9szt a nyugati, atlanti t\u00e9rs\u00e9g hatalmainak \u00e9rdek\u00e9ben. Ez most sem lenne m\u00e1sk\u00e9pp, azzal a k\u00fcl\u00f6nbs\u00e9ggel, hogy keleti viszonylatban a n\u00e9metek \u00e9s egy ilyen t\u00f6m\u00f6r\u00fcl\u00e9s k\u00f6z\u00f6tt sz\u00e1nd\u00e9kk\u00f6z\u00f6ss\u00e9g alakulna ki, \u00e9s legfeljebb a konkr\u00e9t l\u00e9p\u00e9sek anyagi vonzata okozhatna n\u00e9zetelt\u00e9r\u00e9seket. Azonban m\u00e9g ha geopolitikailag indokoltnak is tartja valaki egy ilyen \u00bbfal\u00ab kialak\u00edt\u00e1s\u00e1t Eur\u00f3pa keleti v\u00e9gein, sz\u00e1molnia kell azzal, hogy ez a felv\u00e1zolt t\u00e9rs\u00e9g val\u00f3j\u00e1ban egy\u00e1ltal\u00e1n nem alkot egys\u00e9ges r\u00e9gi\u00f3t, sem f\u00f6ldrajzilag, sem kultur\u00e1lisan, sem gazdas\u00e1gilag nincs igaz\u00e1n \u00f6sszefon\u00f3dva<\/p>\n<p>\u2013 fejtette ki az elemz\u0151.<\/p>\n<p>Kosztur Andr\u00e1s ezzel arra is utalt, hogy Byrappa Ramachandra maga is az \u00edv k\u00e9t, egym\u00e1st\u00f3l elk\u00fcl\u00f6n\u00fcl\u0151, \u00e9szaki \u00e9s d\u00e9li r\u00e9sz\u00e9r\u0151l besz\u00e9lt. Az elemz\u0151 \u00fagy l\u00e1tja, Magyarorsz\u00e1g sz\u00e1m\u00e1ra hosszabb t\u00e1von a Fekete-tenger \u00e9s a F\u00f6ldk\u00f6zi-tenger fel\u00e9 vezet\u0151 d\u00e9li ir\u00e1ny lehet fontosabb. \u00c9rt\u00e9kel\u00e9se szerint ez biztos\u00edthat er\u0151sebb kapcsol\u00f3d\u00e1st a vil\u00e1ggazdas\u00e1ghoz, miut\u00e1n a K\u00edna \u00e9s az Eur\u00f3pai Uni\u00f3 k\u00f6z\u00f6tti, folyamatosan b\u0151v\u00fcl\u0151 kereskedelmi \u00e9s k\u00f6zleked\u00e9si folyos\u00f3k egy r\u00e9sze is ezen a t\u00e9rs\u00e9gen kereszt\u00fcl halad.<\/p>\n<p><a href=\"https:\/\/dex.hu\/x.php?id=googlepref_desktop&amp;url=https:\/\/google.com\/preferences\/source?q=https:\/\/index.hu\" class=\"google-pref-banner \" id=\"googlePrefBanner\" rel=\"nofollow noopener\" target=\"_blank\"><\/p>\n<p>    Itt \u00e1ll\u00edtsa be, hogy az Index az els\u0151k k\u00f6z\u00f6tt legyen a Google-tal\u00e1latokban!<\/p>\n<p><\/a><\/p>\n<p>    <img decoding=\"async\" src=\"https:\/\/index.hu\/assets\/images\/social-follow\/logo-big.svg\" alt=\"Index.hu logo\"\/><\/p>\n<p>K\u00f6vesse az Indexet Facebookon is!<\/p>\n<p>    <a href=\"https:\/\/facebook.com\/Indexhu\" target=\"_blank\" rel=\"nofollow noopener\"><\/p>\n<p>        K\u00f6vetem!<br \/>\n    <\/a><\/p>\n","protected":false},"excerpt":{"rendered":"Ez az Index Vil\u00e1gj\u00e1tszma c\u00edm\u0171 geopolitikai rovata, amelyben rendszeresen elemz\u00e9sekkel jelentkez\u00fcnk a nemzetk\u00f6zi politika \u00e9s a konfliktusok legfontosabb&hellip;\n","protected":false},"author":2,"featured_media":232201,"comment_status":"","ping_status":"","sticky":false,"template":"","format":"standard","meta":{"footnotes":"","_share_on_mastodon":"0"},"categories":[8],"tags":[152,4106,429,42,61271,104,64,1336,43,944,103,34,5334,102,16925,94,4331,93,92],"class_list":["post-232200","post","type-post","status-publish","format-standard","has-post-thumbnail","category-vilag","tag-ce-napi","tag-diplomacia","tag-europai-unio","tag-hungarian","tag-kelet","tag-kina","tag-kulfold","tag-kulpolitika","tag-magyar","tag-magyar-peter","tag-nato","tag-news","tag-orban-anita","tag-oroszorszag","tag-tisza-kormany","tag-vilag","tag-vilagjatszma","tag-world","tag-world-news"],"share_on_mastodon":{"url":"https:\/\/pubeurope.com\/@hu\/117210935092074676","error":""},"_links":{"self":[{"href":"https:\/\/www.europesays.com\/hu\/wp-json\/wp\/v2\/posts\/232200","targetHints":{"allow":["GET"]}}],"collection":[{"href":"https:\/\/www.europesays.com\/hu\/wp-json\/wp\/v2\/posts"}],"about":[{"href":"https:\/\/www.europesays.com\/hu\/wp-json\/wp\/v2\/types\/post"}],"author":[{"embeddable":true,"href":"https:\/\/www.europesays.com\/hu\/wp-json\/wp\/v2\/users\/2"}],"replies":[{"embeddable":true,"href":"https:\/\/www.europesays.com\/hu\/wp-json\/wp\/v2\/comments?post=232200"}],"version-history":[{"count":0,"href":"https:\/\/www.europesays.com\/hu\/wp-json\/wp\/v2\/posts\/232200\/revisions"}],"wp:featuredmedia":[{"embeddable":true,"href":"https:\/\/www.europesays.com\/hu\/wp-json\/wp\/v2\/media\/232201"}],"wp:attachment":[{"href":"https:\/\/www.europesays.com\/hu\/wp-json\/wp\/v2\/media?parent=232200"}],"wp:term":[{"taxonomy":"category","embeddable":true,"href":"https:\/\/www.europesays.com\/hu\/wp-json\/wp\/v2\/categories?post=232200"},{"taxonomy":"post_tag","embeddable":true,"href":"https:\/\/www.europesays.com\/hu\/wp-json\/wp\/v2\/tags?post=232200"}],"curies":[{"name":"wp","href":"https:\/\/api.w.org\/{rel}","templated":true}]}}