{"id":232202,"date":"2026-09-04T04:41:15","date_gmt":"2026-09-04T04:41:15","guid":{"rendered":"https:\/\/www.europesays.com\/hu\/232202\/"},"modified":"2026-09-04T04:41:15","modified_gmt":"2026-09-04T04:41:15","slug":"g7-miert-fizetett-a-valasztasok-utan-is-milliardokat-a-kozmedia-a-magyar-fociert","status":"publish","type":"post","link":"https:\/\/www.europesays.com\/hu\/232202\/","title":{"rendered":"G7: Mi\u00e9rt fizetett a v\u00e1laszt\u00e1sok ut\u00e1n is milli\u00e1rdokat a k\u00f6zm\u00e9dia a magyar foci\u00e9rt?"},"content":{"rendered":"<p>K\u00f6zvetlen\u00fcl a v\u00e1laszt\u00e1s ut\u00e1n ki\u00edrtak ugyan egy p\u00e1ly\u00e1zatot a hazai futball k\u00f6zvet\u00edt\u00e9si jogaira, de ez a t\u00f6bbsz\u00f6ri hosszabb\u00edt\u00e1s ellen\u00e9re eredm\u00e9nytelen\u00fcl z\u00e1rult. A k\u00f6zm\u00e9dia \u00edgy v\u00e9g\u00fcl p\u00e1ly\u00e1zaton k\u00edv\u00fcl vette meg a jogokat szinte az utols\u00f3 pillanatban. Olcs\u00f3bban, mint eddig, de piaci szerepl\u0151k \u00e9s szak\u00e9rt\u0151k szerint m\u00e9g mindig dr\u00e1g\u00e1bban, mint amennyit re\u00e1lisan \u00e9rnek. Az elind\u00edtott, majd lef\u00fajt tender, illetve az, hogy v\u00e9g\u00fcl politikai d\u00f6nt\u00e9s sz\u00fcletett, sokak szerint nem szerencs\u00e9s, de a szektorban \u00edgy is az az \u00e1ltal\u00e1nos v\u00e9leked\u00e9s, hogy a lehet\u0151 legjobb megold\u00e1s sz\u00fcletett az \u00fcgyben. K\u00fcl\u00f6n\u00f6sen, hogy a m\u00e9ltatlan helyzetet m\u00e9g az el\u0151z\u0151 korm\u00e1ny id\u00e9zte el\u0151 v\u00e9lhet\u0151en politikai sz\u00e1nd\u00e9kkal.<\/p>\n<p>Politikai d\u00f6nt\u00e9s sz\u00fcletett<\/p>\n<p>M\u00e9g szakmai k\u00f6r\u00f6kben is okozott n\u00e9mi meglepet\u00e9st a Magyar Labdar\u00fag\u00f3 Sz\u00f6vets\u00e9g (MLSZ) <a href=\"https:\/\/szovetseg.mlsz.hu\/hir\/eredmenyesen-lezarultak-a-targyalasok-tobb-forrasbol-all-ossze-a-profi-futball-penzugyi-hattere\" target=\"_blank\" rel=\"nofollow noopener\">k\u00f6zlem\u00e9nye<\/a> a hazai \u201eprofi futball p\u00e9nz\u00fcgyi h\u00e1tter\u00e9r\u0151l\u201d. A most fut\u00f3 bajnoks\u00e1g rajtja el\u0151tt \u00e9pp egy h\u00e9ttel megjelen\u0151 dokumentumb\u00f3l ugyanis egyebek mellett az der\u00fclt ki, hogy az MLSZ \u00e1ltal szervezett sorozatok k\u00f6zvet\u00edt\u00e9si jogait ism\u00e9t az \u00e1llami m\u00e9dia v\u00e1s\u00e1rolja meg, ez\u00fattal 6 milli\u00e1rd forint\u00e9rt.<\/p>\n<p>Az \u00e9ppen \u00e1talakul\u00f3 MTVA szerepv\u00e1llal\u00e1sa ekkor m\u00e1r ink\u00e1bb csak a k\u00f6zv\u00e9lem\u00e9ny sz\u00e1m\u00e1ra lehetett furcsa, szakmai k\u00f6r\u00f6kben j\u00falius k\u00f6zep\u00e9n m\u00e1r hetek \u00f3ta biztosra vett\u00e9k, hogy a k\u00f6zm\u00e9di\u00e1n\u00e1l marad a magyar futball. A hatmilli\u00e1rd forint azonban az \u00e1gazati szerepl\u0151ket is meglepte. Az \u00f6sszeget ugyanis a t\u00f6bbs\u00e9g m\u00e9g mindig t\u00fal magasnak tartotta. El\u0151zetesen a G7-nek szak\u00e9rt\u0151k \u00e9s szektor szerepl\u0151i is nagyj\u00e1b\u00f3l 3 milli\u00e1rd forintra becs\u00fclt\u00e9k a jogok re\u00e1lis piaci \u00e9rt\u00e9k\u00e9t.<\/p>\n<p>Ehhez k\u00e9pest pedig az MTVA ism\u00e9t dupla \u00e1rat v\u00e1llalt.<\/p>\n<p>M\u00e1s k\u00e9rd\u00e9s, hogy az \u00f6sszeg \u00edgy is j\u00f3val kevesebb, mint amit a kor\u00e1bbi \u00e9vekben fizetett a k\u00f6zm\u00e9dia. A legut\u00f3bbi, 2021-ben al\u00e1\u00edrt szerz\u0151d\u00e9s ugyanis id\u00e9nyenk\u00e9nt 9,8 milli\u00e1rd forintr\u00f3l sz\u00f3lt, r\u00e1ad\u00e1sul az \u00f6sszeg \u00e9vr\u0151l \u00e9vre az infl\u00e1ci\u00f3 m\u00e9rt\u00e9k\u00e9vel emelkedett. \u00cdgy 2025-ben az MTVA m\u00e1r k\u00f6zel nett\u00f3 13 milli\u00e1rd forintot ford\u00edtott az MLSZ-keretszerz\u0151d\u00e9sre. Azaz a piac \u00e1ltal emlegetett \u00e1r dupl\u00e1ja is csak a kor\u00e1bbi \u00e9vek d\u00edj\u00e1nak a fel\u00e9re r\u00fagott.<\/p>\n<p>Az MTVA \u00e1ltal v\u00e1llalt d\u00edjn\u00e1l is nagyobb meglepet\u00e9s volt azonban a megegyez\u00e9s m\u00f3dja. Ekkor ugyanis pap\u00edron m\u00e1r k\u00e9t h\u00f3napja folyamatban volt egy p\u00e1ly\u00e1zat a jogok \u00e9rt\u00e9kes\u00edt\u00e9s\u00e9re. A k\u00f6zm\u00e9dia azonban v\u00e9g\u00fcl nem ennek az elj\u00e1r\u00e1snak a keret\u00e9ben vette meg a jogokat: az MLSZ \u00e9s az MTVA a tenderen k\u00edv\u00fcl \u00e1llapodott meg egym\u00e1ssal.<\/p>\n<p>J\u00falius k\u00f6zep\u00e9n azonban m\u00e1r nem lehetett cizell\u00e1lni a dolgokat. Mind\u00f6ssze egy h\u00e9ttel voltunk a bajnoki rajt el\u0151tt, ha pedig nem siker\u00fcl megegyezni, akkor nincsenek magyar bajnoki k\u00f6zvet\u00edt\u00e9sek. Egy ilyen kimenetel pedig senkinek nem lett volna j\u00f3, sem a csapatoknak, sem az MLSZ-nek, sem a t\u00e9v\u00e9s piacnak, de ami legal\u00e1bb ilyen fontos, a politik\u00e1nak sem.<\/p>\n<p>Pont emiatt vett\u00e9k szakmai k\u00f6r\u00f6kben az els\u0151 perct\u0151l biztosra, hogy valamif\u00e9le politikai d\u00f6nt\u00e9s sz\u00fcletett, egy olyan megold\u00e1s, amivel a felek id\u0151t tudnak nyerni.<\/p>\n<p>Ezt a te\u00f3ri\u00e1t er\u0151s\u00edtette az is, hogy a felek szigor\u00faan mind\u00f6ssze egy \u00e9vre \u00e1llapodtak meg, mik\u00f6zben az MLSZ a p\u00e1ly\u00e1zatban eredetileg enn\u00e9l hosszabb szerz\u0151d\u00e9sben gondolkodott. Az elm\u00falt hetekben sz\u00e1mos \u00e9rintettel \u00e9s a piac t\u00f6bb szerepl\u0151j\u00e9vel besz\u00e9lgett\u00fcnk arr\u00f3l, hogyan futott ki v\u00e9g\u00fcl ide a folyamat, hogyan maradtak \u2013 annak ellen\u00e9re, hogy a k\u00e9rd\u00e9s politikailag sok szempontb\u00f3l \u00e9rz\u00e9keny \u2013 m\u00e9gis s\u00falyos milli\u00e1rdok\u00e9rt az MTVA-n\u00e1l a magyar foci k\u00f6zvet\u00edt\u00e9si jogai, \u00e9s hogy mi v\u00e1rhat\u00f3 a j\u00f6v\u0151ben.<\/p>\n<p>A besz\u00e9lget\u00e9sekb\u0151l az rajzol\u00f3dott ki, hogy val\u00f3ban politikai d\u00f6nt\u00e9s sz\u00fcletett.<\/p>\n<p>A hazai futball k\u00f6zvet\u00edt\u00e9s\u00e9nek joga azonban nem most, hanem m\u00e9g tavaly v\u00e1lt a politika j\u00e1t\u00e9kszer\u00e9v\u00e9, vagy ink\u00e1bb tervezett fegyver\u00e9v\u00e9,<\/p>\n<p>\u00e9s az elm\u00falt h\u00f3napokban ennek a folyamatnak csak a v\u00e9gj\u00e1t\u00e9k\u00e1t l\u00e1thattuk. A v\u00e9geredm\u00e9ny pedig val\u00f3sz\u00edn\u0171leg a kihozhat\u00f3 legjobb lett.<\/p>\n<p>Sok h\u0171h\u00f3 egy eredm\u00e9nytelen tender\u00e9rt<\/p>\n<p>A folyamatb\u00f3l k\u00edv\u00fclr\u0151l nagyj\u00e1b\u00f3l annyi l\u00e1tszott, hogy az MLSZ rendk\u00edv\u00fcl k\u00e9s\u0151n, a v\u00e1laszt\u00e1s ut\u00e1ni hetekben egyszer csak ki\u00edrt egy p\u00e1ly\u00e1zatot a sz\u00f6vets\u00e9g \u00e1ltal szervezett versenysorozatok k\u00f6zvet\u00edt\u00e9si jogaira. Legink\u00e1bb tal\u00e1n az mutatja meg, hogy a tendert mennyire k\u00e9s\u0151n ind\u00edtott\u00e1k \u00fatj\u00e1ra, hogy nagyj\u00e1b\u00f3l ekkor zajlott a labdar\u00fag\u00f3-Bajnokok Lig\u00e1ja k\u00f6zvet\u00edt\u00e9si jogainak p\u00e1ly\u00e1zata is. Csakhogy m\u00edg az MLSZ a 2026\u20132027-es szezon k\u00f6zvet\u00edt\u00e9s\u00e9hez keresett partnert, az eur\u00f3pai sz\u00f6vets\u00e9g m\u00e1r a k\u00f6vetkez\u0151, 2027\u20132028-as id\u00e9nyt\u0151l hirdette meg a jogokat.<\/p>\n<p>Ennek megfelel\u0151en a folyamat v\u00e9gig a kapkod\u00e1s l\u00e1tszat\u00e1t keltette, \u00e9s sok jel utalt arra, hogy nem is halad t\u00fal j\u00f3l. Az els\u0151 ki\u00edr\u00e1s szerint m\u00e1jus 4-ig kellett volna leadni az aj\u00e1nlatokat, de ezt a hat\u00e1rid\u0151t t\u00f6bbsz\u00f6r is meghosszabb\u00edtott\u00e1k, \u00edgy az els\u0151 k\u00f6r\u00f6s p\u00e1ly\u00e1zatok csak j\u00fanius elej\u00e9n, durv\u00e1n m\u00e1sf\u00e9l h\u00f3nappal a bajnoki rajt el\u0151tt \u00e9rkeztek be. A sz\u00f6vets\u00e9g r\u00e1ad\u00e1sul \u2013 <a href=\"https:\/\/telex.hu\/g7\/elet\/2026\/06\/04\/magyar-foci-kozvetites-mtva-mlsz\" class=\"\" rel=\"nofollow noopener\" target=\"_blank\">ahogy err\u0151l kor\u00e1bban m\u00e1r \u00edrtunk<\/a> \u2013 els\u0151 k\u00f6rben m\u00e9g kifejezetten magas \u00f6sszeget,<\/p>\n<p>8 milli\u00e1rd forintot hat\u00e1rozott meg minimum\u00e1rk\u00e9nt, amit a piaci szerepl\u0151k t\u00f6bbs\u00e9ge egyszer\u0171en irre\u00e1lisnak tartott.<\/p>\n<p>Tov\u00e1bb nehez\u00edtette a helyzetet, hogy nemcsak a magas jogd\u00edj rettentette el a potenci\u00e1lis p\u00e1ly\u00e1z\u00f3kat, hanem a technikai krit\u00e9riumok is. M\u00edg egy nemzetk\u00f6zi sportjogn\u00e1l sok esetben egyszer\u0171en \u00e1tveszi a k\u00e9sz anyagot a k\u00f6zvet\u00edt\u0151 csatorna, itt az ad\u00e1sokat le is kell gy\u00e1rtani, amihez az MLSZ el\u00e9g massz\u00edv elv\u00e1r\u00e1sokat fogalmazott meg. Azt \u00edrt\u00e1k el\u0151, hogy az \u00f6sszes meccset r\u00f6gz\u00edteni kell 6 vagy 12 kamer\u00e1val, \u00e9s m\u00e9g a VAR-t (a vide\u00f3b\u00edr\u00f3 technol\u00f3gi\u00e1j\u00e1t), illetve a lesjelz\u0151 rendszert is a jogokat elnyer\u0151 c\u00e9gnek kell biztos\u00edtania.<\/p>\n<p>Egy ilyen feladatra val\u00f3 felk\u00e9sz\u00fcl\u00e9s pedig id\u0151ig\u00e9nyes: ha egy csatorna \u00e1prilisban szembes\u00fcl vele, kor\u00e1ntsem biztos, hogy j\u00faliusig meg tudja ugrani. Ha igen, akkor is csak hatalmas k\u00f6lts\u00e9gek \u00e1r\u00e1n.<\/p>\n<p>\u201eEgy kereskedelmi szerepl\u0151nek borzaszt\u00f3 neh\u00e9z ilyen hirtelen p\u00e9nzt allok\u00e1lni b\u00fcdzs\u00e9n t\u00fal. Az\u00e9rt a kereskedelmi telev\u00edzi\u00f3z\u00e1s m\u00e9g mindig els\u0151sorban terjeszt\u0151i d\u00edjakb\u00f3l tartja fel mag\u00e1t, teh\u00e1t abb\u00f3l, amit mondjuk itthon a Magyar Telekom vagy a 4iG fizet a csatorn\u00e1k ut\u00e1n. A terjeszt\u0151k azt ut\u00e1lj\u00e1k a legjobban, ha az ember elvesz\u00edt egy jogot. \u00c1m azt sem szeretik, ha hirtelen nem tervezetten beesik valami, mert a cechet v\u00e9g\u00fcl valakinek \u00e1llnia kell\u201d<\/p>\n<p>\u2013 fogalmazott a G7-nek M\u00e1lnay B. Levente, a Sport TV-t is m\u0171k\u00f6dtet\u0151 AMC Global Media K\u00f6z\u00e9p- \u00e9s \u00c9szak-Eur\u00f3p\u00e1\u00e9rt felel\u0151s aleln\u00f6ke.<\/p>\n<p>Nem v\u00e9letlen, hogy <a href=\"https:\/\/telex.hu\/g7\/elet\/2026\/06\/10\/mlsz-kozvetitesi-jog-halasztas\" class=\"\" rel=\"nofollow noopener\" target=\"_blank\">a t\u00f6bbsz\u00f6ri hosszabb\u00edt\u00e1s<\/a> ellen\u00e9re nem is futott be t\u00fal sok aj\u00e1nlat az els\u0151 k\u00f6rben. \u00dagy tudjuk, hogy az MTVA n\u00e9mi r\u00e1besz\u00e9l\u00e9s ut\u00e1n adott be valamit, az \u00e1llami m\u00e9di\u00e1n k\u00edv\u00fcl pedig a Network4 csoport \u00e9s az AMC p\u00e1ly\u00e1zott m\u00e9g, ut\u00f3bbi azonban m\u00e1s technol\u00f3giai v\u00e1llal\u00e1sokkal, mint amit az MLSZ elv\u00e1rt volna.<\/p>\n<p>A m\u00e1sodik k\u00f6rben azt\u00e1n az MLSZ egy \u00fajabbat csavart a ki\u00edr\u00e1son. \u00c9rtes\u00fcl\u00e9seink szerint \u00e1talak\u00edtott\u00e1k a csomagokat, \u00f6sszevontak k\u00fcl\u00f6nb\u00f6z\u0151 elemeket, ami er\u0151sen arra utalt, hogy ism\u00e9t az MTVA-val szerz\u0151dn\u00e9nek, legal\u00e1bbis a piacon ezt a k\u00f6vetkeztet\u00e9st vont\u00e1k le a fejlem\u00e9nyekb\u0151l.<\/p>\n<p>A probl\u00e9ma csak az volt, hogy a k\u00f6zm\u00e9di\u00e1n\u00e1l \u00e9pp ekkor \u2013 az \u00e1tmeneti \u00e1llapotban \u2013 a r\u00e9gi vezet\u00e9s m\u00e1r nem hozhatott d\u00f6nt\u00e9st egy ilyen fajs\u00falyos \u00fcgyben, az \u00faj pedig m\u00e9g nem \u00e1llt fel. \u00cdgy v\u00e9g\u00fcl a m\u00e1sodik fordul\u00f3ban nem is \u00e9rkezett be aj\u00e1nlat, \u00e9s<\/p>\n<p>a v\u00e9gs\u0151 d\u00f6nt\u00e9s sem a k\u00f6zm\u00e9dia szintj\u00e9n sz\u00fcletett meg.<\/p>\n<p>A G7 \u00e9rtes\u00fcl\u00e9sei szerint a sz\u00f6vets\u00e9g a korm\u00e1nyzat k\u00e9pvisel\u0151ivel is egyeztetett az \u00fcgyben. A t\u00e1rgyal\u00e1sokon \u00e1ll\u00edt\u00f3lag a Bel\u00fcgyminiszt\u00e9rium al\u00e1 tartoz\u00f3 sport-szak\u00e1llamtitk\u00e1rs\u00e1g \u00e9s a P\u00e9nz\u00fcgyminiszt\u00e9rium k\u00e9pvisel\u0151i vettek r\u00e9szt, vel\u00fck siker\u00fclt v\u00e9g\u00fcl egyezs\u00e9gre jutnia az MLSZ-nek.<\/p>\n<p>Nem volt kivel t\u00e1rgyalni<\/p>\n<p>B\u00e1r \u00f6nmag\u00e1ban nem szerencs\u00e9s, ha a kabinet b\u00e1rmilyen szinten belesz\u00f3l a k\u00f6zm\u00e9dia m\u0171k\u00f6d\u00e9s\u00e9be, a sportk\u00f6zvet\u00edt\u00e9sekn\u00e9l \u00f6sszess\u00e9g\u00e9ben a kezdetekt\u0151l egy\u00e9rtelm\u0171 volt, hogy v\u00e9gs\u0151 soron \u2013 legal\u00e1bb k\u00f6zvetve \u2013 a korm\u00e1ny fog d\u00f6nteni. Az elm\u00falt \u00e9vekben az MTVA b\u00fcdzs\u00e9j\u00e9nek nagyon jelent\u0151s r\u00e9sz\u00e9t ugyanis <a href=\"https:\/\/telex.hu\/g7\/vallalat\/2026\/07\/30\/kozmedia-sportkozvetitesek-labdarugas-vb-eb-olimpia\" class=\"\" rel=\"nofollow noopener\" target=\"_blank\">az ilyen jogokra k\u00f6lt\u00f6tt t\u00edzmilli\u00e1rdok tett\u00e9k ki<\/a>. \u00cdgy pedig m\u00e1r<\/p>\n<p>szimpl\u00e1n az \u00e1llami m\u00e9dia k\u00f6lts\u00e9gvet\u00e9s\u00e9nek meghat\u00e1roz\u00e1s\u00e1val szab\u00e1lyozni lehet, hogy megv\u00e1s\u00e1rolhatnak-e egy-egy jogot a j\u00f6v\u0151ben, vagy sem.<\/p>\n<p>A magyar foci k\u00f6zvet\u00edt\u00e9s\u00e9re k\u00fcl\u00f6n\u00f6sen igaz volt ez, hiszen az elm\u00falt \u00e9vekben messze ez ker\u00fclt a legt\u00f6bbe az MTVA sz\u00e1m\u00e1ra. M\u00e9g akkor is, ha a gy\u00e1rt\u00e1si k\u00f6lts\u00e9geket figyelmen k\u00edv\u00fcl hagyjuk.<\/p>\n<p>Az \u00e9rintett miniszt\u00e9riumokn\u00e1l r\u00e1k\u00e9rdezt\u00fcnk az egyeztet\u00e9sekre. Cikk\u00fcnk megjelen\u00e9s\u00e9ig a P\u00e9nz\u00fcgyminiszt\u00e9rium v\u00e1laszolt. Azt \u00edrt\u00e1k, hogy \u201ea k\u00f6zm\u00e9dia k\u00f6lts\u00e9gvet\u00e9s\u00e9t az Orsz\u00e1ggy\u0171l\u00e9s fogadja el t\u00f6rv\u00e9nyi keretek k\u00f6z\u00f6tt, gazd\u00e1lkod\u00e1s\u00e1nak \u00e9s m\u0171sorszolg\u00e1ltat\u00e1si d\u00f6nt\u00e9seinek f\u00fcggetlens\u00e9g\u00e9t pedig jogszab\u00e1ly garant\u00e1lja. A P\u00e9nz\u00fcgyminiszt\u00e9rium nem vesz r\u00e9szt a k\u00f6zm\u00e9dia m\u0171sorstrukt\u00far\u00e1j\u00e1t, beszerz\u00e9seit vagy a k\u00f6zvet\u00edt\u00e9si jogok megv\u00e1s\u00e1rl\u00e1s\u00e1t \u00e9rint\u0151 t\u00e1rgyal\u00e1sokban \u00e9s d\u00f6nt\u00e9sekben; a t\u00e1rca feladata kiz\u00e1r\u00f3lag a t\u00f6rv\u00e9nyben el\u0151\u00edrt finansz\u00edroz\u00e1si \u00f6sszegek sz\u00e1mszaki r\u00f6gz\u00edt\u00e9s\u00e9re korl\u00e1toz\u00f3dik.\u201d<\/p>\n<p>Itt azonban a probl\u00e9m\u00e1t pont az jelentette, hogy a k\u00f6zvet\u00edt\u00e9si jogok megv\u00e1s\u00e1rl\u00e1sa \u00e9ven t\u00fali k\u00f6telezetts\u00e9gv\u00e1llal\u00e1s, hiszen a szezon 2027 k\u00f6zep\u00e9ig tart. Az MTVA-n\u00e1l pedig \u00e9ppen nem volt olyan szerepl\u0151, aki ilyen d\u00f6nt\u00e9st meghozhatott volna, k\u00fcl\u00f6n\u00f6sen \u00fagy nem, hogy nincs tiszt\u00e1ban a korm\u00e1nyzat j\u00f6v\u0151beli sz\u00e1nd\u00e9kaival. \u00cdgy ha a m\u0171sorstrukt\u00far\u00e1ba nem is sz\u00f3l bele egy adott miniszt\u00e9rium, a jogv\u00e1s\u00e1rl\u00e1sokr\u00f3l a v\u00e9gs\u0151 d\u00f6nt\u00e9st akkor is korm\u00e1nyzati szinten kellett kimondani.<\/p>\n<p>A v\u00e9geredm\u00e9ny alapj\u00e1n az l\u00e1tszik, hogy az MLSZ-nek a kor\u00e1bbiakhoz k\u00e9pest az\u00e9rt kompromisszumot kellett k\u00f6tnie, a korm\u00e1nyzat pedig figyelt arra, hogy a bizonyos szempontb\u00f3l politikailag k\u00e9nyes t\u00e9m\u00e1ban min\u00e9l kisebb t\u00e1mad\u00e1si fel\u00fcletet hagyjon.<\/p>\n<p>A hatmilli\u00e1rdos \u00e1rral val\u00f3sz\u00edn\u0171leg komoly t\u00f6bbletk\u00f6telezetts\u00e9get nem v\u00e1llaltak. Hallottunk olyan \u00e9rtelmez\u00e9st, hogy az MTVA idei k\u00f6lts\u00e9gvet\u00e9s\u00e9be betervezt\u00e9k a m\u00e1sodik f\u00e9l\u00e9ves jogd\u00edjat is (a lej\u00e1r\u00f3 szerz\u0151d\u00e9s az el\u0151z\u0151 szezon v\u00e9g\u00e9ig sz\u00f3lt), ami als\u00f3 hangon 5, de ink\u00e1bb 6-6,5 milli\u00e1rd forintos t\u00e9telt jelentett. Mivel r\u00e9szletes b\u00fcdzs\u00e9tervet nem tal\u00e1ltunk, megkeres\u00e9s\u00fcnkre pedig az MTVA nem reag\u00e1lt, ez\u00e9rt egy\u00e9rtelm\u0171en ezt nem siker\u00fclt igazolni, de a k\u00f6zm\u00e9dia teljes idei k\u00f6lts\u00e9gvet\u00e9se alapj\u00e1n teljesen re\u00e1lis forgat\u00f3k\u00f6nyvnek t\u0171nik. \u00cdgy viszont a teljes szezonra v\u00e1llalt hatmilli\u00e1rdos d\u00edj l\u00e9nyeg\u00e9ben m\u00e1r az idei b\u00fcdzs\u00e9ben benne volt, azaz j\u00f6v\u0151re ez a szerz\u0151d\u00e9s szinte semmilyen t\u00f6bbletk\u00f6lts\u00e9get nem jelent majd a k\u00f6zm\u00e9di\u00e1nak \u00e9s \u00edgy az \u00e1llami k\u00f6lts\u00e9gvet\u00e9snek sem.<\/p>\n<p>A lehet\u0151 legjobb megold\u00e1s<\/p>\n<p>Azzal pedig, hogy v\u00e9g\u00fcl csak egy \u00e9vre \u00edrtak al\u00e1 a felek, az \u00e1llam semmilyen hosszabb t\u00e1v\u00fa k\u00f6telezetts\u00e9get nem v\u00e1llalt, az \u00f6sszes r\u00e9sztvev\u0151 nyert viszont egy \u00e9vet arra, hogy a helyzet hosszabb t\u00e1v\u00fa megold\u00e1s\u00e1n gondolkodjon. Erre pedig mindenkinek sz\u00fcks\u00e9ge van.<\/p>\n<p>A korm\u00e1nyzatnak ki kell tal\u00e1lnia, hogy mit akar kezdeni a magyar profi futball eddig teljesen irracion\u00e1lis \u00e9s piaci viszonyokt\u00f3l elrugaszkod\u00f3 \u00e1llami t\u00e1mogat\u00e1s\u00e1val;a potenci\u00e1lis t\u00e9v\u00e9s partnereknek fel kell k\u00e9sz\u00fclni\u00fck arra, hogy az NB I. t\u00e9v\u00e9s jogai \u00fajra verseny t\u00e1rgy\u00e1t k\u00e9pezhetik;a hazai \u00e9lvonalbeli futballnak \u00e9s az azt k\u00e9pvisel\u0151 MLSZ-nek pedig ki kell tal\u00e1lnia, hogyan tudj\u00e1k legjobban hasznos\u00edtani ezeket a jogokat, \u00e9s minimaliz\u00e1lni a kies\u0151 bev\u00e9telt.<\/p>\n<p>V\u00e9lhet\u0151en ez\u00e9rt mondta l\u00e9nyeg\u00e9ben minden besz\u00e9lget\u0151partner\u00fcnk azt, hogy \u00f6sszess\u00e9g\u00e9ben j\u00f3 megold\u00e1s sz\u00fcletett.<\/p>\n<p>\u201eB\u00e1r az elj\u00e1r\u00e1st \u00e9s a f\u00e9lredobott p\u00e1ly\u00e1zatot lehet kritiz\u00e1lni, ez egy okszer\u0171 \u00e9s abszol\u00fat magyar\u00e1zhat\u00f3 d\u00f6nt\u00e9s\u201d<\/p>\n<p>\u2013 fogalmazott egy forr\u00e1sunk. A legt\u00f6bben azt emelt\u00e9k ki, hogy a szerz\u0151d\u00e9s n\u00e9lk\u00fcl l\u00e9nyeg\u00e9ben bed\u0151lt volna a hazai profi labdar\u00fag\u00e1s, \u00e9s ezt kellett valahogy \u00fagy megel\u0151zni, hogy k\u00f6zben ne is \u00e9gessenek el t\u00fal sok k\u00f6zp\u00e9nzt. Mindezt egy olyan id\u0151szakban, amikor sorra estek ki az el\u0151z\u0151 rendszer \u00e1ltal h\u00e1trahagyott csontv\u00e1zak a szekr\u00e9nyekb\u0151l, \u00e9s az \u00faj korm\u00e1nyzatnak v\u00e9letlen\u00fcl sem az NB I. k\u00f6zvet\u00edt\u00e9se volt a legnagyobb probl\u00e9m\u00e1ja.<\/p>\n<p>Ugyanakkor politikai kock\u00e1zatot jelentett volna, ha megborul az NB I.<\/p>\n<p>\u201eA korm\u00e1nyzatban is meg\u00e9rtett\u00e9k azt, hogy ennyi kell ezeknek, mert k\u00fcl\u00f6nben nem tudnak elindulni a csapatok a bajnoks\u00e1gban. Most azt olvasgatn\u00e1nk a sajt\u00f3ban, hogy n\u00e9gy csapat h\u00edj\u00e1n az \u00f6sszes klub bed\u0151lt az NB I.-ben. Azt kellett m\u00e9rlegelni, hogy minek van nagyobb politikai kock\u00e1zata, ennek vagy egy jelent\u0151s sp\u00f3rol\u00e1st hoz\u00f3, de m\u00e9g mindig piaci \u00e1r feletti szerz\u0151d\u00e9snek\u201d<\/p>\n<p>\u2013 foglalta \u00f6ssze a helyzetet egy \u00e1gazati szerepl\u0151.<\/p>\n<p>Az egy\u00e9ves meg\u00e1llapod\u00e1st pedig az\u00e9rt tartott\u00e1k m\u00e9g az adott helyzetben az MTVA-val konkurens piaci szerepl\u0151k is j\u00f3nak, mert az \u201ehosszabb t\u00e1vra nem csuk be ajt\u00f3kat piaci szerepl\u0151k fel\u00e9\u201d.<\/p>\n<p>Mi\u00e9rt most?<\/p>\n<p>Az \u00fcgyre r\u00e1l\u00e1t\u00f3 szak\u00e9rt\u0151k \u00e9s \u00e1gazati szerepl\u0151k t\u00f6bbs\u00e9ge val\u00f3j\u00e1ban egy komoly kritik\u00e1t fogalmazott meg az eg\u00e9sz t\u00f6rt\u00e9net kapcs\u00e1n: azt nem \u00e9rtett\u00e9k, hogy mi\u00e9rt nem l\u00e9pett el\u0151bb az MLSZ. Mi\u00e9rt v\u00e1rtak az utols\u00f3 ut\u00e1ni pillanatig, amikor m\u00e1r csak ilyen megold\u00e1sokban lehetett gondolkodni? A k\u00e9rd\u00e9s m\u00e1r csak az\u00e9rt is jogos, mert j\u00f3 ideje tudni lehetett, hogy a mostani id\u00e9nyre \u00faj szerz\u0151d\u00e9st kell k\u00f6tni.<\/p>\n<p>A sz\u00f6vets\u00e9g eln\u00f6ke, Cs\u00e1nyi S\u00e1ndor m\u00e9g <a href=\"https:\/\/www.nemzetisport.hu\/labdarugo-nb-i\/2025\/07\/csanyi-sandor-az-51-es-szabaly-a-klubok-es-a-magyar-futball-erdeket-szolgalja\" target=\"_blank\" rel=\"nofollow noopener\">egy tavalyi interj\u00faban<\/a> besz\u00e9lt arr\u00f3l, hogy a 2024\u20132025-\u00f6s szezon v\u00e9g\u00e9n kifut\u00f3 meg\u00e1llapod\u00e1st csak egy \u00e9vre siker\u00fclt meghosszabb\u00edtani. Az eln\u00f6k eg\u00e9szen pontosan \u00fagy fogalmazott, hogy<\/p>\n<p>\u201eami az \u00e1llami szerepl\u0151ket illeti, mind a Szerencsej\u00e1t\u00e9k Zrt., mind pedig a k\u00f6zvet\u00edt\u00e9si jogokkal rendelkez\u0151 k\u00f6zm\u00e9dia, az M4 Sport telev\u00edzi\u00f3 egy-egy \u00e9ves k\u00f6telezetts\u00e9get v\u00e1llalt csak, a korm\u00e1nyzat k\u00e9r\u00e9s\u00e9re, a k\u00f6zelg\u0151 v\u00e1laszt\u00e1sokra val\u00f3 tekintettel\u201d.<\/p>\n<p>Azaz egy\u00e9rtelm\u0171 volt, hogy a j\u00falius k\u00f6zepi rajt el\u0151tt \u00fajra kell t\u00e1rgyalni vagy p\u00e1ly\u00e1ztatni a k\u00f6zvet\u00edt\u00e9si jogokat, az MLSZ m\u00e9gsem l\u00e9pett a v\u00e1laszt\u00e1sig. Ennek azonban \u00e9pp a parlamenti v\u00e1laszt\u00e1s volt a f\u0151 oka.<\/p>\n<p>Az MLSZ ugyanis val\u00f3j\u00e1ban m\u00e1r tavaly hosszabb t\u00e1vra szeretett volna leszerz\u0151dni az \u00e1llami szerepl\u0151kkel. Olyannyira, hogy az ehhez sz\u00fcks\u00e9ges szerz\u0151d\u00e9seken m\u00e1r 2024 v\u00e9g\u00e9n elkezdtek dolgozni az \u00e1llami partnerekkel k\u00f6z\u00f6sen, 2025 febru\u00e1rj\u00e1ra pedig \u00f6ssze is \u00e1llt az egyeztetett csomag.<\/p>\n<p>Az akkori elk\u00e9pzel\u00e9s szerint mind az MTVA-val, mind a Szerencsej\u00e1t\u00e9k Zrt.-vel hat\u00e9ves meg\u00e1llapod\u00e1st k\u00f6t\u00f6ttek volna, m\u00e9ghozz\u00e1 \u00e9pp a politikai \u00e9s egy\u00e9b k\u00fcls\u0151 kock\u00e1zatok cs\u00f6kkent\u00e9se \u00e9rdek\u00e9ben.<\/p>\n<p>V\u00e1gi M\u00e1rton, az MLSZ f\u0151titk\u00e1ra a G7-nek elmondta, hogy az MLSZ-n\u00e9l kor\u00e1bban \u00f6t\u00e9ves ciklusokban \u00e9s ehhez igazod\u00f3 szerz\u0151d\u00e9sekben gondolkodtak, \u00e1m ha ezt folytatj\u00e1k, akkor a k\u00f6vetkez\u0151 ilyen id\u0151szak 2030 nyar\u00e1n z\u00e1rult volna le. Mivel tudt\u00e1k, hogy 2030-ban az MLSZ jelenlegi eln\u00f6ks\u00e9g\u00e9nek a mand\u00e1tuma lej\u00e1r, \u00e9s parlamenti v\u00e1laszt\u00e1s is lesz, pont egy olyan helyzet kialakul\u00e1s\u00e1t szerett\u00e9k volna elker\u00fclni, mint amilyenbe az id\u00e9n v\u00e9g\u00fcl \u00f6nhib\u00e1jukon k\u00edv\u00fcl belefutottak.<\/p>\n<p>A c\u00e9l \u00edgy az volt, hogy ne k\u00f6zvetlen\u00fcl a 2030-as eln\u00f6ks\u00e9gi v\u00e1laszt\u00e1sok ut\u00e1ni hetekben kelljen \u00fajra p\u00e1ly\u00e1ztatni, \u00e9s szerz\u0151d\u00e9sekr\u0151l t\u00e1rgyalni, hanem csak egy \u00e9vvel k\u00e9s\u0151bb. Ezt le is t\u00e1rgyalt\u00e1k a partnerekkel, s\u0151t m\u00e9g a r\u00e9szv\u00e9nyesi jogokat gyakorl\u00f3 felettes szervekkel is 2025 elej\u00e9re. A szerz\u0151d\u00e9sek al\u00e1\u00edr\u00e1sa azonban tavaly tavasszal folyamatosan tol\u00f3dott, m\u00edgnem m\u00e1jusban megsz\u00fcletett az a politikai d\u00f6nt\u00e9s, amelyr\u0151l a m\u00e1r id\u00e9zett interj\u00faban Cs\u00e1nyi S\u00e1ndor is besz\u00e9lt. A Fidesz-korm\u00e1ny valami\u00e9rt \u00fagy hat\u00e1rozott, hogy az \u00e1llami szerepl\u0151kkel m\u00e1r egyeztetett hat\u00e9ves szerz\u0151d\u00e9s helyett csak egy 2026-ig \u00e9rv\u00e9nyes meg\u00e1llapod\u00e1st \u00edrhat al\u00e1 az MTVA \u00e9s a Szerencsej\u00e1t\u00e9k Zrt.<\/p>\n<p>Politikai eszk\u00f6zk\u00e9nt haszn\u00e1lta a focit a Fidesz<\/p>\n<p>Az nem teljesen egy\u00e9rtelm\u0171, hogy mi \u00e1llt az Orb\u00e1n-korm\u00e1ny d\u00f6nt\u00e9s\u00e9nek a h\u00e1tter\u00e9ben. T\u00f6bb forr\u00e1sunkt\u00f3l is hallottunk azonban olyan \u00e9rtelmez\u00e9st, hogy a korm\u00e1nyt tiszt\u00e1n politikai c\u00e9lok vez\u00e9relhett\u00e9k. Ekkor m\u00e1r l\u00e1tszott, hogy a Tisza nagyobb kih\u00edv\u00e1st jelent majd, mint ahogyan kor\u00e1bban gondolt\u00e1k, ez\u00e9rt elkezdt\u00e9k gy\u0171jteni azokat a t\u00e9m\u00e1kat, amelyeket egy esetleges szoros kamp\u00e1nyban el\u0151 lehet h\u00fazni. Kicsit meglep\u0151, hogy a sportot is ilyennek \u00edt\u00e9lt\u00e9k meg, hiszen ez \u2013 p\u00e9ld\u00e1ul a stadion\u00e9p\u00edt\u00e9sek miatt \u2013 kor\u00e1bban tipikusan az ellenz\u00e9k t\u00e9m\u00e1ja volt, de val\u00f3ban utalnak jelek arra, hogy \u00edgy t\u00f6rt\u00e9nt.<\/p>\n<p>A k\u00f6vetkez\u0151 \u00e9v febru\u00e1rj\u00e1ban ugyanis a Deutsch Tam\u00e1s \u00e1ltal vezetett Sportegyes\u00fcletek Orsz\u00e1gos Sz\u00f6vets\u00e9ge pet\u00edci\u00f3t ind\u00edtott a magyar sport\u00e9let j\u00f6v\u0151j\u00e9\u00e9rt. A <a href=\"https:\/\/web.archive.org\/web\/20260218162023\/https:\/\/www.nemzetisport.hu\/sportpeticio\" target=\"_blank\" rel=\"nofollow noopener\">Nemzeti Sport fel\u00fclet\u00e9n megjelent sz\u00f6veg<\/a> nagyj\u00e1b\u00f3l arr\u00f3l sz\u00f3lt, hogy a politikai v\u00e1lt\u00e1s teljes bizonytalans\u00e1got okozna a hazai sport\u00e9letben, hiszen egy \u00faj korm\u00e1ny megsz\u00fcntetn\u00e9 \u201ea hazai sportt\u00e1mogat\u00e1s j\u00f3l m\u0171k\u00f6d\u0151 rendszer\u00e9t\u201d. Ez a narrat\u00edva pedig t\u00f6k\u00e9letesen illeszkedett az el\u0151z\u0151 korm\u00e1nyzat \u201ea Fidesz a biztos v\u00e1laszt\u00e1s\u201d kamp\u00e1ny\u00fczenet\u00e9be, \u00e9s sokkal kev\u00e9sb\u00e9 m\u0171k\u00f6d\u00f6tt volna, ha a legn\u00e9pszer\u0171bb sport\u00e1g anyagi h\u00e1ttere 2030-ig biztos\u00edtott.<\/p>\n<p>A l\u00e9nyeg azonban, hogy<\/p>\n<p>a szerz\u0151d\u00e9seket politikai d\u00f6nt\u00e9sre \u00e9s a k\u00f6zeled\u0151 v\u00e1laszt\u00e1sokra hivatkozva csak a 2025\u20132026-os szezon v\u00e9g\u00e9ig k\u00f6t\u00f6tt\u00e9k meg.<\/p>\n<p>A v\u00e1laszt\u00e1s hivatkoz\u00e1si alapp\u00e1 t\u00e9tele pedig egyben azt is jelezte, hogy \u00e1prilis 12-ig nem is nagyon lesz es\u00e9ly tov\u00e1bbl\u00e9pni a folyamatban. V\u00e1gi M\u00e1rton a G7-nek azt mondta, hogy \u0151sszel ism\u00e9t elkezdt\u00e9k el\u0151k\u00e9sz\u00edteni a szerz\u0151d\u00e9seket, \u00e9s az \u00e1llami partnerekn\u00e9l als\u00f3bb szinteken m\u00e9g proakt\u00edvak is voltak, de a szervezetek vezet\u00e9s\u00e9t\u0151l egy\u00e9rtelm\u0171 jelz\u00e9st kaptak, hogy a v\u00e1laszt\u00e1sig biztosan nem lesz d\u00f6nt\u00e9s ezekben az \u00fcgyekben.<\/p>\n<p>Magyarul az MLSZ nem az\u00e9rt v\u00e1rt a p\u00e1ly\u00e1zat ki\u00edr\u00e1s\u00e1val vagy az \u00e9rdemi t\u00e1rgyal\u00e1sok megkezd\u00e9s\u00e9vel, mert elaludt, vagy h\u00fazni akarta az id\u0151t, hanem az\u00e9rt, mert az el\u0151z\u0151 korm\u00e1nyzat d\u00f6nt\u00e9se nyom\u00e1n az \u00e1llami partnerek z\u00e1rk\u00f3ztak el az egyeztet\u00e9sekt\u0151l.<\/p>\n<p>\u00cdgy pedig p\u00e1ly\u00e1zatot sem volt \u00e9rdemes ki\u00edrni, hiszen az MTVA ezen sem indulhatott volna el, ami mindenk\u00e9pp cs\u00f6kkentette volna a versenyt \u00e9s a sikeres lez\u00e1r\u00e1s es\u00e9ly\u00e9t is. A sz\u00f6vets\u00e9g \u00edgy harap\u00f3fog\u00f3ba ker\u00fclt: annak ellen\u00e9re is k\u00e9nytelenek voltak v\u00e1rni, hogy l\u00e1tt\u00e1k, mennyire kev\u00e9s id\u0151 marad \u00edgy a tendereztet\u00e9sre vagy az \u00e1llami szervezetekkel t\u00f6rt\u00e9n\u0151 megegyez\u00e9sre.<\/p>\n<p>Ha a v\u00e1laszt\u00e1st a Fidesz nyerte volna, akkor val\u00f3sz\u00edn\u0171leg nincs probl\u00e9ma, hiszen a kor\u00e1bbi korm\u00e1nyzat politik\u00e1j\u00e1t ismerve j\u00f3 es\u00e9llyel hetek alatt le\u00fctik az \u00fcgyletet.<\/p>\n<p>A korm\u00e1nyv\u00e1lt\u00e1s ut\u00e1n azonban teljesen \u00faj szerepl\u0151kkel kellett egyeztetni, r\u00e1ad\u00e1sul az \u00e1tad\u00e1s-\u00e1tv\u00e9tel \u00e9s az \u00e9rintett szervezetek vezet\u0151v\u00e1lt\u00e1sai miatt sok\u00e1ig nem is nagyon lehetett kivel t\u00e1rgyalni. A helyzetet tov\u00e1bb rontotta az MLSZ p\u00e1ly\u00e1zat\u00e1val p\u00e1rhuzamosan fut\u00f3 BL-tender, amely pedig a piaci szerepl\u0151ket k\u00e9sztette kiv\u00e1r\u00e1sra. Hiszen k\u00e9t ilyen nagy \u00e9rt\u00e9k\u0171 sportjogot m\u00e9g a legnagyobb szerepl\u0151k sem akarnak egyszerre megv\u00e1s\u00e1rolni, \u00edgy mindenki ki szerette volna v\u00e1rni, hogy mi lesz a Bajnokok Lig\u00e1ja hazai k\u00f6zvet\u00edt\u00e9si jogainak a sorsa.<\/p>\n<p>Ilyen el\u0151zm\u00e9nyek ut\u00e1n pedig t\u00e9nyleg neh\u00e9z azt mondani, hogy lehetett volna a mostanin\u00e1l sokkal jobb megold\u00e1st tal\u00e1lni.<\/p>\n<p>A politikai okokb\u00f3l kialak\u00edtott kapkod\u00e1sra egy politikai v\u00e1lasz sz\u00fcletett, amely azonban nem jelent hossz\u00fa t\u00e1v\u00fa elk\u00f6telez\u0151d\u00e9st, nem lehetetlen\u00edti el tart\u00f3san a piaci versenyt, de ad egy \u00e9v felk\u00e9sz\u00fcl\u00e9si id\u0151t a szerepl\u0151knek.<\/p>\n<p>J\u00f6v\u0151re j\u00f6hetnek m\u00e1r m\u00e1sok is<\/p>\n<p>A lapunknak nyilatkoz\u00f3 \u00e9rintett szerepl\u0151k pedig val\u00f3sz\u00edn\u0171leg \u00e9lni is fognak ezzel az egy\u00e9ves halad\u00e9kkal. Az MLSZ-n\u00e9l heteken bel\u00fcl elkezdik el\u0151k\u00e9sz\u00edteni a tendert, amelyet sokkal el\u0151bb terveznek ki\u00edrni, mint az id\u00e9n. Ezzel p\u00e1rhuzamosan a t\u00e9v\u00e9t\u00e1rsas\u00e1gok is k\u00e9sz\u00fclnek.<\/p>\n<p>\u201eAz mindig preszt\u00edzs, ha egy csatorna megszerzi az adott orsz\u00e1g focibajnoks\u00e1g\u00e1nak k\u00f6zvet\u00edt\u00e9si lehet\u0151s\u00e9g\u00e9t\u201d<\/p>\n<p>\u2013 mondta a G7-nek M\u00e1lnay B. Levente. Azt is hozz\u00e1tette, b\u00e1rmilyen p\u00e1ly\u00e1zat eset\u00e9n el\u0151zetesen m\u00e9rlegelik az indul\u00e1st, de mindig a piaci k\u00f6r\u00fclm\u00e9nyek f\u00fcggv\u00e9ny\u00e9ben d\u00f6ntenek.<\/p>\n<p>Hasonl\u00f3an nyilatkozott a G7-nek Bors\u00e1ny-Gyenes Andr\u00e1s, a Match4-et, az Arena4-et \u00e9s t\u00f6bb m\u00e1s telev\u00edzi\u00f3s csatorn\u00e1t m\u0171k\u00f6dtet\u0151 Network4 Media Group tulajdonosa is. Mint elmondta: ha lesz p\u00e1ly\u00e1zat, v\u00e1rhat\u00f3an j\u00f6v\u0151re is elindulnak rajta. Az eml\u00edtetteken k\u00edv\u00fcl pedig m\u00e9g legal\u00e1bb k\u00e9t tov\u00e1bbi potenci\u00e1lis piaci p\u00e1ly\u00e1z\u00f3 lehet, akik az egy\u00e9vnyi felk\u00e9sz\u00fcl\u00e9si id\u0151 ut\u00e1n szint\u00e9n sokkal nagyobb es\u00e9llyel adnak majd be aj\u00e1nlatot.<\/p>\n<p>Emellett val\u00f3sz\u00edn\u0171leg elkezd\u0151d\u00f6tt egy politikai diskurzus is arr\u00f3l, hogy milyen szerepe van, illetve kellene hogy legyen a k\u00f6zm\u00e9di\u00e1nak a hazai sportk\u00f6zvet\u00edt\u00e9si piacon, illetve k\u00f6zvetve a magyar sport finansz\u00edroz\u00e1s\u00e1ban. T\u00f6bb besz\u00e9lget\u0151partner\u00fcnk is azt mondta: hib\u00e1nak tartan\u00e1, ha teljesen kivonulna az MTVA, illetve jogut\u00f3dja a piacr\u00f3l. Vannak ugyanis olyan sportesem\u00e9nyek, amelyeket tiszt\u00e1n piaci alapon senki nem t\u0171zne m\u0171sorra, m\u00e1rpedig a szponzorok \u00e9s egy\u00e9b bev\u00e9teli l\u00e1bak miatt ezeknek is kell a l\u00e1that\u00f3s\u00e1g. Tipikusan ilyenek a hazai sikersport\u00e1gak. Ezekn\u00e9l val\u00f3sz\u00edn\u0171leg belef\u00e9r a k\u00f6zszolg\u00e1latis\u00e1gba, ha az \u00e1llami m\u00e9dia v\u00e1s\u00e1rolja meg az esem\u00e9nyeik k\u00f6zvet\u00edt\u00e9si jog\u00e1t.<\/p>\n<p>Tal\u00e1n meglep\u0151 lehet, de egyesek szerint vannak ilyen kev\u00e9sb\u00e9 piacos\u00edthat\u00f3 elemei a profi labdar\u00fag\u00f3-k\u00f6zvet\u00edt\u00e9seknek is.<\/p>\n<p>\u201eA k\u00f6z\u00f6ns\u00e9get mindig \u00e9rdekelni fogja a Fradi, az \u00dajpest, \u00e9s ha visszajut, a Di\u00f3sgy\u0151r. H\u00e9be-h\u00f3ba az MTK, a Vasas, a Honv\u00e9d, a Gy\u0151r. Na de a Kisv\u00e1rda? Az val\u00f3sz\u00edn\u0171leg soha. A VAR viszont a Kisv\u00e1rda meccsein is kell, valakinek azt is le kell gy\u00e1rtania, valakinek az ilyen meccsekbe is p\u00e9nzt kell tennie ahhoz, hogy a teljes bajnoks\u00e1g m\u0171k\u00f6dj\u00f6n\u201d \u2013 fogalmazott egy forr\u00e1sunk.<\/p>\n<p>A legnagyobb val\u00f3sz\u00edn\u0171s\u00e9ge \u00edgy tal\u00e1n annak van, hogy a j\u00f6v\u0151ben egy konzorcium szerezheti meg a hazai labdar\u00fag\u00e1s k\u00f6zvet\u00edt\u00e9si jogait, vagy r\u00e9szekben \u00e9rt\u00e9kes\u00edtheti azokat az MLSZ. Magyarul nem minden meccset egy csatorna k\u00f6zvet\u00edt majd, ahogy ezt az elm\u00falt \u00e9vekben megszokhattuk, hanem t\u00f6bb, k\u00f6zt\u00fck kereskedelmi ad\u00f3k is. A konzorciumban azonban j\u00f3 es\u00e9llyel ott maradhat a k\u00f6zm\u00e9dia is.<\/p>\n<p>Valami hasonl\u00f3 kimenetelben b\u00edznak az MLSZ-n\u00e9l is, ahol jelenleg az a c\u00e9l, hogy a k\u00f6vetkez\u0151 k\u00f6rben m\u00e1r t\u00e9nyleg hosszabb t\u00e1vra, a k\u00e9t \u00e9vvel ezel\u0151tt is bel\u0151tt 2031-es v\u00e9gd\u00e1tumig tudjanak szerz\u0151dni a j\u00f6v\u0151beli partnerekkel.<\/p>\n","protected":false},"excerpt":{"rendered":"K\u00f6zvetlen\u00fcl a v\u00e1laszt\u00e1s ut\u00e1n ki\u00edrtak ugyan egy p\u00e1ly\u00e1zatot a hazai futball k\u00f6zvet\u00edt\u00e9si jogaira, de ez a t\u00f6bbsz\u00f6ri hosszabb\u00edt\u00e1s&hellip;\n","protected":false},"author":2,"featured_media":232203,"comment_status":"","ping_status":"","sticky":false,"template":"","format":"standard","meta":{"footnotes":"","_share_on_mastodon":"0"},"categories":[6],"tags":[378,44,42,40,1565,6528,5688,22348,502,43,41,2169,1223,1068],"class_list":["post-232202","post","type-post","status-publish","format-standard","has-post-thumbnail","category-magyarorszag","tag-foci","tag-hu","tag-hungarian","tag-hungary","tag-kozelet","tag-kozmedia","tag-kozvetites","tag-kozvetitesi-jogok","tag-labdarugas","tag-magyar","tag-magyarorszag","tag-mlsz","tag-mtva","tag-nb-i"],"share_on_mastodon":{"url":"https:\/\/pubeurope.com\/@hu\/117210938602049483","error":""},"_links":{"self":[{"href":"https:\/\/www.europesays.com\/hu\/wp-json\/wp\/v2\/posts\/232202","targetHints":{"allow":["GET"]}}],"collection":[{"href":"https:\/\/www.europesays.com\/hu\/wp-json\/wp\/v2\/posts"}],"about":[{"href":"https:\/\/www.europesays.com\/hu\/wp-json\/wp\/v2\/types\/post"}],"author":[{"embeddable":true,"href":"https:\/\/www.europesays.com\/hu\/wp-json\/wp\/v2\/users\/2"}],"replies":[{"embeddable":true,"href":"https:\/\/www.europesays.com\/hu\/wp-json\/wp\/v2\/comments?post=232202"}],"version-history":[{"count":0,"href":"https:\/\/www.europesays.com\/hu\/wp-json\/wp\/v2\/posts\/232202\/revisions"}],"wp:featuredmedia":[{"embeddable":true,"href":"https:\/\/www.europesays.com\/hu\/wp-json\/wp\/v2\/media\/232203"}],"wp:attachment":[{"href":"https:\/\/www.europesays.com\/hu\/wp-json\/wp\/v2\/media?parent=232202"}],"wp:term":[{"taxonomy":"category","embeddable":true,"href":"https:\/\/www.europesays.com\/hu\/wp-json\/wp\/v2\/categories?post=232202"},{"taxonomy":"post_tag","embeddable":true,"href":"https:\/\/www.europesays.com\/hu\/wp-json\/wp\/v2\/tags?post=232202"}],"curies":[{"name":"wp","href":"https:\/\/api.w.org\/{rel}","templated":true}]}}