{"id":232214,"date":"2026-09-04T05:07:14","date_gmt":"2026-09-04T05:07:14","guid":{"rendered":"https:\/\/www.europesays.com\/hu\/232214\/"},"modified":"2026-09-04T05:07:14","modified_gmt":"2026-09-04T05:07:14","slug":"ezeken-a-strandokon-szeptemberben-is-tombol-a-nyar-es-europa-legszebbjei-koze-tartoznak","status":"publish","type":"post","link":"https:\/\/www.europesays.com\/hu\/232214\/","title":{"rendered":"Ezeken a strandokon szeptemberben is tombol a ny\u00e1r, \u00e9s Eur\u00f3pa legszebbjei k\u00f6z\u00e9 tartoznak"},"content":{"rendered":"<p>                        <a href=\"https:\/\/news.google.com\/publications\/CAAqJQgKIh9DQklTRVFnTWFnMEtDM0p2WVdSemRHVnlMbWgxS0FBUAE\" target=\"_blank\" class=\"google-news\" rel=\"nofollow noopener\">Leg\u00fajabb cikkeink\u00e9rt k\u00f6vess minket a Roadster Google News oldal\u00e1n is!<\/a><\/p>\n<p>A kora \u0151szi nyaral\u00e1st tervez\u0151knek egy \u00fati c\u00e9lt mindenk\u00e9pp \u00e9rdemes fontol\u00f3ra venni\u00fck, m\u00e9ghozz\u00e1 a F\u00f6ldk\u00f6zi-tenger sz\u00edv\u00e9ben fekv\u0151 M\u00e1lt\u00e1t. A sziget t\u00f6bb mint 200 kilom\u00e9ternyi, l\u00e9legzetel\u00e1ll\u00edt\u00f3 partszakasszal, krist\u00e1lytiszta v\u00edzzel \u00e9s Eur\u00f3pa legszebb strandjaival csalogat, r\u00e1ad\u00e1sul arrafel\u00e9 az id\u0151j\u00e1r\u00e1s m\u00e9g szeptemberben is kellemesen meleg.<\/p>\n<p>M\u00e1lta \u00e9szaknyugati r\u00e9sz\u00e9n tal\u00e1lhat\u00f3 a Mellie\u0127a-\u00f6b\u00f6l, ahol legink\u00e1bb a v\u00edzi sportok szerelmesei tal\u00e1lj\u00e1k meg sz\u00e1m\u00edt\u00e1saikat. A nyugalmat keres\u0151knek ide\u00e1lis v\u00e1laszt\u00e1s a fest\u0151i G\u0127ajn Tuffie\u0127a-\u00f6b\u00f6l, de a sziget 12 k\u00e9k z\u00e1szl\u00f3s <a href=\"https:\/\/roadster.hu\/europa-40-legjobb-strandja\" rel=\"nofollow noopener\" target=\"_blank\">strandja<\/a> biztos\u00edtja, hogy valahol mindig legyen egy t\u00f6k\u00e9letes homokos partszakasz.<\/p>\n<p><a class=\"roadster-gallery-item\" aria-label=\"Gal\u00e9ria k\u00e9p #283589\" href=\"https:\/\/www.europesays.com\/hu\/wp-content\/uploads\/2026\/09\/paula-de-la-pava-nieto-nMSmiM9QFrs-unsplash.jpg\"><img decoding=\"async\" src=\"https:\/\/www.europesays.com\/hu\/wp-content\/uploads\/2026\/09\/paula-de-la-pava-nieto-nMSmiM9QFrs-unsplash.jpg\" width=\"2000\" height=\"1500\" loading=\"lazy\" alt=\"\"\/><\/a> <a class=\"roadster-gallery-item\" aria-label=\"Gal\u00e9ria k\u00e9p #283587\" href=\"https:\/\/www.europesays.com\/hu\/wp-content\/uploads\/2026\/09\/igor-sporynin-TIp4SYU8bAc-unsplash.jpg\"><img decoding=\"async\" src=\"https:\/\/www.europesays.com\/hu\/wp-content\/uploads\/2026\/09\/igor-sporynin-TIp4SYU8bAc-unsplash.jpg\" width=\"2000\" height=\"1333\" loading=\"lazy\" alt=\"\"\/><\/a><\/p>\n<p>M\u00e1lta nem csup\u00e1n a tengerpart miatt vonz\u00f3: gazdag t\u00f6rt\u00e9nelmi \u00f6r\u00f6ks\u00e9ge miatt sokan nevezik aff\u00e9le \u201e\u00e9l\u0151 m\u00fazeumnak\u201d.<\/p>\n<p>A 16. sz\u00e1zadban \u00e9p\u00fclt Valletta teljes eg\u00e9sz\u00e9ben az <a href=\"https:\/\/roadster.hu\/fes-marokko\" rel=\"nofollow noopener\" target=\"_blank\">UNESCO Vil\u00e1g\u00f6r\u00f6ks\u00e9g<\/a> r\u00e9sze, m\u00edg a k\u00f6z\u00e9pkori hangulat\u00fa Mdina, a \u201eCsendes v\u00e1ros\u201d aut\u00f3mentes utc\u00e1ival \u00e9s alig 240 lakos\u00e1val igazi id\u0151utaz\u00e1st k\u00edn\u00e1l. \u00c9rdemes ell\u00e1togatni a Szent J\u00e1nos-t\u00e1rskatedr\u00e1lisba, ahol Caravaggio monument\u00e1lis mesterm\u0171ve, Keresztel\u0151 J\u00e1nos lefejez\u00e9se l\u00e1that\u00f3. Hasonl\u00f3an eml\u00e9kezetes \u00e9lm\u00e9nyt ny\u00fajt a f\u00f6ld alatti \u0126al-Saflieni Hypogeum is, valamint a goz\u00f3i \u0120gantija templomok, amelyek a vil\u00e1g legr\u00e9gebbi megalitikus \u00e9p\u00edtm\u00e9nyei k\u00f6z\u00e9 tartoznak.<\/p>\n<p><a class=\"roadster-gallery-item\" aria-label=\"Gal\u00e9ria k\u00e9p #283588\" href=\"https:\/\/www.europesays.com\/hu\/wp-content\/uploads\/2026\/09\/joshua-kettle-tD-mBej8qZA-unsplash.jpg\"><img decoding=\"async\" src=\"https:\/\/www.europesays.com\/hu\/wp-content\/uploads\/2026\/09\/joshua-kettle-tD-mBej8qZA-unsplash.jpg\" width=\"2000\" height=\"1353\" loading=\"lazy\" alt=\"\"\/><\/a> <a class=\"roadster-gallery-item\" aria-label=\"Gal\u00e9ria k\u00e9p #283591\" href=\"https:\/\/www.europesays.com\/hu\/wp-content\/uploads\/2026\/09\/shell-chapman-BWykiFiBiW4-unsplash.jpg\"><img decoding=\"async\" src=\"https:\/\/www.europesays.com\/hu\/wp-content\/uploads\/2026\/09\/shell-chapman-BWykiFiBiW4-unsplash.jpg\" width=\"2000\" height=\"1333\" loading=\"lazy\" alt=\"\"\/><\/a><\/p>\n<p>M\u00e1lta Eur\u00f3pa egyik legn\u00e9pszer\u0171bb <a href=\"https:\/\/roadster.hu\/europai-szigetek-toplista\" rel=\"nofollow noopener\" target=\"_blank\">b\u00fav\u00e1rparadicsoma<\/a>, t\u00f6bb mint 120 v\u00edz alatti helysz\u00ednnel. Haj\u00f3roncsok, m\u00e1sodik vil\u00e1gh\u00e1bor\u00fas tengeralattj\u00e1r\u00f3k \u00e9s sz\u00ednpomp\u00e1s korallz\u00e1tonyok v\u00e1rj\u00e1k ott a b\u00fav\u00e1rkod\u00e1s szerelmeseit. A sziget persze nem csup\u00e1n a v\u00edz alatt k\u00edn\u00e1l \u00e9lm\u00e9nyeket. Szikl\u00e1s partjai, m\u00e9ly v\u00f6lgyei \u00e9s meredek gerincei a t\u00far\u00e1z\u00f3k \u00e9s hegym\u00e1sz\u00f3k kedvencei. Goz\u00f3n \u00e9s Camin\u00f3n t\u00f6bb mint 50 kijel\u00f6lt t\u00fara- \u00e9s ker\u00e9kp\u00e1r\u00fatvonal vezet v\u00e9gig leny\u0171g\u00f6z\u0151 t\u00e1jakon, m\u00edg az Xterra Gozo Trail Run 50 kilom\u00e9teres etapja a teljes szigetet k\u00f6rbej\u00e1rja.<\/p>\n<p><a class=\"roadster-gallery-item\" aria-label=\"Gal\u00e9ria k\u00e9p #283585\" href=\"https:\/\/www.europesays.com\/hu\/wp-content\/uploads\/2026\/09\/GettyImages-1131107986.jpg\"><img decoding=\"async\" src=\"https:\/\/www.europesays.com\/hu\/wp-content\/uploads\/2026\/09\/GettyImages-1131107986.jpg\" width=\"2000\" height=\"1336\" loading=\"lazy\" alt=\"\"\/><\/a><\/p>\n<p>M\u00e1lta konyh\u00e1ja is legal\u00e1bb olyan vonz\u00f3, mint a tengerpartjai: \u00f6sszesen h\u00e9t Michelin-csillagos \u00e9tterme bizony\u00edtja a sziget gasztron\u00f3miai rangj\u00e1t. A hagyom\u00e1nyos \u00e9telek k\u00f6z\u00fcl nem \u00e9rdemes kihagyni a pastizzit (ez egy leveles t\u00e9szt\u00e1b\u00f3l k\u00e9sz\u00fclt, ricott\u00e1val vagy z\u00f6ldbors\u00f3kr\u00e9mmel t\u00f6lt\u00f6tt finoms\u00e1g), valamint a tartalmas p\u00f6rk\u00f6lteket \u00e9s s\u00f3s pit\u00e9ket.<\/p>\n<p>Ilyent\u00e1jt Valletta utc\u00e1i a Notte Bianca alkalm\u00e1val kelnek \u00e9letre, amikor is a v\u00e1ros tereit \u00e9s palot\u00e1it koncertek \u00e9s el\u0151ad\u00e1sok t\u00f6ltik meg.<\/p>\n<p>(Forr\u00e1s: <a href=\"https:\/\/www.express.co.uk\/travel\/europe\/2103247\/mediterranean-island-finest-beach-malta\" target=\"_blank\" rel=\"nofollow noopener\">Express<\/a>, fot\u00f3k: Getty Images, Unsplash)<\/p>\n<p><a class=\"tag\" href=\"https:\/\/roadster.hu\/tag\/tengerpart\/\" data-ga_category=\"Cikkoldal\" data-ga_action=\"C\u00edmke\" data-ga_label=\"tengerpart\" rel=\"nofollow noopener\" target=\"_blank\">tengerpart<\/a> | <a class=\"tag\" href=\"https:\/\/roadster.hu\/tag\/buvarkodas\/\" data-ga_category=\"Cikkoldal\" data-ga_action=\"C\u00edmke\" data-ga_label=\"b\u00fav\u00e1rkod\u00e1s\" rel=\"nofollow noopener\" target=\"_blank\">b\u00fav\u00e1rkod\u00e1s<\/a> | <a class=\"tag\" href=\"https:\/\/roadster.hu\/tag\/utazas\/\" data-ga_category=\"Cikkoldal\" data-ga_action=\"C\u00edmke\" data-ga_label=\"utaz\u00e1s\" rel=\"nofollow noopener\" target=\"_blank\">utaz\u00e1s<\/a> | <a class=\"tag\" href=\"https:\/\/roadster.hu\/tag\/tipp\/\" data-ga_category=\"Cikkoldal\" data-ga_action=\"C\u00edmke\" data-ga_label=\"tipp\" rel=\"nofollow noopener\" target=\"_blank\">tipp<\/a> | <a class=\"tag\" href=\"https:\/\/roadster.hu\/tag\/europa\/\" data-ga_category=\"Cikkoldal\" data-ga_action=\"C\u00edmke\" data-ga_label=\"Eur\u00f3pa\" rel=\"nofollow noopener\" target=\"_blank\">Eur\u00f3pa<\/a> | <a class=\"tag\" href=\"https:\/\/roadster.hu\/tag\/malta\/\" data-ga_category=\"Cikkoldal\" data-ga_action=\"C\u00edmke\" data-ga_label=\"m\u00e1lta\" rel=\"nofollow noopener\" target=\"_blank\">m\u00e1lta<\/a><\/p>\n<p>        <img decoding=\"async\" src=\"https:\/\/www.europesays.com\/hu\/wp-content\/uploads\/2026\/09\/1788498434_261_roadster-24-promo.jpg\" alt=\"\"\/><\/p>\n<p>Rendeld meg a Roadster magazin 24. sz\u00e1m\u00e1t!<\/p>\n<p>Ny\u00e1r, j\u00f3 energi\u00e1k, napf\u00e9ny \u00e9s csillog\u00e1s: a Roadster magazin leg\u00fajabb sz\u00e1ma nem kevesebbet \u00edg\u00e9r, mint hogy m\u00e9g magasabbra emeli ezt az \u00f6nmag\u00e1ban is nagyszer\u0171 \u00e9vszakot. A ny\u00e1ri lapsz\u00e1munkban tal\u00e1lkozunk a vil\u00e1gh\u00edr\u0171 s\u00e9ffel, Nobu Macuhisz\u00e1val, aki Robert De Nir\u00f3val k\u00f6z\u00f6sen t\u00f6bb, mint hatvan hotel \u00e9s \u00e9tterem tulajdonosa. Besz\u00e9lget\u00fcnk Mak\u00f3 Szilveszterrel, a hollywoodi szt\u00e1rok sor\u00e1val dolgoz\u00f3 fot\u00f3ssal, \u00e9s Szu Fudzsimoto jap\u00e1n \u00e9p\u00edt\u00e9sszel is, aki korunk egyik legizgalmasabb alkot\u00f3ja. Elutazunk Marr\u00e1kesbe, v\u00e9gigj\u00e1rjuk a portug\u00e1l El Camin\u00f3t, \u00e9s Erd\u00e9lyben egy igazi t\u00fcnd\u00e9rmes\u00e9be cs\u00f6ppen\u00fcnk. A mil\u00e1n\u00f3i diz\u00e1jnh\u00e9ten megcsod\u00e1ljuk az \u00faj Hyundai-t, Koppenh\u00e1g\u00e1ban megn\u00e9zz\u00fck, milyen a pub, amit egy magyar vezet, \u00e9s tal\u00e1lkozunk a vicenzai mesterszab\u00f3val, Massimo Pasinat\u00f3val is. <\/p>\n<p>        <a href=\"https:\/\/roadster.hu\/store\/\" data-ga_category=\"Cikkoldal\" data-ga_action=\"Magazin aj\u00e1nl\u00f3\" rel=\"nofollow noopener\" target=\"_blank\">K\u00fcl\u00f6nleges csomagaj\u00e1nlatok itt!<\/a><\/p>\n","protected":false},"excerpt":{"rendered":"Leg\u00fajabb cikkeink\u00e9rt k\u00f6vess minket a Roadster Google News oldal\u00e1n is! A kora \u0151szi nyaral\u00e1st tervez\u0151knek egy \u00fati c\u00e9lt&hellip;\n","protected":false},"author":2,"featured_media":232215,"comment_status":"","ping_status":"","sticky":false,"template":"","format":"standard","meta":{"footnotes":"","_share_on_mastodon":"0"},"categories":[3],"tags":[33837,107,106,105,42,573,43,9489,5010,11378,1426,12887,1642,674],"class_list":["post-232214","post","type-post","status-publish","format-standard","has-post-thumbnail","category-europa","tag-buvarkodas","tag-eu","tag-europa","tag-europe","tag-hungarian","tag-kultura","tag-magyar","tag-malta","tag-szeptember","tag-tenger","tag-tengerpart","tag-tipp","tag-tortenelem","tag-utazas"],"share_on_mastodon":{"url":"https:\/\/pubeurope.com\/@hu\/117211041385396067","error":""},"_links":{"self":[{"href":"https:\/\/www.europesays.com\/hu\/wp-json\/wp\/v2\/posts\/232214","targetHints":{"allow":["GET"]}}],"collection":[{"href":"https:\/\/www.europesays.com\/hu\/wp-json\/wp\/v2\/posts"}],"about":[{"href":"https:\/\/www.europesays.com\/hu\/wp-json\/wp\/v2\/types\/post"}],"author":[{"embeddable":true,"href":"https:\/\/www.europesays.com\/hu\/wp-json\/wp\/v2\/users\/2"}],"replies":[{"embeddable":true,"href":"https:\/\/www.europesays.com\/hu\/wp-json\/wp\/v2\/comments?post=232214"}],"version-history":[{"count":0,"href":"https:\/\/www.europesays.com\/hu\/wp-json\/wp\/v2\/posts\/232214\/revisions"}],"wp:featuredmedia":[{"embeddable":true,"href":"https:\/\/www.europesays.com\/hu\/wp-json\/wp\/v2\/media\/232215"}],"wp:attachment":[{"href":"https:\/\/www.europesays.com\/hu\/wp-json\/wp\/v2\/media?parent=232214"}],"wp:term":[{"taxonomy":"category","embeddable":true,"href":"https:\/\/www.europesays.com\/hu\/wp-json\/wp\/v2\/categories?post=232214"},{"taxonomy":"post_tag","embeddable":true,"href":"https:\/\/www.europesays.com\/hu\/wp-json\/wp\/v2\/tags?post=232214"}],"curies":[{"name":"wp","href":"https:\/\/api.w.org\/{rel}","templated":true}]}}