{"id":232254,"date":"2026-09-04T05:52:10","date_gmt":"2026-09-04T05:52:10","guid":{"rendered":"https:\/\/www.europesays.com\/hu\/232254\/"},"modified":"2026-09-04T05:52:10","modified_gmt":"2026-09-04T05:52:10","slug":"index-kulfold-egymasnak-esett-a-szerb-elnok-es-a-horvat-kormanyfo-ratko-mladic-temetese-miatt","status":"publish","type":"post","link":"https:\/\/www.europesays.com\/hu\/232254\/","title":{"rendered":"Index &#8211; K\u00fclf\u00f6ld &#8211; Egym\u00e1snak esett a szerb eln\u00f6k \u00e9s a horv\u00e1t korm\u00e1nyf\u0151 Ratko Mladic temet\u00e9se miatt"},"content":{"rendered":"<p>Szerbia nem k\u00f6zeledhet az Eur\u00f3pai Uni\u00f3hoz, ha \u00e1llami tiszteletad\u00e1sban r\u00e9szes\u00edti a h\u00e1bor\u00fas b\u0171n\u00f6k\u00e9rt \u00e9s n\u00e9pirt\u00e1s\u00e9rt \u00e9letfogytiglani szabads\u00e1gveszt\u00e9sre \u00edt\u00e9lt Ratko Mladicot\u00a0\u2212 jelentette ki Andrej Plenkovic horv\u00e1t minisztereln\u00f6k cs\u00fct\u00f6rt\u00f6k\u00f6n. Alekszandar Vucsics szerb eln\u00f6k viszont visszautas\u00edtotta a b\u00edr\u00e1latot, \u00e9s Horv\u00e1torsz\u00e1got a n\u00e1cizmus dics\u0151\u00edt\u00e9s\u00e9vel v\u00e1dolta\u00a0\u2212 sz\u00e1molt be r\u00f3la az MTI.<\/p>\n<p>A horv\u00e1t korm\u00e1nyf\u0151 szerint a <a href=\"https:\/\/index.hu\/velemeny\/2026\/08\/28\/ratko-mladic-srebrenicai-meszarlas-meghalt\/\" id=\"hyperlink_7cef1e672b8d123913f4649c2c8092b0\" target=\"_blank\" title=\"Elj\u00f6tt a kasz\u00e1s a srebrenicai h\u00f3h\u00e9r\u00e9rt: Ratko Mladi\u0107 gyomorforgat\u00f3 t\u00f6rt\u00e9nete\" data-recommendation=\"bekezdes_utan\" data-recommendation-preview=\"{&quot;og:title&quot;:&quot;Elj\u00f6tt a kasz\u00e1s a srebrenicai h\u00f3h\u00e9r\u00e9rt: Ratko Mladi\\u0107 gyomorforgat\u00f3 t\u00f6rt\u00e9nete&quot;,&quot;og:description&quot;:&quot;T\u00f6rt\u00e9nelmi vesz\u00e9ly, amikor a gyilkosb\u00f3l legenda lesz.&quot;,&quot;og:image&quot;:&quot;\\\/\\\/kep.cdn.indexvas.hu\\\/1\\\/0\\\/7129\\\/71298\\\/712980\\\/71298049_5257681_c3e3ecd6dd9618687319711b4da0a893_wm.jpg&quot;}\" data-recommendation-id=\"6269451\" rel=\"nofollow noopener\">Ratko Mladic<\/a> hal\u00e1la ut\u00e1n rendezett megeml\u00e9kez\u00e9sek azt mutatj\u00e1k, hogy Szerbia \u00e9s a boszniai Szerb K\u00f6zt\u00e1rsas\u00e1g vezet\u0151i nem n\u00e9ztek szembe a d\u00e9lszl\u00e1v h\u00e1bor\u00fak m\u00faltj\u00e1val.<\/p>\n<p>Hogyan akarnak \u00edgy Eur\u00f3p\u00e1ba jutni? \u00cdgy biztosan nem<\/p>\n<p>\u2212\u00a0fogalmazott a horv\u00e1t korm\u00e1nyf\u0151. Hozz\u00e1tette: egy h\u00e1bor\u00fas b\u0171n\u00f6k\u00e9rt el\u00edt\u00e9lt szem\u00e9ly \u00e1llami tiszteletben r\u00e9szes\u00edt\u00e9se szerinte teljes politikai kudarc \u00e9s erk\u00f6lcsileg elfogadhatatlan.<\/p>\n<p>Andrej Plenkovic \u00fagy fogalmazott: ilyen k\u00f6r\u00fclm\u00e9nyek k\u00f6z\u00f6tt nem az uni\u00f3s csatlakoz\u00e1si t\u00e1rgyal\u00e1sok egyes fejezeteir\u0151l kellene besz\u00e9lni, hanem \u201evissza kell t\u00e9rni az els\u0151 oszt\u00e1lyba\u201d, vagyis az alapvet\u0151 eur\u00f3pai \u00e9rt\u00e9kekhez.<\/p>\n<p>Alekszandar Vucsics nem hagyta sz\u00f3 n\u00e9lk\u00fcl a horv\u00e1t minisztereln\u00f6k kijelent\u00e9seit. A szerb \u00e1llamf\u0151 azt mondta, 1945 ut\u00e1n senki sem gondolta volna, hogy valaki \u00fagy fogja dics\u0151\u00edteni a n\u00e1cizmust, ahogyan szerinte Horv\u00e1torsz\u00e1g teszi, \u00e9s v\u00e9lem\u00e9nye szerint \u201eez m\u00e9g 2045-ben is \u00edgy lesz\u201d. A szerb eln\u00f6k azt \u00e1ll\u00edtotta, hogy Horv\u00e1torsz\u00e1gban n\u00e1ci k\u00f6sz\u00f6nt\u00e9seket hazafias dalok r\u00e9szek\u00e9nt pr\u00f3b\u00e1lnak elfogadhat\u00f3v\u00e1 tenni.<\/p>\n<p>Gratul\u00e1lok a horv\u00e1toknak ehhez a patriotizmushoz<\/p>\n<p>\u2212\u00a0g\u00fanyol\u00f3dott a szerb eln\u00f6k.<\/p>\n<p>                        T\u00edzezreket v\u00e1rnak a szerbiai temet\u00e9sre<\/p>\n<p>Ratko Mladic, a boszniai szerb hadsereg egykori parancsnoka augusztus 27-\u00e9n, <a href=\"https:\/\/index.hu\/kulfold\/2026\/08\/27\/eletfogytiglani-borton-gyasz-halalhir-ratko-mladic-meghalt\/\" id=\"hyperlink_f9055f020b20742dec26256d1740a50d\" target=\"_blank\" title=\"Meghalt Ratko Mladic, a srebrenicai n\u00e9pirt\u00e1s\u00e9rt el\u00edt\u00e9lt h\u00e1bor\u00fas b\u0171n\u00f6s\" data-recommendation=\"bekezdes_utan\" data-recommendation-preview=\"{\" og:title=\"\" rel=\"nofollow noopener\">84 \u00e9ves kor\u00e1ban halt meg H\u00e1g\u00e1ban<\/a>. A t\u00e1bornokot az 1992 \u00e9s 1995 k\u00f6z\u00f6tti boszniai h\u00e1bor\u00faban a boszniai szerb hadsereg vez\u00e9rkari f\u0151n\u00f6kek\u00e9nt elk\u00f6vetett b\u0171ncselekm\u00e9nyei miatt \u00edt\u00e9lte \u00e9letfogytig tart\u00f3 szabads\u00e1gveszt\u00e9sre 2017 november\u00e9ben a volt Jugoszl\u00e1via ter\u00fclet\u00e9n elk\u00f6vetett h\u00e1bor\u00fas b\u0171n\u00f6ket vizsg\u00e1l\u00f3 h\u00e1gai Nemzetk\u00f6zi T\u00f6rv\u00e9nysz\u00e9k. Fellebbez\u00e9s ut\u00e1n az \u00edt\u00e9letet 2021-ben helybenhagyt\u00e1k \u00e9s joger\u0151re emelkedett. Mladicot el\u0151tte csaknem 16 \u00e9vi szerbiai bujk\u00e1l\u00e1s ut\u00e1n, 2011 m\u00e1jus\u00e1ban fogt\u00e1k el a szerb hat\u00f3s\u00e1gok, \u00e9s kiadt\u00e1k a h\u00e1gai t\u00f6rv\u00e9nysz\u00e9knek.<\/p>\n<p>Holttest\u00e9t cs\u00fct\u00f6rt\u00f6k\u00f6n <a href=\"https:\/\/index.hu\/kulfold\/2026\/08\/28\/ratko-mladic-szerbia-jugoszlavia-delszlav-haboru-tuntetes\/\" id=\"hyperlink_92f42e1e4a9134bc0c170ce3664b73e2\" target=\"_blank\" title=\"Megd\u00f6bbent\u0151 jelenetek: h\u0151sk\u00e9nt b\u00facs\u00faztatt\u00e1k a n\u00e9pirt\u00e1s\u00e9rt el\u00edt\u00e9lt t\u00f6meggyilkost\" data-recommendation=\"bekezdes_utan\" data-recommendation-preview=\"{&quot;og:title&quot;:&quot;Megd\u00f6bbent\\u0151 jelenetek: h\\u0151sk\u00e9nt b\u00facs\u00faztatt\u00e1k a n\u00e9pirt\u00e1s\u00e9rt el\u00edt\u00e9lt t\u00f6meggyilkost&quot;,&quot;og:description&quot;:&quot;Hal\u00e1la ut\u00e1n \u00fcnnepelt\u00e9k az utc\u00e1kon.&quot;,&quot;og:image&quot;:&quot;\\\/\\\/kep.cdn.indexvas.hu\\\/1\\\/0\\\/7129\\\/71298\\\/712981\\\/71298135_5257687_09d77632bdb9343d1d847e7dfd4500ce_wm.jpg&quot;}\" data-recommendation-id=\"6269457\" rel=\"nofollow noopener\">Szerbi\u00e1ba<\/a> sz\u00e1ll\u00edtott\u00e1k. Alekszandar Vucsics k\u00f6z\u00f6lte: a temet\u00e9s r\u00e9szleteir\u0151l a csal\u00e1d d\u00f6nt, a szerb \u00e1llam pedig logisztikai, k\u00f6zleked\u00e9si \u00e9s biztons\u00e1gi seg\u00edts\u00e9get biztos\u00edt. A szerb eln\u00f6k szerint a biztons\u00e1gi szolg\u00e1latok t\u00f6bb t\u00edzezer r\u00e9sztvev\u0151vel sz\u00e1molnak a temet\u00e9sen.<\/p>\n<p>Nenad Vujic szerb igazs\u00e1g\u00fcgyi miniszter kor\u00e1bban \u00fagy nyilatkozott, hogy Ratko Mladicot \u201emegilleti minden olyan katonai \u00e9s \u00e1llami tiszteletad\u00e1s, amelyre jogosult\u201d.<\/p>\n<p>\n                          (Bor\u00edt\u00f3k\u00e9p:\u00a0Andrej Plenkovi\u0107 horv\u00e1t minisztereln\u00f6k (balra) \u00e9s Aleksandar Vu\u010di\u0107 szerb eln\u00f6k (jobbra) r\u00e9szt vesznek egy vezet\u0151i panelbesz\u00e9lget\u00e9sen 2020. augusztus 31-\u00e9n. Fot\u00f3:\u00a0Luka Dakskobler \/ SOPA Images \/ Getty Images)\n                        <\/p>\n<p><a href=\"https:\/\/dex.hu\/x.php?id=googlepref_desktop&amp;url=https:\/\/google.com\/preferences\/source?q=https:\/\/index.hu\" class=\"google-pref-banner \" id=\"googlePrefBanner\" rel=\"nofollow noopener\" target=\"_blank\"><\/p>\n<p>    Itt \u00e1ll\u00edtsa be, hogy az Index az els\u0151k k\u00f6z\u00f6tt legyen a Google-tal\u00e1latokban!<\/p>\n<p><\/a><\/p>\n<p>    <img decoding=\"async\" src=\"https:\/\/index.hu\/assets\/images\/social-follow\/logo-big.svg\" alt=\"Index.hu logo\"\/><\/p>\n<p>K\u00f6vesse az Indexet Facebookon is!<\/p>\n<p>    <a href=\"https:\/\/facebook.com\/Indexhu\" target=\"_blank\" rel=\"nofollow noopener\"><\/p>\n<p>        K\u00f6vetem!<br \/>\n    <\/a><\/p>\n","protected":false},"excerpt":{"rendered":"Szerbia nem k\u00f6zeledhet az Eur\u00f3pai Uni\u00f3hoz, ha \u00e1llami tiszteletad\u00e1sban r\u00e9szes\u00edti a h\u00e1bor\u00fas b\u0171n\u00f6k\u00e9rt \u00e9s n\u00e9pirt\u00e1s\u00e9rt \u00e9letfogytiglani szabads\u00e1gveszt\u00e9sre \u00edt\u00e9lt&hellip;\n","protected":false},"author":2,"featured_media":232255,"comment_status":"","ping_status":"","sticky":false,"template":"","format":"standard","meta":{"footnotes":"","_share_on_mastodon":"0"},"categories":[33],"tags":[19277,12644,38,35,37,61275,44,42,40,64,43,41,34,24553,39765,836,36,39,4773],"class_list":["post-232254","post","type-post","status-publish","format-standard","has-post-thumbnail","category-hirek","tag-alekszandar-vucsics","tag-andrej-plenkovic","tag-focimek","tag-headlines","tag-hirek","tag-horvat-kormanyfo","tag-hu","tag-hungarian","tag-hungary","tag-kulfold","tag-magyar","tag-magyarorszag","tag-news","tag-ratko-mladic","tag-szerb-elnok","tag-temetes","tag-top-stories","tag-vezeto-hirek","tag-vita"],"share_on_mastodon":{"url":"https:\/\/pubeurope.com\/@hu\/117211217959225695","error":""},"_links":{"self":[{"href":"https:\/\/www.europesays.com\/hu\/wp-json\/wp\/v2\/posts\/232254","targetHints":{"allow":["GET"]}}],"collection":[{"href":"https:\/\/www.europesays.com\/hu\/wp-json\/wp\/v2\/posts"}],"about":[{"href":"https:\/\/www.europesays.com\/hu\/wp-json\/wp\/v2\/types\/post"}],"author":[{"embeddable":true,"href":"https:\/\/www.europesays.com\/hu\/wp-json\/wp\/v2\/users\/2"}],"replies":[{"embeddable":true,"href":"https:\/\/www.europesays.com\/hu\/wp-json\/wp\/v2\/comments?post=232254"}],"version-history":[{"count":0,"href":"https:\/\/www.europesays.com\/hu\/wp-json\/wp\/v2\/posts\/232254\/revisions"}],"wp:featuredmedia":[{"embeddable":true,"href":"https:\/\/www.europesays.com\/hu\/wp-json\/wp\/v2\/media\/232255"}],"wp:attachment":[{"href":"https:\/\/www.europesays.com\/hu\/wp-json\/wp\/v2\/media?parent=232254"}],"wp:term":[{"taxonomy":"category","embeddable":true,"href":"https:\/\/www.europesays.com\/hu\/wp-json\/wp\/v2\/categories?post=232254"},{"taxonomy":"post_tag","embeddable":true,"href":"https:\/\/www.europesays.com\/hu\/wp-json\/wp\/v2\/tags?post=232254"}],"curies":[{"name":"wp","href":"https:\/\/api.w.org\/{rel}","templated":true}]}}