{"id":232262,"date":"2026-09-04T06:04:06","date_gmt":"2026-09-04T06:04:06","guid":{"rendered":"https:\/\/www.europesays.com\/hu\/232262\/"},"modified":"2026-09-04T06:04:06","modified_gmt":"2026-09-04T06:04:06","slug":"index-kulfold-oroszorszag-haboruja-ukrajnaban-az-index-penteki-hirosszefoglaloja-6","status":"publish","type":"post","link":"https:\/\/www.europesays.com\/hu\/232262\/","title":{"rendered":"Index &#8211; K\u00fclf\u00f6ld &#8211; Oroszorsz\u00e1g h\u00e1bor\u00faja Ukrajn\u00e1ban \u2013 az Index p\u00e9nteki h\u00edr\u00f6sszefoglal\u00f3ja"},"content":{"rendered":"<p>Johann Wadephul n\u00e9met k\u00fcl\u00fcgyminiszter cs\u00fct\u00f6rt\u00f6k\u00f6n sajn\u00e1lat\u00e1t fejezte ki a Goethe Int\u00e9zet oroszorsz\u00e1gi bez\u00e1rat\u00e1sa miatt.<\/p>\n<p>A Goethe Int\u00e9zet nap mint nap kiemelked\u0151 szerepet j\u00e1tszik az Oroszorsz\u00e1g \u00e9s N\u00e9metorsz\u00e1g k\u00f6z\u00f6tti gy\u00fcm\u00f6lcs\u00f6z\u0151 kultur\u00e1lis \u00e9s t\u00e1rsadalmi kapcsolatok el\u0151mozd\u00edt\u00e1s\u00e1ban, az ukrajnai h\u00e1bor\u00fa kit\u00f6r\u00e9se \u00f3ta a legnehezebb k\u00f6r\u00fclm\u00e9nyek k\u00f6z\u00f6tt<\/p>\n<p>\u2013 jelentette ki a kereszt\u00e9nydemokrata (CDU) politikus az MTI szerint a francia \u00e9s lengyel hivatali partnereivel Weimarban tartott megbesz\u00e9l\u00e9s\u00e9n.<\/p>\n<p>Szergej Lavrov orosz k\u00fcl\u00fcgyminiszter cs\u00fct\u00f6rt\u00f6k\u00f6n jelentette be, hogy bez\u00e1rj\u00e1k a Goethe Int\u00e9zet moszkvai, szentp\u00e9terv\u00e1ri \u00e9s jekatyerinburgi kirendelts\u00e9g\u00e9t, v\u00e1laszul arra, hogy a n\u00e9met hat\u00f3s\u00e1gok \u00fagy d\u00f6nt\u00f6ttek, hogy megsz\u00fcntetik a berlini Orosz H\u00e1z m\u0171k\u00f6d\u00e9s\u00e9t. A n\u00e9met k\u00fcl\u00fcgyminiszter indokolatlannak nevezte az int\u00e9zked\u00e9st, \u00e9s \u00fagy fogalmazott, hogy a l\u00e9p\u00e9s \u201enagyon sajn\u00e1latos, mert tov\u00e1bb rontja kapcsolatainkat\u201d.<\/p>\n<p>Johann Wadephul hangs\u00falyozta, hogy k\u00fcl\u00f6n\u00f6sen az\u00e9rt indokolatlan a Goethe Int\u00e9zet oroszorsz\u00e1gi bez\u00e1rat\u00e1sa, mert a n\u00e9met korm\u00e1ny a berlini Orosz H\u00e1z bez\u00e1r\u00e1s\u00e1val egy szerinte egy\u00e9rtelm\u0171en Oroszorsz\u00e1gnak tulajdon\u00edthat\u00f3 t\u00e1mad\u00e1sra, a lipcsei rept\u00e9ren megk\u00eds\u00e9relt dr\u00f3nos robbant\u00e1sra reag\u00e1lt.<\/p>\n<p>A Goethe Int\u00e9zet Oroszorsz\u00e1gban is fontos funkci\u00f3t l\u00e1tott el mint kultur\u00e1lis \u00f6sszek\u00f6t\u0151, \u00e9s k\u00e9szek lenn\u00e9nk ezt folytatni<\/p>\n<p>\u2013 mondta Johann Wadephul, hangs\u00falyozva, hogy az emberek k\u00f6z\u00f6tt N\u00e9metorsz\u00e1gban \u00e9s Oroszorsz\u00e1gban \u201ealapvet\u0151en mindig is j\u00f3 \u00e9s bar\u00e1ts\u00e1gos viszony volt\u201d. \u201eA jelenlegi helyzetben a probl\u00e9ma val\u00f3j\u00e1ban az orosz vezet\u00e9s\u201d \u2013 jegyezte meg, kijelentve, hogy az Orosz H\u00e1z m\u00e1r r\u00e9g\u00f3ta nem felel meg kultur\u00e1lis \u00e9s tudom\u00e1nyos k\u00f6zpont szerep\u00e9nek.<\/p>\n<p>Gesche Joost, a Goethe Int\u00e9zet eln\u00f6ke arr\u00f3l besz\u00e9lt, hogy oroszorsz\u00e1gi int\u00e9zeteik \u00e9vek \u00f3ta nem tudtak sz\u00e9les k\u00f6r\u0171 k\u00f6z\u00f6ns\u00e9get el\u00e9rni. Az int\u00e9zet munk\u00e1j\u00e1t \u201em\u00e1r az elm\u00falt \u00e9vekben is egyre jobban korl\u00e1tozt\u00e1k\u201d \u2013 tette hozz\u00e1, miut\u00e1n m\u00e1r 2023-ban jelent\u0151sen cs\u00f6kkentett\u00e9k p\u00e9ld\u00e1ul az alkalmazottak sz\u00e1m\u00e1t.<\/p>\n<p>A n\u00e9met nyelvoktat\u00e1s tov\u00e1bbra is n\u00e9pszer\u0171 maradt, Moszkv\u00e1ban tov\u00e1bbra is vannak olyan iskol\u00e1k, ahol a n\u00e9metet oktatj\u00e1k els\u0151 idegen nyelvk\u00e9nt. Gesche Joost szerint m\u00e9g a Kremlhez h\u0171 k\u00e9pvisel\u0151k \u2013 p\u00e9ld\u00e1ul Vlagyiszlav Belov moszkvai N\u00e9metorsz\u00e1g-szak\u00e9rt\u0151 \u2013 is azzal \u00e9rveltek, hogy a Goethe int\u00e9zeteket, valamint a berlini Orosz H\u00e1zat meg kell \u0151rizni, k\u00fcl\u00f6nben \u201em\u00e9g a kev\u00e9s megmaradt kultur\u00e1lis \u00e9s szem\u00e9lyes kapcsolatok is megszakadnak\u201d.<\/p>\n","protected":false},"excerpt":{"rendered":"Johann Wadephul n\u00e9met k\u00fcl\u00fcgyminiszter cs\u00fct\u00f6rt\u00f6k\u00f6n sajn\u00e1lat\u00e1t fejezte ki a Goethe Int\u00e9zet oroszorsz\u00e1gi bez\u00e1rat\u00e1sa miatt. A Goethe Int\u00e9zet nap&hellip;\n","protected":false},"author":2,"featured_media":232263,"comment_status":"","ping_status":"","sticky":false,"template":"","format":"standard","meta":{"footnotes":"","_share_on_mastodon":"0"},"categories":[8],"tags":[849,65,429,813,42,847,64,43,848,103,34,845,102,58,94,299,846,93,92],"class_list":["post-232262","post","type-post","status-publish","format-standard","has-post-thumbnail","category-vilag","tag-beketargyalas","tag-donald-trump","tag-europai-unio","tag-haboru","tag-hungarian","tag-kijev","tag-kulfold","tag-magyar","tag-moszkva","tag-nato","tag-news","tag-orosz-ukran-konfliktus","tag-oroszorszag","tag-ukrajna","tag-vilag","tag-vlagyimir-putyin","tag-volodimir-zelenszkij","tag-world","tag-world-news"],"share_on_mastodon":{"url":"https:\/\/pubeurope.com\/@hu\/117211265115908017","error":""},"_links":{"self":[{"href":"https:\/\/www.europesays.com\/hu\/wp-json\/wp\/v2\/posts\/232262","targetHints":{"allow":["GET"]}}],"collection":[{"href":"https:\/\/www.europesays.com\/hu\/wp-json\/wp\/v2\/posts"}],"about":[{"href":"https:\/\/www.europesays.com\/hu\/wp-json\/wp\/v2\/types\/post"}],"author":[{"embeddable":true,"href":"https:\/\/www.europesays.com\/hu\/wp-json\/wp\/v2\/users\/2"}],"replies":[{"embeddable":true,"href":"https:\/\/www.europesays.com\/hu\/wp-json\/wp\/v2\/comments?post=232262"}],"version-history":[{"count":0,"href":"https:\/\/www.europesays.com\/hu\/wp-json\/wp\/v2\/posts\/232262\/revisions"}],"wp:featuredmedia":[{"embeddable":true,"href":"https:\/\/www.europesays.com\/hu\/wp-json\/wp\/v2\/media\/232263"}],"wp:attachment":[{"href":"https:\/\/www.europesays.com\/hu\/wp-json\/wp\/v2\/media?parent=232262"}],"wp:term":[{"taxonomy":"category","embeddable":true,"href":"https:\/\/www.europesays.com\/hu\/wp-json\/wp\/v2\/categories?post=232262"},{"taxonomy":"post_tag","embeddable":true,"href":"https:\/\/www.europesays.com\/hu\/wp-json\/wp\/v2\/tags?post=232262"}],"curies":[{"name":"wp","href":"https:\/\/api.w.org\/{rel}","templated":true}]}}