{"id":232270,"date":"2026-09-04T06:13:12","date_gmt":"2026-09-04T06:13:12","guid":{"rendered":"https:\/\/www.europesays.com\/hu\/232270\/"},"modified":"2026-09-04T06:13:12","modified_gmt":"2026-09-04T06:13:12","slug":"simor-oliver-ablaktisztitokent-dolgozik-femina","status":"publish","type":"post","link":"https:\/\/www.europesays.com\/hu\/232270\/","title":{"rendered":"Simor Oliv\u00e9r ablaktiszt\u00edt\u00f3k\u00e9nt dolgozik | Femina"},"content":{"rendered":"<p data-alignment=\"left\" class=\"text-left\" data-block-key=\"3eq8p\">Simor Oliv\u00e9rt jelenleg a TV2 nagyszab\u00e1s\u00fa kalandrealityj\u00e9ben, a Farm VIP 6. \u00e9vad\u00e1ban l\u00e1thatj\u00e1k a n\u00e9z\u0151k, de egy\u00e1ltal\u00e1n nem ez az els\u0151 telev\u00edzi\u00f3s m\u0171sor, amiben felt\u0171nt. B\u00e1r a kamer\u00e1k \u00e9s a reflektorf\u00e9ny vil\u00e1ga cseppet sem idegen sz\u00e1m\u00e1ra, a stabil kereset\u00e9t sok\u00e1ig egy teljesen h\u00e9tk\u00f6znapi, fizikai munk\u00e1b\u00f3l biztos\u00edtotta mag\u00e1nak.<\/p>\n<p>      Simor Oliv\u00e9r ablaktiszt\u00edt\u00f3k\u00e9nt dolgozik<\/p>\n<p data-alignment=\"left\" class=\"text-left\" data-block-key=\"cj90q\">Simor Oliv\u00e9r nev\u00e9t \u00e9s arc\u00e1t m\u00e9g a 2010-es\u00a0Val\u00f3Vil\u00e1g\u00a04. sz\u00e9ri\u00e1j\u00e1ban ismerhette meg az orsz\u00e1g, most pedig a vid\u00e9ki, <a href=\"https:\/\/femina.hu\/hazai_sztar\/nemeth-kristof-farm-vip\/\" rel=\"nofollow noopener\" target=\"_blank\">tanyasi \u00e9letben teszi pr\u00f3b\u00e1ra mag\u00e1t a\u00a0Farm VIP-ben.<\/a><\/p>\n<p>                <img decoding=\"async\" alt=\"\" class=\"max-h-[600px] w-auto block mx-auto\" height=\"400\" loading=\"lazy\"  src=\"https:\/\/www.europesays.com\/hu\/wp-content\/uploads\/2026\/09\/Simor_Oliver.format-jpeg.height-400.jpg\"  width=\"266\"\/><\/p>\n<p>    Fot\u00f3: TV2<\/p>\n<p data-alignment=\"left\" class=\"text-left\" data-block-key=\"3eq8p\">Az RTL-es val\u00f3s\u00e1gshow ut\u00e1n komoly c\u00e9lokat t\u0171z\u00f6tt ki maga el\u00e9, \u00e9s a sz\u00edn\u00e9szet vil\u00e1ga fel\u00e9 fordult. <a href=\"https:\/\/femina.hu\/hazai_sztar\/vv-oliver-ma\/\" rel=\"nofollow noopener\" target=\"_blank\">\u00c9veken \u00e1t \u00e9p\u00edtette a filmes karrierj\u00e9t<\/a>, kitart\u00f3 munk\u00e1j\u00e1nak k\u00f6sz\u00f6nhet\u0151en pedig t\u00f6bb produkci\u00f3ban is bizony\u00edthatott sz\u00edn\u00e9szk\u00e9nt. Szerepelt p\u00e9ld\u00e1ul a\u00a0Bonus Trip\u00a0c\u00edm\u0171 nemzetk\u00f6zi akci\u00f3v\u00edgj\u00e1t\u00e9kban is, ahol r\u00e1ad\u00e1sul egyenesen a f\u0151szerepet kapta meg.<\/p>\n<p data-alignment=\"left\" class=\"text-left\" data-block-key=\"5o7bj\">Egy k\u00e9t \u00e9vvel ezel\u0151tti interj\u00faban azonban el\u00e1rulta, hogy hi\u00e1ba l\u00e9pett sz\u00edn\u00e9szi p\u00e1ly\u00e1ra \u00e9s jutott nagyszer\u0171 filmes lehet\u0151s\u00e9gekhez, akkoriban egy\u00e1ltal\u00e1n nem ebb\u0151l \u00e9lt, hanem ablaktiszt\u00edt\u00e1sb\u00f3l.<\/p>\n<p data-alignment=\"left\" class=\"text-left\" data-block-key=\"3eq8p\"><a href=\"https:\/\/www.youtube.com\/watch?v=kU0_QIav1Y4\" target=\"_blank\" rel=\" noopener noreferrer nofollow\">A\u00a0Palik\u00e9k Vil\u00e1ga\u00a0podcastben<\/a> mes\u00e9lt r\u00e9szletesen a munk\u00e1j\u00e1r\u00f3l.<\/p>\n<p data-alignment=\"left\" class=\"text-left\" data-block-key=\"4kl32\">&#8211; Nekem van az\u00e9rt a f\u0151 foglalkoz\u00e1som \u00e9n ablaktiszt\u00edt\u00f3 vagyok nekem van egy kis v\u00e1llalkoz\u00e1som megvannak az \u00e1lland\u00f3 \u00fcgyfeleim ahova j\u00e1rok ki ablakot h\u00fazni.<\/p>\n<p data-alignment=\"left\" class=\"text-left\" data-block-key=\"952gv\"><a href=\"https:\/\/story.hu\/napi-friss\/2026\/09\/02\/farm-vip-vv-oliver-civil-munka\/2vbthpq\" target=\"_blank\" rel=\" noopener noreferrer nofollow\">A\u00a0Story.hu kider\u00edtette<\/a>, hogy az ablaktiszt\u00edt\u00e1s nem csak valamilyen beugr\u00f3s vagy alkalmi feketemunka volt sz\u00e1m\u00e1ra. A nyilv\u00e1nos c\u00e9gadatok \u00e9s a hivatalos inform\u00e1ci\u00f3k alapj\u00e1n Simor Oliv\u00e9r 2023-ban egy \u00e1ltal\u00e1nos \u00e9p\u00fclettakar\u00edt\u00e1sra bejegyzett, hivatalos egy\u00e9ni v\u00e1llalkoz\u00e1st alap\u00edtott, ami a mai napig akt\u00edvk\u00e9nt szerepel az adatb\u00e1zisokban.<\/p>\n<p data-alignment=\"left\" class=\"text-left\" data-block-key=\"224o5\">Az interj\u00faban Simor Oliv\u00e9r elmondta, hogy mag\u00e1nlak\u00e1sokhoz, irod\u00e1khoz \u00e9s nagyobb c\u00e9gekhez egyar\u00e1nt j\u00e1rt ablakot mosni. Kifejezetten szerette ezt a civil szakm\u00e1t, mert a mindennapokban csak a saj\u00e1t maga ura lehetett. Azt a munk\u00e1t v\u00e1llalta el, amit \u0151 akart, \u00e9s teljesen szabadon, a saj\u00e1t ig\u00e9nyei szerint osztotta be az idej\u00e9t.<\/p>\n<p data-alignment=\"left\" class=\"text-left\" data-block-key=\"9o275\">B\u00e1r a fizikai munka \u00e9s a saj\u00e1t c\u00e9g biztos\u00edtotta sz\u00e1m\u00e1ra a stabil meg\u00e9lhet\u00e9st, a filmes \u00e1lmokat term\u00e9szetesen sosem adta fel. Gyerekkora \u00f3ta rajong a mozi\u00e9rt, a kezdetekben dolgozott statisztak\u00e9nt, s\u0151t, a hollywoodi szt\u00e1r, Chris O\u2019Donnell f\u00e9ny- \u00e9s k\u00e9pdubl\u0151rek\u00e9nt is kipr\u00f3b\u00e1lhatta mag\u00e1t.<\/p>\n<p data-alignment=\"left\" class=\"text-left\" data-block-key=\"dn12n\">A val\u00f3s\u00e1gshow szt\u00e1r kor\u00e1bban \u00e9veket \u00e9lt az Egyes\u00fclt \u00c1llamokban is, hogy k\u00fclf\u00f6ld\u00f6n pr\u00f3b\u00e1ljon szerencs\u00e9t, de az \u00e9let \u00e9s a tapasztalatok megtan\u00edtott\u00e1k arra, hogy a sz\u00f3rakoztat\u00f3ipar vil\u00e1ga rendk\u00edv\u00fcl kisz\u00e1m\u00edthatatlan, ez\u00e9rt, ahogy \u0151 fogalmazott, fontos volt sz\u00e1m\u00e1ra, hogy a realit\u00e1s talaj\u00e1n maradjon \u00e9s legyen egy biztos meg\u00e9lhet\u00e9se.<\/p>\n<p>            <a href=\"https:\/\/femina.hu\/hazai_sztar\/vv-soma-ma\/\" rel=\"nofollow noopener\" target=\"_blank\"><\/p>\n<p>              <img decoding=\"async\" src=\"https:\/\/femina.hu\/neon\/media\/images\/68045579_5023665_1ba12969f2ad30.format-avif.max-600x400.avif\" alt=\"Felismerhetetlen 36 \u00e9vesen a Val\u00f3Vil\u00e1g nyertese: erre ment el a milli\u00f3s nyerem\u00e9nye\" class=\"w-full object-cover aspect-square rounded-[24px]\" loading=\"lazy\"\/><\/p>\n<p>            <\/a><\/p>\n<p>          Felismerhetetlen 36 \u00e9vesen a Val\u00f3Vil\u00e1g nyertese: erre ment el a milli\u00f3s nyerem\u00e9nye<\/p>\n<p class=\"!text-[18px] !leading-[28px] !mb-0\">\n          A Val\u00f3 Vil\u00e1g 8. sz\u00e9ri\u00e1j\u00e1nak nyertese, VV Soma okosan b\u00e1nt a nyerem\u00e9ny\u00e9vel.\n        <\/p>\n<p>          <a href=\"https:\/\/femina.hu\/hazai_sztar\/vv-soma-ma\/\" target=\"_blank\" rel=\"noopener noreferrer nofollow\" class=\"!no-underline !text-black flex justify-center items-center text-[20px] h-[62px] w-fit default-rounded-button content-center px-6 py-4 font-semibold after:content-[&#039;&#039;] after:inline-block after:h-[1em] after:w-[1.5em] after:ml-[1em] after:bg-[url(&#039;\/static\/images\/femina\/arrow_link_right.svg&#039;)] after:bg-no-repeat after:bg-center after:bg-[length:100%_auto]\"><br \/>\n            Elolvasom<br \/>\n          <\/a><\/p>\n<p>&#13;<br \/>\n  &#13;\n<\/p>\n<p>`, adoceanServer:&#8221;indexhu.adocean.pl&#8221;, tags:&#8221;[\\u0022szt\\u005Cu00e1r\\u0022, \\u0022farm vip\\u0022, \\u0022val\\u005Cu00f3 vil\\u005Cu00e1g\\u0022, \\u0022sz\\u005Cu00edn\\u005Cu00e9sz\\u0022, \\u0022munka\\u0022, \\u0022amerika\\u0022, \\u0022ablaktiszt\\u005Cu00edt\\u005Cu00e1s\\u0022]&#8221;, identCodes:&#8221;{\\u0022fe30\\u0022: \\u00221\\u0022, \\u0022fe06\\u0022: \\u00221\\u0022}&#8221;})&#8221;<br \/>\n      :id=&#8221;zoneId&#8221; x-cloak<\/p>\n<p>      class=&#8221;ad-node &#8221; x-init=&#8221;load();&#8221;&gt;<\/p>\n<p>\n  hirdet\u00e9s\n<\/p>\n<p><a href=\"https:\/\/google.com\/preferences\/source?q=https%3A\/\/femina.hu\" rel=\"noopener nofollow\" referrerpolicy=\"no-referrer-when-downgrade\" class=\"!flex !items-center !gap-5 !py-2 !px-3 w-full !rounded-xl !font-bold cursor-pointer !no-underline relative !bg-white !text-[#202124] !border !border-[#858585] dark:!bg-[#323232] dark:!text-white dark:border-none my-4 \" target=\"_blank\"><br \/>\n  <img decoding=\"async\" src=\"https:\/\/femina.hu\/neon\/static\/images\/favicons\/google_favicon.svg\" alt=\"Google\" class=\"shrink-0 w-7 h-7\"\/><br \/>\n  \u00c1ll\u00edtsd be a Google keres\u0151j\u00e9t, hogy a tal\u00e1latok k\u00f6z\u00f6tt biztos ott legyen a Femina!<\/p>\n<p><\/a><\/p>\n","protected":false},"excerpt":{"rendered":"Simor Oliv\u00e9rt jelenleg a TV2 nagyszab\u00e1s\u00fa kalandrealityj\u00e9ben, a Farm VIP 6. \u00e9vad\u00e1ban l\u00e1thatj\u00e1k a n\u00e9z\u0151k, de egy\u00e1ltal\u00e1n nem&hellip;\n","protected":false},"author":2,"featured_media":232271,"comment_status":"","ping_status":"","sticky":false,"template":"","format":"standard","meta":{"footnotes":"","_share_on_mastodon":"0"},"categories":[16],"tags":[61276,1765,137,19049,44,42,40,43,41,3554,144,138,205,7933],"class_list":["post-232270","post","type-post","status-publish","format-standard","has-post-thumbnail","category-szorakozas","tag-ablaktisztitas","tag-amerika","tag-entertainment","tag-farm-vip","tag-hu","tag-hungarian","tag-hungary","tag-magyar","tag-magyarorszag","tag-munka","tag-szinesz","tag-szorakozas","tag-sztar","tag-valo-vilag"],"share_on_mastodon":{"url":"https:\/\/pubeurope.com\/@hu\/117211300710520780","error":""},"_links":{"self":[{"href":"https:\/\/www.europesays.com\/hu\/wp-json\/wp\/v2\/posts\/232270","targetHints":{"allow":["GET"]}}],"collection":[{"href":"https:\/\/www.europesays.com\/hu\/wp-json\/wp\/v2\/posts"}],"about":[{"href":"https:\/\/www.europesays.com\/hu\/wp-json\/wp\/v2\/types\/post"}],"author":[{"embeddable":true,"href":"https:\/\/www.europesays.com\/hu\/wp-json\/wp\/v2\/users\/2"}],"replies":[{"embeddable":true,"href":"https:\/\/www.europesays.com\/hu\/wp-json\/wp\/v2\/comments?post=232270"}],"version-history":[{"count":0,"href":"https:\/\/www.europesays.com\/hu\/wp-json\/wp\/v2\/posts\/232270\/revisions"}],"wp:featuredmedia":[{"embeddable":true,"href":"https:\/\/www.europesays.com\/hu\/wp-json\/wp\/v2\/media\/232271"}],"wp:attachment":[{"href":"https:\/\/www.europesays.com\/hu\/wp-json\/wp\/v2\/media?parent=232270"}],"wp:term":[{"taxonomy":"category","embeddable":true,"href":"https:\/\/www.europesays.com\/hu\/wp-json\/wp\/v2\/categories?post=232270"},{"taxonomy":"post_tag","embeddable":true,"href":"https:\/\/www.europesays.com\/hu\/wp-json\/wp\/v2\/tags?post=232270"}],"curies":[{"name":"wp","href":"https:\/\/api.w.org\/{rel}","templated":true}]}}