{"id":232318,"date":"2026-09-04T07:14:12","date_gmt":"2026-09-04T07:14:12","guid":{"rendered":"https:\/\/www.europesays.com\/hu\/232318\/"},"modified":"2026-09-04T07:14:12","modified_gmt":"2026-09-04T07:14:12","slug":"jonnek-az-itelet-nelkuli-vagyonelkobzasok-az-ellenzek-nem-vett-reszt-a-montenegroi-parlament-ulesen","status":"publish","type":"post","link":"https:\/\/www.europesays.com\/hu\/232318\/","title":{"rendered":"J\u00f6nnek az \u00edt\u00e9let n\u00e9lk\u00fcli vagyonelkobz\u00e1sok \u2013 az ellenz\u00e9k nem vett r\u00e9szt a montenegr\u00f3i parlament \u00fcl\u00e9s\u00e9n"},"content":{"rendered":"<p>Elfogadta a montenegr\u00f3i parlament az illeg\u00e1lisan szerzett vagyon elkobz\u00e1s\u00e1r\u00f3l sz\u00f3l\u00f3, \u00fagynevezett maffiaellenes t\u00f6rv\u00e9nyt, amely bizonyos esetekben joger\u0151s elmarasztal\u00f3 \u00edt\u00e9let n\u00e9lk\u00fcl is lehet\u0151v\u00e9 teszi a b\u0171ncselekm\u00e9nyb\u0151l sz\u00e1rmaz\u00f3 vagyon v\u00e9gleges elkobz\u00e1s\u00e1t \u2013 k\u00f6z\u00f6lte p\u00e9ntekre virrad\u00f3ra a montenegr\u00f3i k\u00f6zszolg\u00e1lati telev\u00edzi\u00f3 (RTCG).<\/p>\n<p>A jogszab\u00e1lyt mind a 43 jelen l\u00e9v\u0151 k\u00e9pvisel\u0151 t\u00e1mogatta. Az ellenz\u00e9k egy r\u00e9sze nem vett r\u00e9szt a szavaz\u00e1sban, mert att\u00f3l tart, hogy a t\u00f6rv\u00e9ny vissza\u00e9l\u00e9sekre \u00e9s szelekt\u00edv alkalmaz\u00e1sra ad lehet\u0151s\u00e9get. Az ellenz\u00e9ki Egyes\u00fclt Reformakci\u00f3 Polg\u00e1ri Mozgalom (URA) 19 m\u00f3dos\u00edt\u00f3 ind\u00edtv\u00e1nyt ny\u00fajtott be, de egyiket sem fogadta el a parlament.<\/p>\n<p>A t\u00f6rv\u00e9ny egyik legfontosabb pontja, hogy b\u0171nszervezet l\u00e9trehoz\u00e1s\u00e1val, illetve b\u0171nszervezetben t\u00f6rt\u00e9n\u0151 r\u00e9szv\u00e9tellel kapcsolatos \u00fcgyekben a vagyon v\u00e9gleges elkobz\u00e1s\u00e1ra m\u00e1r a joger\u0151s b\u00fcntet\u0151 \u00edt\u00e9let el\u0151tt lehet\u0151s\u00e9g ny\u00edlhat. Az elj\u00e1r\u00e1st csak akkor lehet megind\u00edtani, ha a b\u00edr\u00f3s\u00e1g m\u00e1r meger\u0151s\u00edtette a v\u00e1diratot, illetve gyors\u00edtott elj\u00e1r\u00e1s eset\u00e9n kit\u0171zt\u00e9k a f\u0151t\u00e1rgyal\u00e1st.<\/p>\n<p>\t\t\t\t<img decoding=\"async\" src=\"https:\/\/www.europesays.com\/hu\/wp-content\/uploads\/2026\/09\/1788506052_682_nincs-cim_th.jpg\" alt=\" \" class=\"cikkajanlo-kep img-fluid mb-0\"\/><\/p>\n<p>Bojan Bozovic igazs\u00e1g\u00fcgyi miniszter szerint ezzel biztos\u00edtj\u00e1k, hogy a vagyonelkobz\u00e1s ne puszt\u00e1n gyan\u00fan alapuljon, hanem olyan b\u00fcntet\u0151elj\u00e1r\u00e1shoz kapcsol\u00f3djon, amely m\u00e1r \u00e1tesett a megfelel\u0151 b\u00edr\u00f3s\u00e1gi ellen\u0151rz\u00e9sen. Hozz\u00e1tette: a jogszab\u00e1ly tartalmazza a vissza\u00e9l\u00e9sek megakad\u00e1lyoz\u00e1s\u00e1hoz sz\u00fcks\u00e9ges ellen\u0151rz\u00e9si mechanizmusokat, \u00e9s az Eur\u00f3pai Bizotts\u00e1ggal is egyeztett\u00e9k.<\/p>\n<p>A t\u00f6rv\u00e9ny \u00e9rtelm\u00e9ben bizonyos felt\u00e9telek teljes\u00fcl\u00e9se eset\u00e9n a legal\u00e1bb 50 ezer eur\u00f3 (t\u00f6bb mint 18 milli\u00f3 forint) \u00e9rt\u00e9k\u0171, felt\u00e9telezhet\u0151en b\u0171ncselekm\u00e9nyb\u0151l sz\u00e1rmaz\u00f3 vagyon kobozhat\u00f3 el. Az \u00faj szab\u00e1lyoz\u00e1s lehet\u0151s\u00e9get teremt p\u00e9nz\u00fcgyi nyomoz\u00f3csoportok l\u00e9trehoz\u00e1s\u00e1ra is. A hat\u00f3s\u00e1gok a vagyon eredet\u00e9nek felt\u00e1r\u00e1sa \u00e9rdek\u00e9ben bankokt\u00f3l \u00e9s m\u00e1s p\u00e9nz\u00fcgyi int\u00e9zm\u00e9nyekt\u0151l, valamint digit\u00e1lis \u00e9s kriptoeszk\u00f6z\u00f6kkel kapcsolatos szolg\u00e1ltat\u00f3kt\u00f3l is k\u00e9rhetnek adatokat.<\/p>\n<p>A jogszab\u00e1ly alapj\u00e1n a csal\u00e1dtagokra vagy harmadik szem\u00e9lyekre \u00e1truh\u00e1zott vagyon is elkobozhat\u00f3, ha meg\u00e1llap\u00edtj\u00e1k, hogy az \u00e9rintettek tudt\u00e1k, tudhatt\u00e1k vagy tudniuk kellett, hogy az \u00e1truh\u00e1z\u00e1s c\u00e9lja a vagyonelkobz\u00e1s elker\u00fcl\u00e9se volt.<\/p>\n<p>\t\t\t\t<img decoding=\"async\" src=\"https:\/\/www.europesays.com\/hu\/wp-content\/uploads\/2026\/09\/1788506052_757_nincs-cim_th.jpg\" alt=\" \" class=\"cikkajanlo-kep img-fluid mb-0\"\/><\/p>\n<p>A t\u00f6rv\u00e9ny elfogad\u00e1s\u00e1t az ellenz\u00e9k egy r\u00e9sze b\u00edr\u00e1lta. A Szocialist\u00e1k Demokratikus P\u00e1rtja (DPS) szerint a szab\u00e1lyoz\u00e1s s\u00e9rtheti a tulajdonhoz val\u00f3 jogot \u00e9s az \u00e1rtatlans\u00e1g v\u00e9lelm\u00e9t, illetve fenn\u00e1ll annak a vesz\u00e9lye, hogy politikai c\u00e9lokra haszn\u00e1lj\u00e1k fel. Danijel Zivkovic, a DPS eln\u00f6ke azt mondta: p\u00e1rtja t\u00e1mogatja a gyan\u00fas eredet\u0171 vagyonok kivizsg\u00e1l\u00e1s\u00e1t, de csak olyan elj\u00e1r\u00e1sban, amely garant\u00e1lja a jogbiztons\u00e1got.<\/p>\n<p>Andrija Mandic h\u00e1zeln\u00f6k ezzel szemben a jelenlegi t\u00f6rv\u00e9nyhoz\u00e1si ciklus egyik legfontosabb jogszab\u00e1ly\u00e1nak nevezte a maffiaellenes t\u00f6rv\u00e9nyt. Megfogalmaz\u00e1sa szerint annak r\u00e9v\u00e9n el lehet kobozni azok vagyon\u00e1t, akik jogtalanul gazdagodtak meg Montenegr\u00f3 k\u00e1r\u00e1ra. \u201eAzt v\u00e1rjuk, hogy a t\u00f6rv\u00e9ny eredm\u00e9nyei igenis \u00e9rt\u00e9kesek lesznek Montenegr\u00f3 minden polg\u00e1ra sz\u00e1m\u00e1ra, \u00e9s a jogszab\u00e1y helyre\u00e1ll\u00edtja az igazs\u00e1goss\u00e1got \u00e9s a tisztess\u00e9get. Azokt\u00f3l pedig, akik jogtalanul kifosztott\u00e1k Montenegr\u00f3t, elkobozz\u00e1k a vagyonukat\u201d \u2013 h\u00fazta al\u00e1.<\/p>\n<p>A szervezett b\u0171n\u00f6z\u00e9s \u00e9s a korrupci\u00f3 elleni hat\u00e9konyabb fell\u00e9p\u00e9s Montenegr\u00f3 eur\u00f3pai uni\u00f3s csatlakoz\u00e1si folyamat\u00e1nak egyik kiemelt k\u00e9rd\u00e9se.<\/p>\n<p>(MTI)<\/p>\n","protected":false},"excerpt":{"rendered":"Elfogadta a montenegr\u00f3i parlament az illeg\u00e1lisan szerzett vagyon elkobz\u00e1s\u00e1r\u00f3l sz\u00f3l\u00f3, \u00fagynevezett maffiaellenes t\u00f6rv\u00e9nyt, amely bizonyos esetekben joger\u0151s elmarasztal\u00f3&hellip;\n","protected":false},"author":2,"featured_media":232319,"comment_status":"","ping_status":"","sticky":false,"template":"","format":"standard","meta":{"footnotes":"","_share_on_mastodon":"0"},"categories":[8],"tags":[42,1287,43,5125,1549,34,41634,94,93,92],"class_list":["post-232318","post","type-post","status-publish","format-standard","has-post-thumbnail","category-vilag","tag-hungarian","tag-maffia","tag-magyar","tag-montenegro","tag-nemzetkozi","tag-news","tag-vagyonelkobzas","tag-vilag","tag-world","tag-world-news"],"share_on_mastodon":{"url":"https:\/\/pubeurope.com\/@hu\/117211540030453988","error":""},"_links":{"self":[{"href":"https:\/\/www.europesays.com\/hu\/wp-json\/wp\/v2\/posts\/232318","targetHints":{"allow":["GET"]}}],"collection":[{"href":"https:\/\/www.europesays.com\/hu\/wp-json\/wp\/v2\/posts"}],"about":[{"href":"https:\/\/www.europesays.com\/hu\/wp-json\/wp\/v2\/types\/post"}],"author":[{"embeddable":true,"href":"https:\/\/www.europesays.com\/hu\/wp-json\/wp\/v2\/users\/2"}],"replies":[{"embeddable":true,"href":"https:\/\/www.europesays.com\/hu\/wp-json\/wp\/v2\/comments?post=232318"}],"version-history":[{"count":0,"href":"https:\/\/www.europesays.com\/hu\/wp-json\/wp\/v2\/posts\/232318\/revisions"}],"wp:featuredmedia":[{"embeddable":true,"href":"https:\/\/www.europesays.com\/hu\/wp-json\/wp\/v2\/media\/232319"}],"wp:attachment":[{"href":"https:\/\/www.europesays.com\/hu\/wp-json\/wp\/v2\/media?parent=232318"}],"wp:term":[{"taxonomy":"category","embeddable":true,"href":"https:\/\/www.europesays.com\/hu\/wp-json\/wp\/v2\/categories?post=232318"},{"taxonomy":"post_tag","embeddable":true,"href":"https:\/\/www.europesays.com\/hu\/wp-json\/wp\/v2\/tags?post=232318"}],"curies":[{"name":"wp","href":"https:\/\/api.w.org\/{rel}","templated":true}]}}