{"id":232322,"date":"2026-09-04T07:16:06","date_gmt":"2026-09-04T07:16:06","guid":{"rendered":"https:\/\/www.europesays.com\/hu\/232322\/"},"modified":"2026-09-04T07:16:06","modified_gmt":"2026-09-04T07:16:06","slug":"kizuhant-egy-dolgozo-a-mentoszekhaz-hetedik-emeleterol","status":"publish","type":"post","link":"https:\/\/www.europesays.com\/hu\/232322\/","title":{"rendered":"Kizuhant egy dolgoz\u00f3 a ment\u0151sz\u00e9kh\u00e1z hetedik emelet\u00e9r\u0151l"},"content":{"rendered":"<p>Cs\u00fct\u00f6rt\u00f6k\u00f6n egy, a budapesti ment\u0151sz\u00e9kh\u00e1zban dolgoz\u00f3 szem\u00e9ly kizuhant az \u00e9p\u00fcletb\u0151l \u2013\u00edrja az <a target=\"_blank\" rel=\"nofollow noopener\" href=\"https:\/\/www.atv.hu\/belfold\/20260903\/kizuhant-mentoszekhaz-dolgozo\/\">atv.hu. <\/a><\/p>\n<p>A port\u00e1l megkereste az Orsz\u00e1gos Ment\u0151szolg\u00e1latot az Orsz\u00e1gos Ment\u0151szolg\u00e1lat F\u0151igazgat\u00f3s\u00e1g\u00e1n t\u00f6rt\u00e9nt eset kapcs\u00e1n, ahonnan az al\u00e1bbi v\u00e1laszt kapt\u00e1k:<\/p>\n<p>Az eset k\u00f6r\u00fclm\u00e9nyeinek tiszt\u00e1z\u00e1sa jelenleg is folyamatban van. Az Orsz\u00e1gos Ment\u0151szolg\u00e1lat az elhunyt bajt\u00e1rs csal\u00e1dja \u00e9s a bajt\u00e1rsi k\u00f6z\u00f6ss\u00e9g mellett \u00e1ll \u00e9s minden sz\u00fcks\u00e9ges t\u00e1mogat\u00e1st megad sz\u00e1mukra.<\/p>\n","protected":false},"excerpt":{"rendered":"Cs\u00fct\u00f6rt\u00f6k\u00f6n egy, a budapesti ment\u0151sz\u00e9kh\u00e1zban dolgoz\u00f3 szem\u00e9ly kizuhant az \u00e9p\u00fcletb\u0151l \u2013\u00edrja az atv.hu. A port\u00e1l megkereste az Orsz\u00e1gos&hellip;\n","protected":false},"author":2,"featured_media":232323,"comment_status":"","ping_status":"","sticky":false,"template":"","format":"standard","meta":{"footnotes":"","_share_on_mastodon":"0"},"categories":[33],"tags":[38,35,37,44,42,40,896,43,41,9661,61288,34,36,39],"class_list":["post-232322","post","type-post","status-publish","format-standard","has-post-thumbnail","category-hirek","tag-focimek","tag-headlines","tag-hirek","tag-hu","tag-hungarian","tag-hungary","tag-kizuhant","tag-magyar","tag-magyarorszag","tag-mento","tag-mentoszekhaz","tag-news","tag-top-stories","tag-vezeto-hirek"],"share_on_mastodon":{"url":"https:\/\/pubeurope.com\/@hu\/117211547978253844","error":""},"_links":{"self":[{"href":"https:\/\/www.europesays.com\/hu\/wp-json\/wp\/v2\/posts\/232322","targetHints":{"allow":["GET"]}}],"collection":[{"href":"https:\/\/www.europesays.com\/hu\/wp-json\/wp\/v2\/posts"}],"about":[{"href":"https:\/\/www.europesays.com\/hu\/wp-json\/wp\/v2\/types\/post"}],"author":[{"embeddable":true,"href":"https:\/\/www.europesays.com\/hu\/wp-json\/wp\/v2\/users\/2"}],"replies":[{"embeddable":true,"href":"https:\/\/www.europesays.com\/hu\/wp-json\/wp\/v2\/comments?post=232322"}],"version-history":[{"count":0,"href":"https:\/\/www.europesays.com\/hu\/wp-json\/wp\/v2\/posts\/232322\/revisions"}],"wp:featuredmedia":[{"embeddable":true,"href":"https:\/\/www.europesays.com\/hu\/wp-json\/wp\/v2\/media\/232323"}],"wp:attachment":[{"href":"https:\/\/www.europesays.com\/hu\/wp-json\/wp\/v2\/media?parent=232322"}],"wp:term":[{"taxonomy":"category","embeddable":true,"href":"https:\/\/www.europesays.com\/hu\/wp-json\/wp\/v2\/categories?post=232322"},{"taxonomy":"post_tag","embeddable":true,"href":"https:\/\/www.europesays.com\/hu\/wp-json\/wp\/v2\/tags?post=232322"}],"curies":[{"name":"wp","href":"https:\/\/api.w.org\/{rel}","templated":true}]}}