{"id":232328,"date":"2026-09-04T07:27:32","date_gmt":"2026-09-04T07:27:32","guid":{"rendered":"https:\/\/www.europesays.com\/hu\/232328\/"},"modified":"2026-09-04T07:27:32","modified_gmt":"2026-09-04T07:27:32","slug":"meglepo-nevek-a-ferencvaros-kereteben-az-europa-ligaban","status":"publish","type":"post","link":"https:\/\/www.europesays.com\/hu\/232328\/","title":{"rendered":"Meglep\u0151 nevek a Ferencv\u00e1ros keret\u00e9ben az Eur\u00f3pa-lig\u00e1ban"},"content":{"rendered":"<p class=\"paragraph tracking-paragraph\">A z\u00f6ld-feh\u00e9rek honlapj\u00e1nak cs\u00fct\u00f6rt\u00f6ki h\u00edre alapj\u00e1n a n\u00e9vsorban ott van az elef\u00e1ntcsontparti Habib Maiga is, aki Hajnal Tam\u00e1s sportigazgat\u00f3 szerint \u201es\u00e9r\u00fcl\u00e9se ut\u00e1n hamarosan meccsterhel\u00e9st is kap az NB III-as csapatban, ez pedig fontos, mert ilyen profil\u00fa j\u00e1t\u00e9kosra sz\u00fcks\u00e9g\u00fcnk van.\u201d<\/p>\n<p class=\"paragraph tracking-paragraph\"><a href=\"https:\/\/www.blikk.hu\/sport\/magyar-foci\/otvos-bence-elso-golja-fradi\/32xw6jk\" id=\"e307f68b-7134-4a22-b652-7d8090334602\" rel=\"nofollow noopener\" target=\"_blank\">A kimarad\u00f3k k\u00f6z\u00f6tt van a v\u00e1logatott \u00d6tv\u00f6s Bence,<\/a> aki febru\u00e1r \u00f3ta s\u00e9r\u00fcl\u00e9ssel k\u00fczd.<\/p>\n<p class=\"paragraph tracking-paragraph\">\u2013 A szakmai st\u00e1bbal egy\u00fctt az a v\u00e9lem\u00e9ny\u00fcnk, hogy siker\u00fclt olyan keretet kialak\u00edtani az Eur\u00f3pa-liga f\u0151t\u00e1bl\u00e1j\u00e1ra, amely megfelel\u0151en egyben van, \u00e9s minden poszton megvagyunk min\u0151s\u00e9gben \u00e9s mennyis\u00e9gben is ahhoz, hogy sikeresek lehess\u00fcnk a r\u00e1nk v\u00e1r\u00f3 tal\u00e1lkoz\u00f3kon. Az \u00faj \u00e9rkez\u0151k mellett ott vannak a B list\u00e1n azok a fiatalok is, akik folyamatosan j\u00e1t\u00e9klehet\u0151s\u00e9get kapnak a vezet\u0151edz\u0151t\u0151l. A keretet n\u00e9zve megvannak a megfelel\u0151 emberek ahhoz, hogy a r\u00e1nk v\u00e1r\u00f3 m\u00e9rk\u0151z\u00e9seken tudjunk reag\u00e1lni, b\u00e1rmilyen kih\u00edv\u00e1s is v\u00e1r r\u00e1nk \u2013 jelentette ki Hajnal Tam\u00e1s.<\/p>\n<p class=\"paragraph tracking-paragraph\"><a href=\"https:\/\/www.blikk.hu\/sport\/kulfoldi-foci\/europa-liga-ferencvaros-juventus-budapest-beosztas\/wsgeqg4\" id=\"4cc08c39-ebbe-4002-b4ac-b59888a2fbc9\" rel=\"nofollow noopener\" target=\"_blank\">A n\u00e9pligetiek szeptember 17-\u00e9n Glasgow-ban a Celtic vend\u00e9gek\u00e9nt kezdik a f\u0151t\u00e1bl\u00e1s k\u00fczdelmeket.<\/a><\/p>\n<p class=\"paragraph tracking-paragraph\"><a target=\"_blank\" href=\"https:\/\/index.hu\/sport\/futball\/2026\/07\/16\/europa-liga-2026-2027-selejtezo-1.-fordulo-visszavago-ferencvaros-vojvodina-visszavago\/\" id=\"acfdfbb8-3d5a-4a27-b515-2147f0ee7a06\" rel=\"nofollow noopener\">A kvalifik\u00e1ci\u00f3 sor\u00e1n a szerb Vojvodina,<\/a> a holland Twente, a lengyel G\u00f3rnik Zabrze \u00e9s a <a href=\"https:\/\/www.blikk.hu\/sport\/ferencvaros-trabzonspor-4-0-mohamed-szalah-corbu-mariusz-europa-liga\/zg5634n\" id=\"955fd816-0183-4b51-a15f-6908c948c049\" rel=\"nofollow noopener\" target=\"_blank\">t\u00f6r\u00f6k Trabzonspor csapat\u00e1n is veretlen\u00fcl t\u00faljutott z\u00f6ld-feh\u00e9r g\u00e1rda sorozatban nyolcadszor szerepelhet valamelyik eur\u00f3pai kupasorozat f\u0151t\u00e1bl\u00e1j\u00e1n<\/a> \u00e9s egym\u00e1st k\u00f6vet\u0151 harmadik id\u00e9nyben a m\u00e1sodik sz\u00e1m\u00fa Eur\u00f3pa-lig\u00e1ban, amelyben legut\u00f3bb a nyolcadd\u00f6nt\u0151ig menetelt.<\/p>\n<p>        A Ferencv\u00e1ros El-kerete:<\/p>\n<p class=\"paragraph tracking-paragraph\">kapusok: Dibusz D\u00e9nes, \u0150ri Levente, Radn\u00f3ti D\u00e1niel, Varga \u00c1d\u00e1m<\/p>\n<p class=\"paragraph tracking-paragraph\">h\u00e1tv\u00e9dek: Botka Endre, Cadu, G\u00f3mez Mariano, Lakatos Csongor, Nagy Oliv\u00e9r, Osv\u00e1th Attila, Toon Raemaekers, Nathan Zohor\u00e9<\/p>\n<p class=\"paragraph tracking-paragraph\">k\u00f6z\u00e9pp\u00e1ly\u00e1sok: Daniel Arzani, Bagi \u00c1d\u00e1m, Mat\u00fas Bero, Veljko Birmancsevics, Corbu M\u00e1riusz, Naby Keita, Jonathan Levi, Madar\u00e1sz \u00c1d\u00e1m, Habib Maiga, Nagy \u00c1d\u00e1m, Callum O\u2019Dowda, Philippe Rommens, Kristoffer Zachariassen<\/p>\n<p class=\"paragraph tracking-paragraph\">t\u00e1mad\u00f3k: Lenny Joseph, Franko Kovacevic, Lisztes Kriszti\u00e1n, Szab\u00f3 Szil\u00e1rd, Varga Z\u00e9t\u00e9ny, Bamidele Yusuf<\/p>\n<p>        Az FTC alapszakasz-menetrendje:<\/p>\n<p class=\"paragraph tracking-paragraph\">szeptember 17., cs\u00fct\u00f6rt\u00f6k:<\/p>\n<p class=\"paragraph tracking-paragraph\">Celtic (sk\u00f3t)\u2013Ferencv\u00e1ros 21.00<\/p>\n<p class=\"paragraph tracking-paragraph\">okt\u00f3ber 15., cs\u00fct\u00f6rt\u00f6k:<\/p>\n<p class=\"paragraph tracking-paragraph\">Ferencv\u00e1ros\u2013Viktoria Plzen (cseh) 21.00<\/p>\n<p class=\"paragraph tracking-paragraph\">okt\u00f3ber 22., cs\u00fct\u00f6rt\u00f6k:<\/p>\n<p class=\"paragraph tracking-paragraph\">Ferencv\u00e1ros\u2013Torreense (portug\u00e1l) 18.45<\/p>\n<p class=\"paragraph tracking-paragraph\">november 5., cs\u00fct\u00f6rt\u00f6k:<\/p>\n<p class=\"paragraph tracking-paragraph\">AC Milan (olasz)\u2013Ferencv\u00e1ros 18.45<\/p>\n<p class=\"paragraph tracking-paragraph\">november 26., cs\u00fct\u00f6rt\u00f6k:<\/p>\n<p class=\"paragraph tracking-paragraph\">Ferencv\u00e1ros\u2013Celje (szlov\u00e9n) 21.00<\/p>\n<p class=\"paragraph tracking-paragraph\">december 10., cs\u00fct\u00f6rt\u00f6k:<\/p>\n<p class=\"paragraph tracking-paragraph\">Lech Poznan (lengyel)\u2013Ferencv\u00e1ros 21.00<\/p>\n<p class=\"paragraph tracking-paragraph\">janu\u00e1r 21., cs\u00fct\u00f6rt\u00f6k:<\/p>\n<p class=\"paragraph tracking-paragraph\">Ferencv\u00e1ros\u2013Juventus (olasz) 18.45<\/p>\n<p class=\"paragraph tracking-paragraph\">janu\u00e1r 28., cs\u00fct\u00f6rt\u00f6k:<\/p>\n<p class=\"paragraph tracking-paragraph\">Hoffenheim (n\u00e9met)\u2013Ferencv\u00e1ros 21.00<\/p>\n<p class=\"paragraph tracking-paragraph\">(MTI)<\/p>\n<p>            <a class=\"flex gap-2 px-[1px] tagArticleTemplate\"><br \/>\n                <img decoding=\"async\" class=\"shrink-0 object-cover aspect-square max-w-[134px] max-h-[134px] w-full\" src=\"\" alt=\"\"\/><\/p>\n<p>            <\/a><\/p>\n","protected":false},"excerpt":{"rendered":"A z\u00f6ld-feh\u00e9rek honlapj\u00e1nak cs\u00fct\u00f6rt\u00f6ki h\u00edre alapj\u00e1n a n\u00e9vsorban ott van az elef\u00e1ntcsontparti Habib Maiga is, aki Hajnal Tam\u00e1s&hellip;\n","protected":false},"author":2,"featured_media":232329,"comment_status":"","ping_status":"","sticky":false,"template":"","format":"standard","meta":{"footnotes":"","_share_on_mastodon":"0"},"categories":[3],"tags":[8803,7284,107,106,47,105,46,377,500,9787,42,4400,31300,499,502,43,45],"class_list":["post-232328","post","type-post","status-publish","format-standard","has-post-thumbnail","category-europa","tag-ac-milan","tag-celtic","tag-eu","tag-europa","tag-europa-liga","tag-europe","tag-ferencvaros","tag-fradi","tag-ftc","tag-hajnal-tamas","tag-hungarian","tag-juventus","tag-keret","tag-kulfoldi-foci","tag-labdarugas","tag-magyar","tag-sport"],"share_on_mastodon":{"url":"https:\/\/pubeurope.com\/@hu\/117211591361089498","error":""},"_links":{"self":[{"href":"https:\/\/www.europesays.com\/hu\/wp-json\/wp\/v2\/posts\/232328","targetHints":{"allow":["GET"]}}],"collection":[{"href":"https:\/\/www.europesays.com\/hu\/wp-json\/wp\/v2\/posts"}],"about":[{"href":"https:\/\/www.europesays.com\/hu\/wp-json\/wp\/v2\/types\/post"}],"author":[{"embeddable":true,"href":"https:\/\/www.europesays.com\/hu\/wp-json\/wp\/v2\/users\/2"}],"replies":[{"embeddable":true,"href":"https:\/\/www.europesays.com\/hu\/wp-json\/wp\/v2\/comments?post=232328"}],"version-history":[{"count":0,"href":"https:\/\/www.europesays.com\/hu\/wp-json\/wp\/v2\/posts\/232328\/revisions"}],"wp:featuredmedia":[{"embeddable":true,"href":"https:\/\/www.europesays.com\/hu\/wp-json\/wp\/v2\/media\/232329"}],"wp:attachment":[{"href":"https:\/\/www.europesays.com\/hu\/wp-json\/wp\/v2\/media?parent=232328"}],"wp:term":[{"taxonomy":"category","embeddable":true,"href":"https:\/\/www.europesays.com\/hu\/wp-json\/wp\/v2\/categories?post=232328"},{"taxonomy":"post_tag","embeddable":true,"href":"https:\/\/www.europesays.com\/hu\/wp-json\/wp\/v2\/tags?post=232328"}],"curies":[{"name":"wp","href":"https:\/\/api.w.org\/{rel}","templated":true}]}}