{"id":232332,"date":"2026-09-04T07:29:11","date_gmt":"2026-09-04T07:29:11","guid":{"rendered":"https:\/\/www.europesays.com\/hu\/232332\/"},"modified":"2026-09-04T07:29:11","modified_gmt":"2026-09-04T07:29:11","slug":"itthon-jo-par-ev-utan-karacsony-gergelyt-behivtak-a-kozmediaba-es-most-tenyleg-biciklivel-ment","status":"publish","type":"post","link":"https:\/\/www.europesays.com\/hu\/232332\/","title":{"rendered":"Itthon: J\u00f3 p\u00e1r \u00e9v ut\u00e1n Kar\u00e1csony Gergelyt beh\u00edvt\u00e1k a k\u00f6zm\u00e9di\u00e1ba \u00e9s most t\u00e9nyleg biciklivel ment"},"content":{"rendered":"<p>\u201eK\u00e9pzelj\u00e9tek, hossz\u00fa \u00e9vek ut\u00e1n \u00fajra megh\u00edvtak a k\u00f6zm\u00e9di\u00e1ba. Rem\u00e9lem, most m\u00e1r nem az lesz a legfontosabb k\u00e9rd\u00e9s, hogy biciklivel j\u00f6ttem-e. Egy\u00e9bk\u00e9nt jelentem: igen!\u201d \u2013 \u00edrta p\u00e9ntek reggel Kar\u00e1csony Gergely. <a href=\"https:\/\/www.facebook.com\/karacsonygergely\/posts\/pfbid021SQGWF62q2sbToK9ZgFrBpV5QGYsA2qjH78Aiy6FrR7w4AKg5y1P5ULQQtXjvm8tl\" target=\"_blank\" rel=\"nofollow noopener\">Facebook-posztj\u00e1ban<\/a> egy f\u00e9nyk\u00e9pet is mell\u00e9kelt, amint biciklivel \u00e9rkezik a k\u00f6zm\u00e9dia Kunigunda \u00fati st\u00fadi\u00f3j\u00e1ba.<\/p>\n<p>A biciklis utal\u00e1s arra a 2020-as, janu\u00e1ri esetre vonatkozik, amikor m\u00e9g az Orb\u00e1n-korm\u00e1ny idej\u00e9n, a r\u00e9gi k\u00f6zm\u00e9dia h\u00edvta interj\u00fara a m\u00e1r 100 napot hivatalban t\u00f6lt\u00f6tt f\u0151polg\u00e1rmestert. A k\u00f6zt\u00e9v\u00e9 riportere a m\u00ednusz egy fokban k\u00e9rte sz\u00e1mon Kar\u00e1csonyt, hogy a kamp\u00e1nyban tett \u00edg\u00e9rete ellen\u00e9re mi\u00e9rt nem biciklivel \u00e9rkezett.<\/p>\n<p> <a href=\"https:\/\/hvg.hu\/itthon\/20200121_A_kozteve_riportere_megkerdezte_Karacsonyt_biciklivel_erkezette\" target=\"_self\" rel=\"nofollow noopener\"> <\/p>\n<p>https:\/\/hvg.hu\/itthon\/20200121_A_kozteve_riportere_megkerdezte_Karacsonyt_biciklivel_erkezette<\/p>\n<p>Annak idej\u00e9n a HVG is \u00edrt r\u00f3la, hogy hivatalosan nem komment\u00e1lta ugyan az MTVA, mennyire tartja sikeresnek M\u00e9sz\u00e1ros Kata Kar\u00e1csony Gergely f\u0151polg\u00e1rmesterrel k\u00e9sz\u00edtett interj\u00faj\u00e1t, azonban t\u00f6bb, n\u00e9vtelens\u00e9get k\u00e9r\u0151 forr\u00e1sunk is azt mondta, a Pitbullk\u00e9nt emlegetett N\u00e9meth Zsolt h\u00edrigazgat\u00f3 meg is dics\u00e9rte ut\u00e1na.<\/p>\n<p> <a href=\"https:\/\/hvg.hu\/itthon\/20200124_mtva_karacsony_meszaros_interju\" target=\"_self\" rel=\"nofollow noopener\"> <\/p>\n<p>https:\/\/hvg.hu\/itthon\/20200124_mtva_karacsony_meszaros_interju<\/p>\n<p>Nyit\u00f3k\u00e9p\u00fcnk\u00f6n Kar\u00e1csony Gergely. Fot\u00f3: Facebook \/ Kar\u00e1csony Gergely<\/p>\n","protected":false},"excerpt":{"rendered":"\u201eK\u00e9pzelj\u00e9tek, hossz\u00fa \u00e9vek ut\u00e1n \u00fajra megh\u00edvtak a k\u00f6zm\u00e9di\u00e1ba. Rem\u00e9lem, most m\u00e1r nem az lesz a legfontosabb k\u00e9rd\u00e9s, hogy&hellip;\n","protected":false},"author":2,"featured_media":232333,"comment_status":"","ping_status":"","sticky":false,"template":"","format":"standard","meta":{"footnotes":"","_share_on_mastodon":"0"},"categories":[6],"tags":[91,3577,44,42,40,457,6528,43,41],"class_list":["post-232332","post","type-post","status-publish","format-standard","has-post-thumbnail","category-magyarorszag","tag-belpolitika","tag-bicikli","tag-hu","tag-hungarian","tag-hungary","tag-karacsony-gergely","tag-kozmedia","tag-magyar","tag-magyarorszag"],"share_on_mastodon":{"url":"https:\/\/pubeurope.com\/@hu\/117211599259843917","error":""},"_links":{"self":[{"href":"https:\/\/www.europesays.com\/hu\/wp-json\/wp\/v2\/posts\/232332","targetHints":{"allow":["GET"]}}],"collection":[{"href":"https:\/\/www.europesays.com\/hu\/wp-json\/wp\/v2\/posts"}],"about":[{"href":"https:\/\/www.europesays.com\/hu\/wp-json\/wp\/v2\/types\/post"}],"author":[{"embeddable":true,"href":"https:\/\/www.europesays.com\/hu\/wp-json\/wp\/v2\/users\/2"}],"replies":[{"embeddable":true,"href":"https:\/\/www.europesays.com\/hu\/wp-json\/wp\/v2\/comments?post=232332"}],"version-history":[{"count":0,"href":"https:\/\/www.europesays.com\/hu\/wp-json\/wp\/v2\/posts\/232332\/revisions"}],"wp:featuredmedia":[{"embeddable":true,"href":"https:\/\/www.europesays.com\/hu\/wp-json\/wp\/v2\/media\/232333"}],"wp:attachment":[{"href":"https:\/\/www.europesays.com\/hu\/wp-json\/wp\/v2\/media?parent=232332"}],"wp:term":[{"taxonomy":"category","embeddable":true,"href":"https:\/\/www.europesays.com\/hu\/wp-json\/wp\/v2\/categories?post=232332"},{"taxonomy":"post_tag","embeddable":true,"href":"https:\/\/www.europesays.com\/hu\/wp-json\/wp\/v2\/tags?post=232332"}],"curies":[{"name":"wp","href":"https:\/\/api.w.org\/{rel}","templated":true}]}}