{"id":232348,"date":"2026-09-04T07:43:06","date_gmt":"2026-09-04T07:43:06","guid":{"rendered":"https:\/\/www.europesays.com\/hu\/232348\/"},"modified":"2026-09-04T07:43:06","modified_gmt":"2026-09-04T07:43:06","slug":"csak-azert-pattantam-be-a-kocsiba-mert-elindult-a-lejton-es-meg-akartam-allitani-vallotta-a-tetten-ert-tini","status":"publish","type":"post","link":"https:\/\/www.europesays.com\/hu\/232348\/","title":{"rendered":"&#8222;Csak az\u00e9rt pattantam be a kocsiba, mert elindult a lejt\u0151n \u00e9s meg akartam \u00e1ll\u00edtani&#8221; \u2013 vallotta a tetten \u00e9rt tini"},"content":{"rendered":"<p>Negyven nap elz\u00e1r\u00e1sra \u00edt\u00e9lte a Salg\u00f3tarj\u00e1ni J\u00e1r\u00e1sb\u00edr\u00f3s\u00e1g azt a 19 \u00e9ves m\u00e1travereb\u00e9lyi fiatalember, aki enged\u00e9ly n\u00e9lk\u00fcl vezetett egy forgalomb\u00f3l kivont kocsit. A fiatalt\u00a0enged\u00e9ly n\u00e9lk\u00fcli vezet\u00e9s szab\u00e1lys\u00e9rt\u00e9s elk\u00f6vet\u00e9se miatt \u00edt\u00e9lt\u00e9k el.<\/p>\n<p>A Balassagyarmati T\u00f6rv\u00e9nysz\u00e9k t\u00e1j\u00e9koztat\u00e1sa szerint a jogos\u00edtv\u00e1nnyal nem rendelkez\u0151 fi\u00fa augusztus 31-\u00e9n d\u00e9lut\u00e1n ismeretlen c\u00e9lb\u00f3l be\u00fclt egy forgalomb\u00f3l kivont, Daewoo Kalos t\u00edpus\u00fa szem\u00e9lyg\u00e9pkocsiba, majd a j\u00e1rm\u0171vet M\u00e1travereb\u00e9ly k\u00f6zs\u00e9g belter\u00fclet\u00e9n, a R\u00f3zsadomb \u00faton vezette.<\/p>\n<p>Amikor a T\u00e1tra t\u00e9ren \u00e9szrevett egy \u00e1ll\u00f3 rend\u0151rs\u00e9gi g\u00e9pkocsit, \u00e9s nagy sebess\u00e9ggel tolatni kezdett. A j\u00e1r\u0151r\u00f6k azonban k\u00f6vett\u00e9k \u0151t, \u00e9s az utc\u00e1ban l\u00e9v\u0151 egyik ingatlann\u00e1l feltart\u00f3ztatt\u00e1k, majd\u00a0 ellen\u0151rz\u00e9s al\u00e1 vont\u00e1k, el\u0151\u00e1ll\u00edtott\u00e1k, \u00e9s kezdem\u00e9nyezt\u00e9k a b\u00edr\u00f3s\u00e1g el\u00e9 \u00e1ll\u00edt\u00e1s\u00e1t.<\/p>\n<p>A fi\u00fa akci\u00f3filmbe ill\u0151 v\u00e9dekez\u00e9ssel \u00e1llt el\u0151 a t\u00e1rgyal\u00e1son. Azt \u00e1ll\u00edtotta, hogy a faluban megl\u00e1tta, hogy elkezdett gurulni egy aut\u00f3 az er\u0151s lejt\u0151n, s \u0151 csak az\u00e9rt \u00fclt be, hogy meg\u00e1ll\u00edtsa azt, megforduljon, \u00e9s visszavigye oda, ahonnan elindult.<\/p>\n<p>A b\u00edr\u00f3s\u00e1g a fiatal \u00e9letszer\u0171tlen v\u00e9dekez\u00e9s\u00e9t nem fogadta el. Az elj\u00e1r\u00e1s al\u00e1 vont szem\u00e9ly vezet\u0151i enged\u00e9llyel sosem rendelkezett, \u0151t kor\u00e1bban h\u00e1romszor is tetten \u00e9rt\u00e9k enged\u00e9ly n\u00e9lk\u00fcli vezet\u00e9sen. A b\u00edr\u00f3s\u00e1g a 40 nap elz\u00e1r\u00e1son t\u00fal 1 \u00e9v id\u0151tartamra eltiltotta \u0151t a k\u00f6z\u00fati j\u00e1rm\u0171vezet\u00e9st\u0151l is. A v\u00e9gz\u00e9s joger\u0151s.<\/p>\n","protected":false},"excerpt":{"rendered":"Negyven nap elz\u00e1r\u00e1sra \u00edt\u00e9lte a Salg\u00f3tarj\u00e1ni J\u00e1r\u00e1sb\u00edr\u00f3s\u00e1g azt a 19 \u00e9ves m\u00e1travereb\u00e9lyi fiatalember, aki enged\u00e9ly n\u00e9lk\u00fcl vezetett egy&hellip;\n","protected":false},"author":2,"featured_media":232349,"comment_status":"","ping_status":"","sticky":false,"template":"","format":"standard","meta":{"footnotes":"","_share_on_mastodon":"0"},"categories":[6],"tags":[1078,44,42,40,8587,44521,43,41,245],"class_list":["post-232348","post","type-post","status-publish","format-standard","has-post-thumbnail","category-magyarorszag","tag-bunugy","tag-hu","tag-hungarian","tag-hungary","tag-jogositvany-nelkul","tag-kocsi","tag-magyar","tag-magyarorszag","tag-vezetes"],"share_on_mastodon":{"url":"https:\/\/pubeurope.com\/@hu\/117211654489293575","error":""},"_links":{"self":[{"href":"https:\/\/www.europesays.com\/hu\/wp-json\/wp\/v2\/posts\/232348","targetHints":{"allow":["GET"]}}],"collection":[{"href":"https:\/\/www.europesays.com\/hu\/wp-json\/wp\/v2\/posts"}],"about":[{"href":"https:\/\/www.europesays.com\/hu\/wp-json\/wp\/v2\/types\/post"}],"author":[{"embeddable":true,"href":"https:\/\/www.europesays.com\/hu\/wp-json\/wp\/v2\/users\/2"}],"replies":[{"embeddable":true,"href":"https:\/\/www.europesays.com\/hu\/wp-json\/wp\/v2\/comments?post=232348"}],"version-history":[{"count":0,"href":"https:\/\/www.europesays.com\/hu\/wp-json\/wp\/v2\/posts\/232348\/revisions"}],"wp:featuredmedia":[{"embeddable":true,"href":"https:\/\/www.europesays.com\/hu\/wp-json\/wp\/v2\/media\/232349"}],"wp:attachment":[{"href":"https:\/\/www.europesays.com\/hu\/wp-json\/wp\/v2\/media?parent=232348"}],"wp:term":[{"taxonomy":"category","embeddable":true,"href":"https:\/\/www.europesays.com\/hu\/wp-json\/wp\/v2\/categories?post=232348"},{"taxonomy":"post_tag","embeddable":true,"href":"https:\/\/www.europesays.com\/hu\/wp-json\/wp\/v2\/tags?post=232348"}],"curies":[{"name":"wp","href":"https:\/\/api.w.org\/{rel}","templated":true}]}}