{"id":232350,"date":"2026-09-04T07:44:11","date_gmt":"2026-09-04T07:44:11","guid":{"rendered":"https:\/\/www.europesays.com\/hu\/232350\/"},"modified":"2026-09-04T07:44:11","modified_gmt":"2026-09-04T07:44:11","slug":"hazassag-elso-latasra-veszekedesbe-fulladt-eskuvo","status":"publish","type":"post","link":"https:\/\/www.europesays.com\/hu\/232350\/","title":{"rendered":"H\u00e1zass\u00e1g els\u0151 l\u00e1t\u00e1sra veszeked\u00e9sbe fulladt esk\u00fcv\u0151"},"content":{"rendered":"<p data-alignment=\"left\" class=\"text-left\" data-block-key=\"t8lh9\">M\u00e1r az olt\u00e1r el\u0151tt \u00e9rezhet\u0151 volt n\u00e9mi fesz\u00fclts\u00e9g M\u00f3ricz Anastasia \u00e9s Varga M\u00e1t\u00e9 k\u00f6z\u00f6tt, \u00e1m a H\u00e1zass\u00e1g els\u0151 l\u00e1t\u00e1sra friss epiz\u00f3dj\u00e1ban az esk\u00fcv\u0151 ut\u00e1ni vacsor\u00e1n v\u00e9gk\u00e9pp elszabadultak az indulatok. <a href=\"https:\/\/femina.hu\/hazai_sztar\/hazassag-elso-latasra-elso-resz\/\" rel=\"nofollow noopener\" target=\"_blank\">Az \u00fajdons\u00fclt feles\u00e9g nem rejtette v\u00e9ka al\u00e1 csal\u00f3dotts\u00e1g\u00e1t, \u00e9s kem\u00e9ny szavakkal illette f\u00e9rj\u00e9t.<\/a><\/p>\n<p>      Veszeked\u00e9sbe fulladt esk\u00fcv\u0151 a H\u00e1zass\u00e1g els\u0151 l\u00e1t\u00e1sra epiz\u00f3dj\u00e1ban<\/p>\n<p data-alignment=\"left\" class=\"text-left\" data-block-key=\"f15h4\">Anastasia \u00e9s M\u00e1t\u00e9 kapcsolata nem indult z\u00f6kken\u0151mentesen. B\u00e1r a k\u00e9t fiatal alig ismerte meg egym\u00e1st, m\u00e1r a nagy napon kider\u00fclt, hogy eg\u00e9szen m\u00e1s elk\u00e9pzel\u00e9sekkel \u00e9rkeztek a k\u00eds\u00e9rletbe.<\/p>\n<p data-alignment=\"left\" class=\"text-left\" data-block-key=\"984u2\">Az esk\u00fcv\u0151i vacsora sor\u00e1n Anastasia sz\u00f3v\u00e1 tette, hogy \u00fagy \u00e9rzi, f\u00e9rje nem veszi olyan komolyan a h\u00e1zass\u00e1gukat, mint \u0151.<\/p>\n<p data-alignment=\"left\" class=\"text-left\" data-block-key=\"5h8ls\">\u2013 Mi\u00e9rt j\u00f6tt\u00e9l ide? Ez m\u00e9giscsak egy h\u00e1zass\u00e1g, egy hivatalos dolog, \u00e9s nem ugyanolyan, hogy elk\u00eds\u00e9rsz valahova valakit \u2013 k\u00e9rte sz\u00e1mon M\u00e1t\u00e9t, szavait a <a href=\"https:\/\/www.blikk.hu\/sztarvilag\/hazai-sztarok\/hazassag-elso-latasra-anastasia-mate\/pyw893m?utm_source=hirkereso&amp;utm_medium=cpc&amp;utm_campaign=blikk-hirkereso\" target=\"_blank\" rel=\" noopener noreferrer nofollow\">Blikk<\/a> \u00edrta meg.<\/p>\n<p data-alignment=\"left\" class=\"text-left\" data-block-key=\"9njg6\">A f\u00e9rj v\u00e1lasza azonban csak tov\u00e1bb fokozta a fesz\u00fclts\u00e9get. M\u00e1t\u00e9 meglehet\u0151sen racion\u00e1lisan k\u00f6zel\u00edtette meg a h\u00e1zass\u00e1g int\u00e9zm\u00e9ny\u00e9t, \u00e9s kifejtette, szerinte ma m\u00e1r eg\u00e9szen m\u00e1st jelent, mint \u00e9vsz\u00e1zadokkal ezel\u0151tt.<\/p>\n<p data-alignment=\"left\" class=\"text-left\" data-block-key=\"55oaf\">Anastasia sz\u00e1m\u00e1ra azonban ez a hozz\u00e1\u00e1ll\u00e1s nem volt elfogadhat\u00f3. Az esk\u00fcv\u0151 ut\u00e1n a csal\u00e1dtagjainak \u00e9s bar\u00e1tainak is elmondta, mennyire rosszul \u00e9rintette f\u00e9rje viselked\u00e9se.<\/p>\n<p data-alignment=\"left\" class=\"text-left\" data-block-key=\"f2sot\">A menyasszony nem fogta vissza mag\u00e1t, amikor M\u00e1t\u00e9r\u00f3l besz\u00e9lt. \u00dagy \u00e9rezte, f\u00e9rje nagyk\u00e9p\u0171en viselkedik, \u00e9s egy\u00e1ltal\u00e1n nem azzal a komolys\u00e1ggal \u00e1ll a h\u00e1zass\u00e1gukhoz, ahogyan \u0151.<\/p>\n<p data-alignment=\"left\" class=\"text-left\" data-block-key=\"4anlm\">\u2013 Pont nem egy ilyen h\u00fclye gyerekre van sz\u00fcks\u00e9gem, berakott engem egy ilyen els\u0151 l\u00e1t\u00e1sra sztoriba, de \u00e9n nem \u00edgy j\u00f6ttem ide. \u00c9n \u00fagy j\u00f6ttem ide, hogy lehet, \u0151 lesz \u00e9letem szerelme. Nekem ez a nagyk\u00e9p\u0171 viselked\u00e9s nem f\u00e9r bele \u2013 fakadt ki Anastasia.<\/p>\n<p data-alignment=\"left\" class=\"text-left\" data-block-key=\"ak9gk\">\u00dagy t\u0171nik, az ellen\u00e9rz\u00e9s k\u00f6lcs\u00f6n\u00f6s volt, M\u00e1t\u00e9 sem rejtette v\u00e9ka al\u00e1 a v\u00e9lem\u00e9ny\u00e9t \u00fajdons\u00fclt feles\u00e9g\u00e9r\u0151l. A f\u00e9rfi szerint Anastasia hercegn\u0151k\u00e9nt szeretne viselkedni, \u00e9s azt is megjegyezte, hogy nem fog att\u00f3l k\u00fcl\u00f6n\u00f6sebben meghat\u00f3dni, hogy feles\u00e9ge kor\u00e1bban sz\u00e9ps\u00e9gversenyt nyert.<\/p>\n<p data-alignment=\"left\" class=\"text-left\" data-block-key=\"b2b71\">A kezdeti konfliktusok mellett \u00fajabb bonyodalmat okozhat, hogy Anastasia f\u00e9lt\u00e9keny lett M\u00e1t\u00e9 egyik munkat\u00e1rs\u00e1ra is. Hogy a friss h\u00e1zasok k\u00e9pesek lesznek-e t\u00faljutni az els\u0151 komoly n\u00e9zetelt\u00e9r\u00e9seken, az a H\u00e1zass\u00e1g els\u0151 l\u00e1t\u00e1sra k\u00f6vetkez\u0151 epiz\u00f3djaib\u00f3l der\u00fcl ki.<\/p>\n<p>            <a href=\"https:\/\/femina.hu\/hazai_sztar\/hazassag-elso-latasra-eskuvo-botrany\/\" rel=\"nofollow noopener\" target=\"_blank\"><\/p>\n<p>              <img decoding=\"async\" src=\"https:\/\/femina.hu\/neon\/media\/images\/hazassagelsolatasra.format-avif.max-600x400.avif\" alt=\"\u201eMindj\u00e1rt kit\u00e9pem a haj\u00e1t&quot;: P\u00e1r \u00f3r\u00e1val az esk\u00fcv\u0151 ut\u00e1n elszabadultak az indulatok a H\u00e1zass\u00e1g els\u0151 l\u00e1t\u00e1sra egyik p\u00e1rj\u00e1n\u00e1l\" class=\"w-full object-cover aspect-square rounded-[24px]\" loading=\"lazy\"\/><\/p>\n<p>            <\/a><\/p>\n<p>          \u201eMindj\u00e1rt kit\u00e9pem a haj\u00e1t&#8221;: P\u00e1r \u00f3r\u00e1val az esk\u00fcv\u0151 ut\u00e1n elszabadultak az indulatok a H\u00e1zass\u00e1g els\u0151 l\u00e1t\u00e1sra egyik p\u00e1rj\u00e1n\u00e1l<\/p>\n<p class=\"!text-[18px] !leading-[28px] !mb-0\">\n          A H\u00e1zass\u00e1g els\u0151 l\u00e1t\u00e1sra negyedik \u00e9vad\u00e1ban sincs hi\u00e1ny dr\u00e1m\u00e1b\u00f3l, m\u00e1r most a tet\u0151 fok\u00e1ra h\u00e1gtak az indulatok.\n        <\/p>\n<p>          <a href=\"https:\/\/femina.hu\/hazai_sztar\/hazassag-elso-latasra-eskuvo-botrany\/\" target=\"_blank\" rel=\"noopener noreferrer nofollow\" class=\"!no-underline !text-black flex justify-center items-center text-[20px] h-[62px] w-fit default-rounded-button content-center px-6 py-4 font-semibold after:content-[&#039;&#039;] after:inline-block after:h-[1em] after:w-[1.5em] after:ml-[1em] after:bg-[url(&#039;\/static\/images\/femina\/arrow_link_right.svg&#039;)] after:bg-no-repeat after:bg-center after:bg-[length:100%_auto]\"><br \/>\n            Elolvasom<br \/>\n          <\/a><\/p>\n<p>&#13;<br \/>\n  &#13;\n<\/p>\n<p>`, adoceanServer:&#8221;indexhu.adocean.pl&#8221;, tags:&#8221;[\\u0022szt\\u005Cu00e1r\\u0022, \\u0022h\\u005Cu00e1zass\\u005Cu00e1g els\\u005Cu0151 l\\u005Cu00e1t\\u005Cu00e1sra\\u0022, \\u0022tv2\\u0022, \\u0022vita\\u0022, \\u0022balh\\u005Cu00e9\\u0022]&#8221;, identCodes:&#8221;{\\u0022fe30\\u0022: \\u00221\\u0022, \\u0022fe06\\u0022: \\u00221\\u0022}&#8221;})&#8221;<br \/>\n      :id=&#8221;zoneId&#8221; x-cloak<\/p>\n<p>      class=&#8221;ad-node &#8221; x-init=&#8221;load();&#8221;&gt;<\/p>\n<p>\n  hirdet\u00e9s\n<\/p>\n<p><a href=\"https:\/\/google.com\/preferences\/source?q=https%3A\/\/femina.hu\" rel=\"noopener nofollow\" referrerpolicy=\"no-referrer-when-downgrade\" class=\"!flex !items-center !gap-5 !py-2 !px-3 w-full !rounded-xl !font-bold cursor-pointer !no-underline relative !bg-white !text-[#202124] !border !border-[#858585] dark:!bg-[#323232] dark:!text-white dark:border-none my-4 \" target=\"_blank\"><br \/>\n  <img decoding=\"async\" src=\"https:\/\/femina.hu\/neon\/static\/images\/favicons\/google_favicon.svg\" alt=\"Google\" class=\"shrink-0 w-7 h-7\"\/><br \/>\n  \u00c1ll\u00edtsd be a Google keres\u0151j\u00e9t, hogy a tal\u00e1latok k\u00f6z\u00f6tt biztos ott legyen a Femina!<\/p>\n<p><\/a><\/p>\n","protected":false},"excerpt":{"rendered":"M\u00e1r az olt\u00e1r el\u0151tt \u00e9rezhet\u0151 volt n\u00e9mi fesz\u00fclts\u00e9g M\u00f3ricz Anastasia \u00e9s Varga M\u00e1t\u00e9 k\u00f6z\u00f6tt, \u00e1m a H\u00e1zass\u00e1g els\u0151&hellip;\n","protected":false},"author":2,"featured_media":232351,"comment_status":"","ping_status":"","sticky":false,"template":"","format":"standard","meta":{"footnotes":"","_share_on_mastodon":"0"},"categories":[33],"tags":[3596,38,3962,35,37,44,42,40,43,41,34,205,36,493,39,4773],"class_list":["post-232350","post","type-post","status-publish","format-standard","has-post-thumbnail","category-hirek","tag-balhe","tag-focimek","tag-hazassag-elso-latasra","tag-headlines","tag-hirek","tag-hu","tag-hungarian","tag-hungary","tag-magyar","tag-magyarorszag","tag-news","tag-sztar","tag-top-stories","tag-tv2","tag-vezeto-hirek","tag-vita"],"share_on_mastodon":{"url":"https:\/\/pubeurope.com\/@hu\/117211658505294386","error":""},"_links":{"self":[{"href":"https:\/\/www.europesays.com\/hu\/wp-json\/wp\/v2\/posts\/232350","targetHints":{"allow":["GET"]}}],"collection":[{"href":"https:\/\/www.europesays.com\/hu\/wp-json\/wp\/v2\/posts"}],"about":[{"href":"https:\/\/www.europesays.com\/hu\/wp-json\/wp\/v2\/types\/post"}],"author":[{"embeddable":true,"href":"https:\/\/www.europesays.com\/hu\/wp-json\/wp\/v2\/users\/2"}],"replies":[{"embeddable":true,"href":"https:\/\/www.europesays.com\/hu\/wp-json\/wp\/v2\/comments?post=232350"}],"version-history":[{"count":0,"href":"https:\/\/www.europesays.com\/hu\/wp-json\/wp\/v2\/posts\/232350\/revisions"}],"wp:featuredmedia":[{"embeddable":true,"href":"https:\/\/www.europesays.com\/hu\/wp-json\/wp\/v2\/media\/232351"}],"wp:attachment":[{"href":"https:\/\/www.europesays.com\/hu\/wp-json\/wp\/v2\/media?parent=232350"}],"wp:term":[{"taxonomy":"category","embeddable":true,"href":"https:\/\/www.europesays.com\/hu\/wp-json\/wp\/v2\/categories?post=232350"},{"taxonomy":"post_tag","embeddable":true,"href":"https:\/\/www.europesays.com\/hu\/wp-json\/wp\/v2\/tags?post=232350"}],"curies":[{"name":"wp","href":"https:\/\/api.w.org\/{rel}","templated":true}]}}