{"id":232391,"date":"2026-09-04T08:26:11","date_gmt":"2026-09-04T08:26:11","guid":{"rendered":"https:\/\/www.europesays.com\/hu\/232391\/"},"modified":"2026-09-04T08:26:11","modified_gmt":"2026-09-04T08:26:11","slug":"index-belfold-mergezo-vegyszer-kerult-a-medencebe-ujbudan-mentovel-vittek-el-egy-uszot-a-toxikologian-kotott-ki","status":"publish","type":"post","link":"https:\/\/www.europesays.com\/hu\/232391\/","title":{"rendered":"Index &#8211; Belf\u00f6ld &#8211; M\u00e9rgez\u0151 vegyszer ker\u00fclt a medenc\u00e9be \u00dajbud\u00e1n, ment\u0151vel vittek el egy \u00fasz\u00f3t, a toxikol\u00f3gi\u00e1n k\u00f6t\u00f6tt ki"},"content":{"rendered":"<p>M\u00falt cs\u00fct\u00f6rt\u00f6k \u00f3ta nem engedik be a l\u00e1togat\u00f3kat az \u00fajbudai uszoda egyik medenc\u00e9j\u00e9be, miut\u00e1n t\u00f6bben sz\u00far\u00f3s szagra majd k\u00f6h\u00f6g\u00e9sre panaszkodtak, egy f\u00e9rfit pedig a ment\u0151 vitt el otthon\u00e1b\u00f3l, akinek l\u00e9gz\u00e9si neh\u00e9zs\u00e9gei t\u00e1madtak. Az \u00e9rintett az RTL H\u00edrad\u00f3nak arr\u00f3l sz\u00e1molt be, hogy \u201enagyon sz\u00far\u00f3s szag\u00fa, ilyen furcsa, mar\u00f3 g\u00e1zt\u201d \u00e9rzett, \u00e9s el\u0151sz\u00f6r azt hitte, hogy valami \u00edzlel\u00e9si probl\u00e9m\u00e1ja van.<\/p>\n<p>Vettem m\u00e9g egy leveg\u0151t, \u00e9s akkor \u00e9reztem, hogy t\u00f6bbet nem kapok leveg\u0151t, azonnal \u00e9reztem, hogy nagy baj van. Utols\u00f3 leheletemmel igyekeztem 4-5 m\u00e9tert megtenni a medenc\u00e9b\u0151l<\/p>\n<p>\u2013 eml\u00e9kezett vissza B\u00e1rdossy Csaba.<\/p>\n<p>B\u00e1r m\u00e9g haza tudott menni aut\u00f3val, otthon m\u00e1r ment\u0151t kellett h\u00edvnia. Elmond\u00e1sa szerint a CT-je m\u00e1r akkor k\u00e9toldali heves t\u00fcd\u0151gyullad\u00e1st mutatott, ami m\u00e1snapra csak rosszabb lett. Azt \u00e1ll\u00edtja, hogy egy h\u00e9tig s\u00fcrg\u0151ss\u00e9gi toxikol\u00f3giai kezel\u00e9sre szorult a k\u00f3rh\u00e1zban, n\u00e9gy nap ut\u00e1n tudott el\u0151sz\u00f6r \u00f6n\u00e1ll\u00f3an, stabilan l\u00e9legezni. B\u00e1rdossy szerint az uszoda szem\u00e9lyzete tan\u00e1cstalan volt az esettel kapcsolatban, \u00e9s azt is kifog\u00e1solja, hogy nem z\u00e1rt\u00e1k be teljesen az int\u00e9zm\u00e9nyt a t\u00f6rt\u00e9ntek ut\u00e1n.<\/p>\n<p>Egy m\u00e1sik f\u00e9rfi \u00e1ll\u00edt\u00e1sa szerint azt \u00e9rezte, hogy sz\u00e9d\u00fcl, abban sem volt biztos, hogy eljut a medence sz\u00e9l\u00e9re.<\/p>\n<p>Valahogy ki tudtam m\u00e1szni \u00e9s \u00f6szt\u00f6n\u00f6sen azt kerestem, hogy hol van tiszta leveg\u0151, mert v\u00e9gig mar\u00f3, g\u00e1zszer\u0171s\u00e9g volt ott<\/p>\n<p>\u2013 fogalmazott P\u00f3th Attila, aki vide\u00f3ra vette, ahogy a v\u00edz felsz\u00edn\u00e9n barn\u00e1s foltok \u00fasznak.<\/p>\n<p>Az igazgat\u00f3 a h\u00edrad\u00f3nak\u00a0\u00fagy fogalmazott, hogy szerencs\u00e9re \u00e9pp kevesen voltak a medenc\u00e9ben: \u201evisszan\u00e9zt\u00fck a felv\u00e9teleket, n\u00e9gyen \u00fasztak a medenc\u00e9ben abban az id\u0151ben, mindannyian kij\u00f6ttek, volt, akinek seg\u00edtettek az \u00fasz\u00f3mestereink\u201d.\u00a0<\/p>\n<p>Az \u00dajbudai Sport 11 vezet\u0151je azt mondta, hogy a helyzet tiszt\u00e1z\u00e1s\u00e1ra ind\u00edtott vizsg\u00e1latokon \u0151k \u00e9s egy k\u00fcls\u0151s szak\u00e9rt\u0151 is dolgozik. \u201eA saj\u00e1t rendszer\u00fcnk\u00f6n kereszt\u00fcl ker\u00fclt be szennyez\u0151d\u00e9s, uszodai vegyszer koncentr\u00e1ci\u00f3 a medenc\u00e9be\u201d \u2013 k\u00f6z\u00f6lte, hozz\u00e1t\u00e9ve, hogy a szak\u00e9rt\u0151k hat\u00e1rozz\u00e1k majd meg \u201ehogyan \u00e9s mik\u00e9ppen\u201d jutott a vegyszer a kinti medenc\u00e9be.<\/p>\n<p>Lesz\u00f6gezte tov\u00e1bb\u00e1, hogy szigor\u00fabb m\u00e9r\u00e9si protokollt vezettek be \u00e9s \u00fajabb ellen\u0151rz\u00e9si m\u0171szereket szereznek be. A medence pedig addig z\u00e1rva marad, am\u00edg el nem v\u00e9gzik a jav\u00edt\u00e1si munk\u00e1latokat.\u00a0<\/p>\n<p><a href=\"https:\/\/dex.hu\/x.php?id=googlepref_desktop&amp;url=https:\/\/google.com\/preferences\/source?q=https:\/\/index.hu\" class=\"google-pref-banner \" id=\"googlePrefBanner\" rel=\"nofollow noopener\" target=\"_blank\"><\/p>\n<p>    Itt \u00e1ll\u00edtsa be, hogy az Index az els\u0151k k\u00f6z\u00f6tt legyen a Google-tal\u00e1latokban!<\/p>\n<p><\/a><\/p>\n<p>                <a href=\"https:\/\/konyvek.index.hu\/\" target=\"_blank\" rel=\"nofollow noopener\"><br \/>\n                <img decoding=\"async\" src=\"https:\/\/index.hu\/assets\/images\/konyvajanlo\/book_indapress\/book_indapress_logo.svg\" loading=\"lazy\" alt=\"Inda Press Kiad\u00f3\"\/><br \/>\n                <\/a><\/p>\n<p>                <img decoding=\"async\" src=\"https:\/\/www.europesays.com\/hu\/wp-content\/uploads\/2026\/09\/1788510369_897_budapest.png\" loading=\"lazy\" alt=\"23 \u2013 Nagy budapesti ker\u00fclethat\u00e1roz\u00f3\"\/><\/p>\n<p>Izgalmas t\u00f6rt\u00e9netek, rejtett kincsek, \u00e9rdekes \u00e9p\u00fcletek &#8211; nem csak budapestieknek.<\/p>\n<p>                <a class=\"book_index_btn\" href=\"https:\/\/indexadhu.hit.gemius.pl\/hitredir?id=nSCbubuYpDWJZLZs0TssLrbt33Lk5kbipuiZrkg89G3.g7&amp;stparam=yoojcxjrby&amp;fastid=maqqjzmjjiorpyjhphrcutrnpkmz&amp;nc=0&amp;url=https:\/\/www.indapresskiado.hu\/products\/23-nagy-budapesti-ker-hat\" target=\"_blank\" rel=\"nofollow noopener\">MEGVESZEM<\/a><\/p>\n<p>    <img decoding=\"async\" src=\"https:\/\/www.europesays.com\/hu\/wp-content\/uploads\/2026\/09\/1788510371_572_redot.gif\"\/><\/p>\n<p>    <img decoding=\"async\" src=\"https:\/\/index.hu\/assets\/images\/social-follow\/logo-big.svg\" alt=\"Index.hu logo\"\/><\/p>\n<p>K\u00f6vesse az Indexet Facebookon is!<\/p>\n<p>    <a href=\"https:\/\/facebook.com\/Indexhu\" target=\"_blank\" rel=\"nofollow noopener\"><\/p>\n<p>        K\u00f6vetem!<br \/>\n    <\/a><\/p>\n","protected":false},"excerpt":{"rendered":"M\u00falt cs\u00fct\u00f6rt\u00f6k \u00f3ta nem engedik be a l\u00e1togat\u00f3kat az \u00fajbudai uszoda egyik medenc\u00e9j\u00e9be, miut\u00e1n t\u00f6bben sz\u00far\u00f3s szagra majd&hellip;\n","protected":false},"author":2,"featured_media":232392,"comment_status":"","ping_status":"","sticky":false,"template":"","format":"standard","meta":{"footnotes":"","_share_on_mastodon":"0"},"categories":[33],"tags":[80,73,151,152,38,35,37,44,42,40,43,41,32404,34,13264,36,3621,25568,31505,39],"class_list":["post-232391","post","type-post","status-publish","format-standard","has-post-thumbnail","category-hirek","tag-belfold","tag-budapest","tag-ce-femina","tag-ce-napi","tag-focimek","tag-headlines","tag-hirek","tag-hu","tag-hungarian","tag-hungary","tag-magyar","tag-magyarorszag","tag-medence","tag-news","tag-rosszullet","tag-top-stories","tag-ujbuda","tag-uszoda","tag-vegyszer","tag-vezeto-hirek"],"share_on_mastodon":{"url":"https:\/\/pubeurope.com\/@hu\/117211823576190428","error":""},"_links":{"self":[{"href":"https:\/\/www.europesays.com\/hu\/wp-json\/wp\/v2\/posts\/232391","targetHints":{"allow":["GET"]}}],"collection":[{"href":"https:\/\/www.europesays.com\/hu\/wp-json\/wp\/v2\/posts"}],"about":[{"href":"https:\/\/www.europesays.com\/hu\/wp-json\/wp\/v2\/types\/post"}],"author":[{"embeddable":true,"href":"https:\/\/www.europesays.com\/hu\/wp-json\/wp\/v2\/users\/2"}],"replies":[{"embeddable":true,"href":"https:\/\/www.europesays.com\/hu\/wp-json\/wp\/v2\/comments?post=232391"}],"version-history":[{"count":0,"href":"https:\/\/www.europesays.com\/hu\/wp-json\/wp\/v2\/posts\/232391\/revisions"}],"wp:featuredmedia":[{"embeddable":true,"href":"https:\/\/www.europesays.com\/hu\/wp-json\/wp\/v2\/media\/232392"}],"wp:attachment":[{"href":"https:\/\/www.europesays.com\/hu\/wp-json\/wp\/v2\/media?parent=232391"}],"wp:term":[{"taxonomy":"category","embeddable":true,"href":"https:\/\/www.europesays.com\/hu\/wp-json\/wp\/v2\/categories?post=232391"},{"taxonomy":"post_tag","embeddable":true,"href":"https:\/\/www.europesays.com\/hu\/wp-json\/wp\/v2\/tags?post=232391"}],"curies":[{"name":"wp","href":"https:\/\/api.w.org\/{rel}","templated":true}]}}