{"id":232399,"date":"2026-09-04T08:38:11","date_gmt":"2026-09-04T08:38:11","guid":{"rendered":"https:\/\/www.europesays.com\/hu\/232399\/"},"modified":"2026-09-04T08:38:11","modified_gmt":"2026-09-04T08:38:11","slug":"index-fomo-majka-nem-lehet-azt-mondani-hogy-pelyhes-feneku-lennek","status":"publish","type":"post","link":"https:\/\/www.europesays.com\/hu\/232399\/","title":{"rendered":"Index &#8211; FOMO &#8211; Majka: Nem lehet azt mondani, hogy pelyhes fenek\u0171 lenn\u00e9k"},"content":{"rendered":"<p>H\u00e9tv\u00e9g\u00e9n ism\u00e9t bek\u00f6lt\u00f6zik a n\u00e9pszer\u0171 tehets\u00e9gkutat\u00f3 az RTL k\u00e9perny\u0151j\u00e9re: szombaton \u00e9s vas\u00e1rnap is az <a href=\"https:\/\/index.hu\/fomo\/2026\/08\/17\/x-faktor-rtl-uj-evad\/\" id=\"hyperlink_02d18ed23cefc2cd122edc91d51e0cba\" target=\"_blank\" title=\"Kider\u00fclt, mikor indul az X-Faktor \u00faj \u00e9vada\" rel=\"nofollow noopener\">X-Faktor \u00faj \u00e9vada<\/a> fogja uralni a csatorn\u00e1n az esti m\u0171sors\u00e1vot, \u00e9s ez\u00fattal is az orsz\u00e1g minden r\u00e9sz\u00e9r\u0151l \u00e9rkez\u0151 \u00e9nekesek pr\u00f3b\u00e1lj\u00e1k meggy\u0151zni a mentorokat arr\u00f3l, hogy hely\u00fck van a sz\u00ednpadon. A m\u0171sor azonban nemcsak a versenyz\u0151k miatt tartogat id\u00e9n \u00fajdons\u00e1gokat, ugyanis a tavalyi mentorcsapatb\u00f3l <a href=\"https:\/\/index.hu\/fomo\/2026\/04\/20\/toth-andi-valkusz-milan-x-faktor-tehetsegkutato-mentor-musor-show-valmar\/\" id=\"hyperlink_0702dde9e46d5ad5de3ec9a1236347d4\" target=\"_blank\" title=\"K\u00e9t mentor is t\u00e1vozik az X-Faktorb\u00f3l\" rel=\"nofollow noopener\">T\u00f3th Andi \u00e9s Valkusz Mil\u00e1n is t\u00e1vozott<\/a>. A hely\u00fckre Sol\u00e9re \u00e9s egy r\u00e9gi-\u00faj arc, a kor\u00e1bban \u00e9veken \u00e1t mentork\u00e9nt jelesked\u0151 ByeAlex \u00e9rkezett.<\/p>\n<p id=\"docs-internal-guid-e4a06ba6-7fff-ec02-b09b-79d23b3abf42\">Az \u00faj \u00e9vad els\u0151 ad\u00e1s\u00e1t a premier el\u0151tt nek\u00fcnk is lehet\u0151s\u00e9g\u00fcnk ny\u00edlt megtekinteni egy sajt\u00f3vet\u00edt\u00e9sen, ahol m\u00e1r az els\u0151 percekben vil\u00e1goss\u00e1 v\u00e1lt, hogy a k\u00e9sz\u00edt\u0151k ez\u00fattal sem sp\u00f3roltak sem a humorral, sem a meglepet\u00e9sekkel, sem pedig az eg\u00e9szen v\u00e1ratlan jelentkez\u0151kkel. A vet\u00edt\u00e9s ut\u00e1n Majk\u00e1val \u00e9s az \u00fajonc mentorral, Sol\u00e9re-rel besz\u00e9lgett\u00fcnk arr\u00f3l, hogyan \u00e1llt \u00f6ssze az \u00faj csapat, milyen szerepe lehet a konfliktusoknak egy ilyen m\u0171sorban, \u00e9s mi kell ahhoz, hogy valaki az X-Faktorb\u00f3l val\u00f3ban el\u0151ad\u00f3v\u00e1 v\u00e1ljon.<\/p>\n<p>A vet\u00edt\u00e9s el\u0151tt Vereb\u00e9ly Marcell, a m\u0171sor vezet\u0151 kreat\u00edv producere, az RTL kreat\u00edv vezet\u0151je kiemelte, hogy b\u00e1r a form\u00e1tum alapjai term\u00e9szetesen m\u00e1r \u00e9vek \u00f3ta adottak, a k\u00e9sz\u00edt\u0151k tov\u00e1bbra is rengeteg energi\u00e1t fektetnek a m\u0171sor k\u00e9sz\u00edt\u00e9s\u00e9be. \u201eTov\u00e1bbra is sok munk\u00e1nk, energi\u00e1nk van ebben a m\u0171sorban, szeretj\u00fck a mai napig csin\u00e1lni. Van id\u00e9n sok \u00fajdons\u00e1g, \u00e9s van, ami m\u00e1sk\u00e9pp lesz \u00faj. Ez a tehets\u00e9gkutat\u00f3k adotts\u00e1ga\u201d\u00a0\u2013 mondta.<\/p>\n<p>A k\u00e9rd\u00e9s \u00edgy m\u00e1r csak az volt, hogy mit sz\u00f3lnak mindehhez azok, akiknek a k\u00e9perny\u0151n nemcsak \u00e9rt\u00e9kelni\u00fck, hanem sokszor egym\u00e1ssal is egy\u00fctt kell m\u0171k\u00f6dni\u00fck.<\/p>\n<p>                        Majka nem ma kezdte<\/p>\n<p>Majka az X-Faktorban b\u0151ven rutinos mentornak sz\u00e1m\u00edt, ugyanis ez m\u00e1r a harmadik alkalom lesz, hogy az \u00edt\u00e9szek sz\u00e9k\u00e9be \u00fcl. \u00c9s b\u00e1r a h\u00e1rom nem t\u0171nik els\u0151re nagy sz\u00e1mnak, mint mondta, az idei \u00e9vadban a tizennegyedik olyan telev\u00edzi\u00f3s m\u0171sorban vesz r\u00e9szt, amelyben zs\u0171riznie kell, \u00edgy az \u00fajoncokhoz k\u00e9pest aligha lehet tapasztalatlannak nevezni.<\/p>\n<p>Term\u00e9szetesen csak viccelek, amikor azt mondom, hogy ism\u00e9t, saj\u00e1t akaratomon k\u00edv\u00fcl belesodr\u00f3dtam ebbe. M\u00e1r a 14. \u00e9vadot \u00fcl\u00f6m v\u00e9gig hasonl\u00f3 m\u0171sorokban, ahol zs\u0171rizni kell, sz\u00f3val nem lehet azt mondani, hogy pelyhes fenek\u0171 lenn\u00e9k<\/p>\n<p>\u2013 emelte ki Majoros P\u00e9ter.<\/p>\n<p>Az idei \u00e9vad ennek ellen\u00e9re m\u00e9gis \u00faj helyzetet teremt sz\u00e1m\u00e1ra, hiszen k\u00e9t olyan emberrel \u00fcl az asztaln\u00e1l, akikkel kor\u00e1bban nem dolgozott m\u00e9g egy\u00fctt. Majka szerint \u00e9ppen ez adja az ilyen m\u0171sorok egyik legfontosabb saj\u00e1toss\u00e1g\u00e1t: hogy a mentorok szem\u00e9lyis\u00e9ge legal\u00e1bb annyira alak\u00edtja az ad\u00e1st, mint maguk a jelentkez\u0151k.<\/p>\n<p>Pont ebben \u00e9s emiatt az X-Faktor mindig m\u00e1s lesz. Ez a fajta v\u00e1ltozatoss\u00e1g \u00e9s \u00faj\u00edt\u00e1s a legfontosabb szerintem, hiszen ezekben a m\u0171sorokban pont akkora szerepe van a zs\u0171rinek, mint azoknak, akik jelentkeznek \u00e9s \u00e9nekelnek. Annak is nagyon j\u00f3nak kell lennie, aki az \u0151 sorsukr\u00f3l d\u00f6nt, vagy \u00e9ppen seg\u00edti \u0151ket a karrierj\u00fck elind\u00edt\u00e1s\u00e1ban. Minden embernek m\u00e1s a v\u00e1gya, m\u00e1shogy reag\u00e1l dolgokra, ez\u00e9rt az is mindig m\u00e1st ad, hogy \u00e9ppen kivel dolgozik egy\u00fctt valaki. Ez egyszer\u0171en nem tud sablonos lenni<\/p>\n<p>\u2013 tette hozz\u00e1.<\/p>\n<p>                        Nem kell mesters\u00e9gesen konfliktust gy\u00e1rtani<\/p>\n<p>Az X-Faktorhoz \u00e9vek \u00f3ta hozz\u00e1tartozik, hogy a n\u00e9z\u0151k nemcsak a produkci\u00f3kra k\u00edv\u00e1ncsiak, hanem arra is, hogyan \u2013 vagy \u00e9ppen hogyan nem\u00a0\u2013 m\u0171k\u00f6dik egy\u00fctt a mentorasztal m\u00f6g\u00f6tt \u00fcl\u0151 n\u00e9gyes. A k\u00fcl\u00f6nb\u00f6z\u0151 karakterekb\u0151l ad\u00f3d\u00f3an pedig id\u0151nk\u00e9nt term\u00e9szetesen ad\u00f3dnak s\u00farl\u00f3d\u00e1sok. Majka szerint azonban fontos k\u00fcl\u00f6nbs\u00e9get tenni ak\u00f6z\u00f6tt, amikor egy konfliktus term\u00e9szetesen alakul ki, \u00e9s ak\u00f6z\u00f6tt, amikor egy m\u0171sor kiz\u00e1r\u00f3lag erre pr\u00f3b\u00e1l \u00e9p\u00edteni.<\/p>\n<p>Nem a show-nak elengedhetetlen r\u00e9sze ez, hanem annak, hogy s\u00farl\u00f3d\u00e1sok mindig lesznek olyan emberek k\u00f6z\u00f6tt, akik m\u00e1s karakterek, m\u00e1s v\u00e9lem\u00e9nnyel rendelkeznek egy adott helyzetben, egy szitu\u00e1ci\u00f3t m\u00e1shogy oldan\u00e1nak meg. Valami az egyik embernek nem annyira szimpatikus, a m\u00e1siknak viszont igen. Ebb\u0151l mindig vannak \u00f6sszerezd\u00fcl\u00e9sek. Ez a m\u0171sor, \u00e9s az \u00e9let r\u00e9sze is szerintem<\/p>\n<p>\u2013 v\u00e9lekedett a rapper.<\/p>\n<p>\u00dagy gondolja ugyanis, hogy nem kell ahhoz telev\u00edzi\u00f3s m\u0171sorban \u00fclni, hogy az emberek \u00f6sszek\u00fcl\u00f6nb\u00f6zzenek egym\u00e1ssal. \u201eMindenkivel vannak konfliktusok, azokkal is, akiket szeret\u00fcnk. Ez a m\u0171sor csak bemutatja azt, hogy milyen az, amikor k\u00e9t ember nem \u00e9rt egyet, meg milyen, amikor k\u00e9t ember egyet\u00e9rt\u201d tette hozz\u00e1. Majka szerint ugyanakkor vannak olyan m\u0171sorok, amelyek tudatosan a konfliktusokra \u00e9p\u00edtik fel tartalmaikat, mert a k\u00f6z\u00f6ns\u00e9g ezt val\u00f3ban szereti, \u0151 azonban ezt ink\u00e1bb meghagyn\u00e1 m\u00e1soknak.<\/p>\n<p>A tehets\u00e9gkutat\u00f3k egyik visszat\u00e9r\u0151 kritik\u00e1ja emellett az, hogy mi t\u00f6rt\u00e9nik azokkal a jelentkez\u0151kkel, akik nem felt\u00e9tlen\u00fcl j\u00f3k, m\u00e9gis megkapj\u00e1k a maguk n\u00e9h\u00e1ny perc\u00e9t a k\u00e9perny\u0151n, \u00e9s lej\u00e1ratj\u00e1k magukat, vagy \u00fagy \u00e9rzik, a mentorok \u00e9s a szerkeszt\u0151k megsz\u00e9gyen\u00edtett\u00e9k \u0151ket. Majka szerint azonban nem szabad elfelejteni, hogy az X-Faktor mindenekel\u0151tt egy telev\u00edzi\u00f3s m\u0171sor, amelynek a n\u00e9z\u0151ket is sz\u00f3rakoztatnia kell.<\/p>\n<p>Mi telev\u00edzi\u00f3m\u0171sort forgatunk, a n\u00e9z\u0151k ig\u00e9nyeit is ki kell el\u00e9g\u00edten\u00fcnk. Ehhez j\u00f3 m\u0171sort kell gy\u00e1rtanunk, amihez az kell, hogy mindenf\u00e9le dolog megjelenjen a k\u00e9perny\u0151n. Mi senkit nem akarunk lej\u00e1ratni vagy kinevettetni. Aki a sz\u00ednpadra l\u00e9p, v\u00e1llalja, hogy a t\u00e9v\u00e9ben leadhatj\u00e1k azt, nek\u00fcnk pedig az a dolgunk a tehets\u00e9gek felkutat\u00e1sa mellett, hogy sz\u00f3rakoztassuk a legjobb tud\u00e1sunk szerint az embereket<\/p>\n<p>\u2013 emelte ki.<\/p>\n<p>Szerinte 2026-ban m\u00e1r nem lehet kiz\u00e1r\u00f3lag abb\u00f3l kiindulni, hogy valaki j\u00f3l \u00e9nekel-e, \u00e9s k\u00e9pes lehet-e megnyerni a m\u0171sort. A produkci\u00f3 szerinte \u00e9ppen att\u00f3l m\u0171k\u00f6dik j\u00f3l, hogy a zenei teljes\u00edtm\u00e9ny mellett szem\u00e9lyis\u00e9gek, t\u00f6rt\u00e9netek, humor, v\u00e1ratlan helyzetek, \u00e9s term\u00e9szetesen n\u00e9mi fesz\u00fclts\u00e9g is helyet kap.<\/p>\n<p>A m\u0171sorhoz ugyan szorosan nem kapcsol\u00f3dik, besz\u00e9lget\u00e9s\u00fcnk sor\u00e1n m\u00e9gis sz\u00f3ba ker\u00fclt az akkor frissen napvil\u00e1got l\u00e1tott h\u00edr, miszerint az el\u0151ad\u00f3t Las Vegasban egy p\u00f3kerverseny k\u00f6zben meglopt\u00e1k, egy ismeretlen szem\u00e9ly <a href=\"https:\/\/index.hu\/fomo\/2026\/09\/02\/majka-rablas-las-vegas-pokerverseny\/\" id=\"hyperlink_ad03426b987789bdfba0ea95caaa27d6\" target=\"_blank\" title=\"\u201eRohadjon meg!\u201d \u2013 Majk\u00e1t kirabolt\u00e1k a Las Vegas-i p\u00f3kerversenyen\" rel=\"nofollow noopener\">eltulajdon\u00edtotta a t\u00e1sk\u00e1j\u00e1t<\/a>. Szerencs\u00e9re Majka \u00e9szn\u00e9l volt, \u00e9s komolyabb k\u00e1ra nem keletkezett, de v\u00e9g\u00fcl a hosszas rend\u0151rs\u00e9gi huzavon\u00e1t is ink\u00e1bb kihagyta, \u00e9s gyorsan tov\u00e1bbl\u00e9pett a t\u00f6rt\u00e9nteken. \u201eEl kell engedni ezeket a dolgokat, ezzel nem nagyon lehet mit csin\u00e1lni. Ez m\u00e1r megt\u00f6rt\u00e9nt. El kell fogadni az \u00e9letben az ilyen a szitu\u00e1ci\u00f3kat, vannak olyan helyzetek, amikkel az ember egyszer\u0171en nem tud mit kezdeni, \u00e9s ezeken k\u00e1r feleslegesen idegeskedni. Meg egy\u00e9bk\u00e9nt is b\u00e1rmin, nem \u00e9r ez annyit\u201d \u2013 reag\u00e1lt a h\u00edrre.<\/p>\n<p>Na de vissza az X-Faktorhoz&#8230;<\/p>\n<p>                        Sol\u00e9re: \u201e\u00c9n mindig is f\u00e9ltem a l\u00e1that\u00f3s\u00e1gt\u00f3l\u201d<\/p>\n<p>Az idei \u00e9vad egyik legnagyobb \u00fajdons\u00e1ga k\u00e9ts\u00e9gk\u00edv\u00fcl az \u00faj n\u0151i mentor Sol\u00e9re, aki els\u0151 alkalommal \u00fcl az X-Faktor mentorsz\u00e9k\u00e9ben, s\u0151t hasonl\u00f3 szerepben is el\u0151sz\u00f6r pr\u00f3b\u00e1lja ki mag\u00e1t. A bejelent\u00e9se ut\u00e1n \u00e9ppen ez\u00e9rt sokan azt k\u00e9rdezt\u00e9k, hogyan ker\u00fclt egy\u00e1ltal\u00e1n k\u00e9pbe, hiszen a nagyk\u00f6z\u00f6ns\u00e9g sz\u00e1m\u00e1ra j\u00f3val kev\u00e9sb\u00e9 volt ismert, mint a kor\u00e1bbi mentorok.<\/p>\n<p>Sol\u00e9re azonban kor\u00e1ntsem egyik napr\u00f3l a m\u00e1sikra ker\u00fclt a zeneiparba. Mint mes\u00e9lte, a k\u00f6z\u00e9piskola ut\u00e1n k\u00fclf\u00f6ld\u00f6n tanult tov\u00e1bb: Hollandi\u00e1ban jazz-\u00e9nek szakon v\u00e9gzett, Londonban pedig dalszerz\u00e9sb\u0151l szerzett mesterdiplom\u00e1t. K\u00f6zben saj\u00e1t sz\u00f3l\u00f3projektj\u00e9n is dolgozott, rengeteget j\u00e1rt haza koncertezni, \u00e9s a zeneiparban dalszerz\u0151k\u00e9nt, sz\u00f6veg\u00edr\u00f3k\u00e9nt \u00e9s artist coachk\u00e9nt is dolgozott m\u00e1r. Szakmai kapcsolatai r\u00e9v\u00e9n \u00edgy nem volt teljesen k\u00edv\u00fcl\u00e1ll\u00f3 a zeneiparban, de a mentorsz\u00e9khez egy meglehet\u0151sen k\u00fcl\u00f6n\u00f6s t\u00f6rt\u00e9neten kereszt\u00fcl vezetett az \u00fat. Elmond\u00e1sa szerint ugyanis Haj\u00f3s Andr\u00e1s vetette fel Majk\u00e1nak egy Heti Hetes-forgat\u00e1s sz\u00fcnet\u00e9ben, hogy \u0151t kellene megh\u00edvni az X-Faktorba. Majka ezut\u00e1n megkereste, \u0151 pedig \u00f6r\u00f6mmel igent mondott a castingra. A lehet\u0151s\u00e9g azonban nemcsak szakmailag, hanem szem\u00e9lyesen is komoly l\u00e9p\u00e9st jelentett sz\u00e1m\u00e1ra.<\/p>\n<p>Mindig is f\u00e9ltem a l\u00e1that\u00f3s\u00e1gt\u00f3l, soha nem \u00e9p\u00edtettem annyira a k\u00f6z\u00f6ss\u00e9gi oldalaimat, voltak \u00f6nbizalmi probl\u00e9m\u00e1im kor\u00e1bban, amelyekre m\u00e1ra m\u00e1r tal\u00e1ltam megold\u00e1st \u00e9s felold\u00e1st. Most m\u00e1r nem f\u00e9lek ett\u0151l, \u00e9s azt gondolom, hogy a legjobb pillanatban \u00e9rkezett ez a lehet\u0151s\u00e9g, mert most k\u00e9szen \u00e1llok arra, hogy megmutassam magamat<\/p>\n<p>\u2013 mes\u00e9lte lapunknak az \u00e9nekesn\u0151.<\/p>\n<p>Mentork\u00e9nt emiatt nem is szeretn\u00e9 mag\u00e1t egyetlen szerepbe beszor\u00edtani. Saj\u00e1t megfogalmaz\u00e1sa szerint n\u00e1la \u201efifti-fifti\u201d a szakmai \u00e9s a ment\u00e1lis t\u00e1mogat\u00e1s, amiben a j\u00f6v\u0151beli mentor\u00e1ltjai sz\u00e1m\u00edthatnak r\u00e1. Az \u00e9nektechnik\u00e1t ugyanis legal\u00e1bb olyan fontosnak tartja, mint azt, hogy egy versenyz\u0151 fejben is k\u00e9pes legyen stabil maradni.<\/p>\n<p>\u201eNekem nagyon-nagyon fontos a szakmai t\u00e1mogat\u00e1s, teh\u00e1t az, hogy ki,hol k\u00e9pzi a hangot, hova veszi a leveg\u0151t, hogyan tartja mag\u00e1t. Iszonyatosan fontos nekem, hogy ezt csin\u00e1lja j\u00f3l, \u00e9s \u00e9rtse a saj\u00e1t test\u00e9t, mert amikor \u00e9nekel az ember, akkor a hangszere a teste. Ezt \u00fagy kell felfogni, mintha sportol\u00f3 lenn\u00e9l, \u00fagy kell vigy\u00e1zni a testedre, \u00fagy kell gondozni a testedet, hogy az a lehet\u0151 legjobban sz\u00f3ljon. Emellett szeretn\u00e9m megmutatni nekik azt is, hogy ment\u00e1lisan hogyan tudnak stabilak maradni, hogy tudnak ki\u00e9p\u00edteni egy olyan sz\u00ednpadi jelenl\u00e9tet, egy olyan hozz\u00e1\u00e1ll\u00e1st, amihez hogyha a legnehezebb napjukon is fordulnak, akkor is sikerre tudnak jutni\u201d \u2013 hangs\u00falyozta az el\u0151ad\u00f3, aki nem szeretne kiz\u00e1r\u00f3lag valamif\u00e9le \u201eanyuka\u201d szerep\u00e9be ker\u00fclni.<\/p>\n<p>Az \u00faj mentor azt sem tagadja, hogy az elej\u00e9n volt benne n\u00e9mi f\u00e9lsz a mentort\u00e1rsakkal kapcsolatban. B\u00e1r a szakm\u00e1b\u00f3l kor\u00e1bban ismerhette a nev\u00fcket \u00e9s a munk\u00e1ss\u00e1gukat, szem\u00e9lyesen egyik\u00fckkel sem dolgozott m\u00e9g egy\u00fctt.<\/p>\n<p>Nagyon tartottam t\u0151l\u00fck, hiszen nem ismertem \u0151ket, nem tudtam, hogy mire sz\u00e1m\u00edthatok, mindenkir\u0151l hall az ember, mindent. Prekoncepci\u00f3k n\u00e9lk\u00fcl szerintem ember m\u00e9g nem l\u00e9tezett a dalai l\u00e1m\u00e1n k\u00edv\u00fcl, de nagyon-nagyon kellemeset csal\u00f3dtam benn\u00fck, \u00e9s boldog vagyok, hogy egy\u00fctt dolgozhatunk<\/p>\n<p>\u2013 mes\u00e9lte.\u00a0<\/p>\n<p>Sol\u00e9re szerint b\u00e1r mind a n\u00e9gy mentor er\u0151s karakter, nem felt\u00e9tlen\u00fcl a konfliktus lesz az \u00faj \u00e9vad f\u0151 mozgat\u00f3rug\u00f3ja. \u201eN\u00e1lunk nagy r\u00f6h\u00f6g\u00e9sekre is \u00e9rdemes sz\u00e1m\u00edtani. Ez nem egy hat\u00e1svad\u00e1sz csapat, az \u0151szintes\u00e9g \u00e9s a tiszta hozz\u00e1\u00e1ll\u00e1s nagyon domin\u00e1l n\u00e1lunk, \u00edgy szerintem \u00e9lvezetes \u00e9s sz\u00f3rakoztat\u00f3 lesz ez az \u00e9vad\u201d \u2013 \u00e1rulta el az \u00faj mentor.\u00a0<\/p>\n<p>                        Nincsen olyan, hogy lehetetlen<\/p>\n<p>A besz\u00e9lget\u00e9s sor\u00e1n Sol\u00e9re kor\u00e1bbi ment\u00e1lis neh\u00e9zs\u00e9geir\u0151l is \u0151szint\u00e9n \u00e9s nyitottan mes\u00e9lt, miut\u00e1n kor\u00e1bban nyilv\u00e1nosan is v\u00e1llalta m\u00e1r, hogy borderline szem\u00e9lyis\u00e9gzavarral k\u00fczd. Elmond\u00e1sa szerint n\u00e1la ez nem velesz\u00fcletett vagy genetikai eredet\u0171 volt, hanem egy gyermekkori trauma k\u00f6vetkezm\u00e9nyek\u00e9nt alakult ki. Az \u00e9vek sor\u00e1n azonban pszichoter\u00e1pi\u00e1val \u00e9s gy\u00f3gyszeres kezel\u00e9ssel dolgozott a probl\u00e9m\u00e1n, \u00e9s ma m\u00e1r t\u00fcnetmentes. \u201eMost leszek 30 \u00e9ves k\u00e9t h\u00e9t m\u00falva, \u00e9s m\u00e1ra m\u00e1r 5-6 \u00e9ve t\u00fcnetmentes vagyok. El is mentem az orvoshoz, \u00e9s \u0151 is meg\u00e1llap\u00edtotta, hogy gy\u00f3gyult vagyok, siker\u00fclt lek\u00fczdenem ezt is\u201d \u2013 jelentette be az \u00f6r\u00f6mh\u00edrt.\u00a0<\/p>\n<p>Sol\u00e9re a saj\u00e1t t\u00f6rt\u00e9net\u00e9t els\u0151sorban az\u00e9rt is tartja fontosnak, mert szeretn\u00e9 megmutatni azoknak, akik hasonl\u00f3 neh\u00e9zs\u00e9gekkel k\u00fczdenek, hogy m\u00e9g a legm\u00e9lyebb pontokr\u00f3l is van vissza\u00fat.<\/p>\n<p>T\u00e9nyleg nincsen olyan, hogy lehetetlen. Nincsen olyan, hogy ha az ember elbukik az \u00e9letben, \u00e9s azt \u00e9rzi, hogy nem tal\u00e1lja, hogy merre van a talaj, \u00e9s merre van az \u00e9gbolt, \u00e9s \u00fagy \u00e9rzi, hogy nincsen kapaszkod\u00f3ja, akkor abb\u00f3l nem lehet kij\u00f6nni. Nekem is siker\u00fclt!<\/p>\n<p>\u2013 hangs\u00falyozta.\u00a0<\/p>\n<p>Kor\u00e1bban persze m\u00e9g maga sem gondolta volna, hogy egyszer ennyire tudatosnak, \u00f6sszeszedettnek, nyugodtnak \u00e9s boldognak \u00e9rzi majd mag\u00e1t, a legfontosabb tanuls\u00e1got pedig abban l\u00e1tja, hogy a v\u00e1ltoz\u00e1shoz nem el\u00e9g v\u00e1rni.<\/p>\n<p>Ez nagyon sok munka, hiszen an\u00e9lk\u00fcl nem lesz eredm\u00e9ny. Olyan nincsen, hogy egy ilyen helyzet megoldja mag\u00e1t. Olyan nincsen, hogy az id\u0151 begy\u00f3gy\u00edtja a sebeket. Az id\u0151 nem gy\u00f3gy\u00edtja be a sebeket, csak m\u00e9g r\u00e1juk rak pluszr\u00e9tegeket, \u00e9s m\u00e9g t\u00f6bb id\u0151be fog telni, mire le tudunk \u00e1sni m\u00e9lyre, \u00e9s ki tudjuk gyoml\u00e1lni azt, ami kigyoml\u00e1land\u00f3<\/p>\n<p>\u2013 adott tan\u00e1csot a sorst\u00e1rsaknak.<\/p>\n<p>Sol\u00e9re ugyanakkor azt is fontosnak tartja, hogy egy ilyen \u00e1llapotb\u00f3l val\u00f3 fel\u00e9p\u00fcl\u00e9s ne csak vesztes\u00e9gt\u00f6rt\u00e9netk\u00e9nt jelenjen meg. Szerinte a neh\u00e9z tapasztalatok bizonyos \u00e9rtelemben olyan \u00e9rz\u00e9kenys\u00e9get is adhatnak az embernek, amelyet k\u00e9s\u0151bb \u00e9rt\u00e9kk\u00e9 lehet form\u00e1lni.<\/p>\n<p>\u201e\u00c9n nagyon-nagyon szurkolok mindenkinek, akinek hasonl\u00f3 neh\u00e9zs\u00e9gekkel kell egy\u00fctt \u00e9lni a mindennapokban. Ezek olyan szem\u00e9lyis\u00e9gzavarok, f\u0151leg a borderline, amit\u0151l az\u00e9rt el\u00e9g sok pluszt is tud kapni az ember, \u00e9s az a legnagyobb m\u00e1gus szerintem, aki a s\u00e9r\u00fclt lelk\u00e9t meg tudja gy\u00f3gy\u00edtani, viszont azt a plusz\u00e9rz\u00e9kenys\u00e9get, amit ez\u00e1ltal kapott, azt meg tudja tartani.\u201d<\/p>\n<p>B\u00fcszke, gy\u00f3gyult vagyok, ne adj\u00e1tok fel ti sem. Hajr\u00e1!<\/p>\n<p>Az X-Faktor \u00faj \u00e9vad\u00e1ban \u00edgy nemcsak egy \u00faj mentorcsapat mutatkozik be, hanem egy olyan Sol\u00e9re is, aki saj\u00e1t bevall\u00e1sa szerint \u00e9ppen mostanra jutott el oda, hogy m\u00e1r nem f\u00e9l att\u00f3l, hogy l\u00e1that\u00f3v\u00e1 v\u00e1ljon. Majka rutinos mentork\u00e9nt, ByeAlex visszat\u00e9r\u0151 szerepl\u0151k\u00e9nt, a negyedik mentorsz\u00e9kben pedig az igazi veter\u00e1n, G\u00e1sp\u00e1r Laci teszi majd teljess\u00e9 a csapatot \u2013 \u00e9s ha val\u00f3ban \u00fagy alakul az \u00e9vad, ahogy az els\u0151 ad\u00e1s alapj\u00e1n \u00edg\u00e9rkezik, a n\u00e9z\u0151knek ez\u00fattal sem kell majd sem a tehets\u00e9gb\u0151l, sem a humorb\u00f3l, sem az egym\u00e1snak fesz\u00fcl\u0151 v\u00e9lem\u00e9nyekb\u0151l hi\u00e1nyt szenvedni\u00fck. Szeptember 5-\u00e9n \u00e9s 6-\u00e1n 20 \u00f3r\u00e1t\u00f3l pedig err\u0151l mindenki m\u00e1s is meggy\u0151z\u0151dhet az RTL-en!<\/p>\n<p>\n                          (Bor\u00edt\u00f3k\u00e9p: Majka az X-faktor sajt\u00f3vet\u00edt\u00e9s\u00e9n 2026. szeptember 2-\u00e1n. Fot\u00f3: T\u00f6vissi Bence \/ Index)\n                        <\/p>\n<p><a href=\"https:\/\/dex.hu\/x.php?id=googlepref_desktop&amp;url=https:\/\/google.com\/preferences\/source?q=https:\/\/index.hu\" class=\"google-pref-banner \" id=\"googlePrefBanner\" rel=\"nofollow noopener\" target=\"_blank\"><\/p>\n<p>    Itt \u00e1ll\u00edtsa be, hogy az Index az els\u0151k k\u00f6z\u00f6tt legyen a Google-tal\u00e1latokban!<\/p>\n<p><\/a><\/p>\n<p>    <img decoding=\"async\" src=\"https:\/\/index.hu\/assets\/images\/social-follow\/logo-big.svg\" alt=\"Index.hu logo\"\/><\/p>\n<p>K\u00f6vesse az Indexet Facebookon is!<\/p>\n<p>    <a href=\"https:\/\/facebook.com\/Indexhu\" target=\"_blank\" rel=\"nofollow noopener\"><\/p>\n<p>        K\u00f6vetem!<br \/>\n    <\/a><\/p>\n","protected":false},"excerpt":{"rendered":"H\u00e9tv\u00e9g\u00e9n ism\u00e9t bek\u00f6lt\u00f6zik a n\u00e9pszer\u0171 tehets\u00e9gkutat\u00f3 az RTL k\u00e9perny\u0151j\u00e9re: szombaton \u00e9s vas\u00e1rnap is az X-Faktor \u00faj \u00e9vada fogja&hellip;\n","protected":false},"author":2,"featured_media":232400,"comment_status":"","ping_status":"","sticky":false,"template":"","format":"standard","meta":{"footnotes":"","_share_on_mastodon":"0"},"categories":[8],"tags":[6396,152,185,23274,42,43,2260,34,1051,27143,18918,1305,94,93,92,1986],"class_list":["post-232399","post","type-post","status-publish","format-standard","has-post-thumbnail","category-vilag","tag-byealex","tag-ce-napi","tag-fomo","tag-gaspar-laci","tag-hungarian","tag-magyar","tag-majka","tag-news","tag-rtl","tag-solere","tag-tehetsegkutato","tag-uj-evad","tag-vilag","tag-world","tag-world-news","tag-x-faktor"],"share_on_mastodon":{"url":"https:\/\/pubeurope.com\/@hu\/117211870585971724","error":""},"_links":{"self":[{"href":"https:\/\/www.europesays.com\/hu\/wp-json\/wp\/v2\/posts\/232399","targetHints":{"allow":["GET"]}}],"collection":[{"href":"https:\/\/www.europesays.com\/hu\/wp-json\/wp\/v2\/posts"}],"about":[{"href":"https:\/\/www.europesays.com\/hu\/wp-json\/wp\/v2\/types\/post"}],"author":[{"embeddable":true,"href":"https:\/\/www.europesays.com\/hu\/wp-json\/wp\/v2\/users\/2"}],"replies":[{"embeddable":true,"href":"https:\/\/www.europesays.com\/hu\/wp-json\/wp\/v2\/comments?post=232399"}],"version-history":[{"count":0,"href":"https:\/\/www.europesays.com\/hu\/wp-json\/wp\/v2\/posts\/232399\/revisions"}],"wp:featuredmedia":[{"embeddable":true,"href":"https:\/\/www.europesays.com\/hu\/wp-json\/wp\/v2\/media\/232400"}],"wp:attachment":[{"href":"https:\/\/www.europesays.com\/hu\/wp-json\/wp\/v2\/media?parent=232399"}],"wp:term":[{"taxonomy":"category","embeddable":true,"href":"https:\/\/www.europesays.com\/hu\/wp-json\/wp\/v2\/categories?post=232399"},{"taxonomy":"post_tag","embeddable":true,"href":"https:\/\/www.europesays.com\/hu\/wp-json\/wp\/v2\/tags?post=232399"}],"curies":[{"name":"wp","href":"https:\/\/api.w.org\/{rel}","templated":true}]}}