{"id":232427,"date":"2026-09-04T09:03:12","date_gmt":"2026-09-04T09:03:12","guid":{"rendered":"https:\/\/www.europesays.com\/hu\/232427\/"},"modified":"2026-09-04T09:03:12","modified_gmt":"2026-09-04T09:03:12","slug":"egyszerre-zuhant-ossze-tobb-ai-szolgaltatas-koztuk-a-gemini-a-chatgpt-es-a-grok-is","status":"publish","type":"post","link":"https:\/\/www.europesays.com\/hu\/232427\/","title":{"rendered":"Egyszerre zuhant \u00f6ssze t\u00f6bb AI-szolg\u00e1ltat\u00e1s, k\u00f6zt\u00fck a Gemini, a ChatGPT \u00e9s a Grok is"},"content":{"rendered":"<p>    <a href=\"https:\/\/www.europesays.com\/hu\/wp-content\/uploads\/2026\/09\/89Mp3qO1416b1nI1CCs.jpeg\" class=\"uwwrama _1chu0ywg _8b6bx65\" rel=\"nofollow\"><\/p>\n<p>  <img decoding=\"async\" loading=\"lazy\" src=\"https:\/\/www.europesays.com\/hu\/wp-content\/uploads\/2026\/09\/89Mp3qO1416b1nI1CCs.jpeg\"   class=\"_672m2jd _1chu0ywo ta3a4c1ey ta3a4c1aa he2knv4 ta3a4c1ey ta3a4czs\" style=\"--_672m2j6:1.50;--_672m2j5:2560px 1707px\" alt=\"\"\/><\/p>\n<p>      <\/a><\/p>\n<p>\n              Fot\u00f3:<br \/>\n                Dongyu Xu\/Tada Images &#8211; stock.adobe.com\n            <\/p>\n<p class=\"\">\n    Vil\u00e1gszerte akadozik vagy egy\u00e1ltal\u00e1n nem m\u0171k\u00f6dik t\u00f6bb meghat\u00e1roz\u00f3 AI-platform, k\u00f6zt\u00fck a ChatGPT, a Grok, valamint a Google-f\u00e9le Gemini sem. T\u00f6bb ezer felhaszn\u00e1l\u00f3 jelezte, hogy gondok vannak a szolg\u00e1ltat\u00e1ssal a <a href=\"https:\/\/status.openai.com\/\" target=\"_blank\" rel=\"nofollow noopener\">Status <\/a>\u00e9s a <a href=\"https:\/\/downdetector.hu\/en\/\" target=\"_blank\" rel=\"nofollow noopener\">DownDetector<\/a> fel\u00fcletein: csak az OpenAI szolg\u00e1ltat\u00e1saival t\u00f6bb mint 40 ezer felhaszn\u00e1l\u00f3nak <a href=\"https:\/\/www.ladbible.com\/technology\/ai-chatgpt-gemini-grok-claude-down-921448-20260903\" target=\"_blank\" rel=\"nofollow noopener\">akad gondja<\/a>.\n  <\/p>\n<p class=\"\">\n    Az OpenAI azt k\u00f6z\u00f6lte, hogy m\u00e1r vizsg\u00e1lj\u00e1k a probl\u00e9m\u00e1t, r\u00f6viddel ezut\u00e1n pedig m\u00e1r azt, hogy megkezd\u0151d\u00f6tt szolg\u00e1ltat\u00e1saik helyre\u00e1ll\u00edt\u00e1sa. A Claude-ot kiad\u00f3 Anthropic szint\u00e9n meger\u0151s\u00edtette, hogy probl\u00e9m\u00e1kkal k\u00fczdenek, a Google pedig azt \u00edrta, hogy a Gemininek a m\u00e1s programokkal val\u00f3 kommunik\u00e1ci\u00f3t seg\u00edt\u0151 API-kulcsaival van baja.\n  <\/p>\n<p class=\"\">\n    Egy gyors g\u00f6rget\u00e9s az X-en pedig arr\u00f3l is tan\u00faskodik: jelenleg el\u00e9g intenz\u00edv tal\u00e1lgat\u00e1s folyik amiatt, hogy mi\u00e9rt nagyj\u00e1b\u00f3l egyid\u0151ben jelentkeztek a probl\u00e9m\u00e1k t\u00f6bb v\u00e1llalatn\u00e1l is. Az \u00e9rintett felhaszn\u00e1l\u00f3k egy r\u00e9sze m\u00e1r fel is k\u00e9sz\u00fclt arra, hogy b\u00e1rmelyik pillanatban bek\u00f6vetkezhet az AI-apokalipszis. Nagy val\u00f3sz\u00edn\u0171s\u00e9ggel ez nem t\u00f6rt\u00e9nik meg, de ha m\u00e9gis: itt olvast\u00e1tok el\u0151sz\u00f6r!\n  <\/p>\n<p lang=\"en\" dir=\"ltr\">astra booted up, spent 30 seconds scanning the internet and wiped out every llm on earth. we literally built Ultron. <a href=\"https:\/\/t.co\/1KmqhrOX3s\" rel=\"nofollow\">pic.twitter.com\/1KmqhrOX3s<\/a><\/p>\n<p>\u2014 Ryan Orhan (@rynorhn) <a href=\"https:\/\/x.com\/rynorhn\/status\/2095532236086874180?ref_src=twsrc%5Etfw\" rel=\"nofollow\">September 3, 2026<\/a><\/p>\n<p>  <script async src=\"https:\/\/platform.twitter.com\/widgets.js\" charset=\"utf-8\"><\/script><\/p>\n","protected":false},"excerpt":{"rendered":"Fot\u00f3: Dongyu Xu\/Tada Images &#8211; stock.adobe.com Vil\u00e1gszerte akadozik vagy egy\u00e1ltal\u00e1n nem m\u0171k\u00f6dik t\u00f6bb meghat\u00e1roz\u00f3 AI-platform, k\u00f6zt\u00fck a ChatGPT,&hellip;\n","protected":false},"author":2,"featured_media":232428,"comment_status":"","ping_status":"","sticky":false,"template":"","format":"standard","meta":{"footnotes":"","_share_on_mastodon":"0"},"categories":[12],"tags":[282,785,4764,610,2181,44,42,40,61316,43,41,1888,121,120,629,125,122,124,123],"class_list":["post-232427","post","type-post","status-publish","format-standard","has-post-thumbnail","category-tudomany-es-technologia","tag-ai","tag-chatgpt","tag-claude","tag-grok","tag-hiba","tag-hu","tag-hungarian","tag-hungary","tag-lehal","tag-magyar","tag-magyarorszag","tag-openai","tag-science","tag-science-technology","tag-tech","tag-technologia","tag-technology","tag-tudomany","tag-tudomany-es-technologia"],"share_on_mastodon":{"url":"https:\/\/pubeurope.com\/@hu\/117211969118814807","error":""},"_links":{"self":[{"href":"https:\/\/www.europesays.com\/hu\/wp-json\/wp\/v2\/posts\/232427","targetHints":{"allow":["GET"]}}],"collection":[{"href":"https:\/\/www.europesays.com\/hu\/wp-json\/wp\/v2\/posts"}],"about":[{"href":"https:\/\/www.europesays.com\/hu\/wp-json\/wp\/v2\/types\/post"}],"author":[{"embeddable":true,"href":"https:\/\/www.europesays.com\/hu\/wp-json\/wp\/v2\/users\/2"}],"replies":[{"embeddable":true,"href":"https:\/\/www.europesays.com\/hu\/wp-json\/wp\/v2\/comments?post=232427"}],"version-history":[{"count":0,"href":"https:\/\/www.europesays.com\/hu\/wp-json\/wp\/v2\/posts\/232427\/revisions"}],"wp:featuredmedia":[{"embeddable":true,"href":"https:\/\/www.europesays.com\/hu\/wp-json\/wp\/v2\/media\/232428"}],"wp:attachment":[{"href":"https:\/\/www.europesays.com\/hu\/wp-json\/wp\/v2\/media?parent=232427"}],"wp:term":[{"taxonomy":"category","embeddable":true,"href":"https:\/\/www.europesays.com\/hu\/wp-json\/wp\/v2\/categories?post=232427"},{"taxonomy":"post_tag","embeddable":true,"href":"https:\/\/www.europesays.com\/hu\/wp-json\/wp\/v2\/tags?post=232427"}],"curies":[{"name":"wp","href":"https:\/\/api.w.org\/{rel}","templated":true}]}}